{"id":57206,"date":"2025-04-27T16:25:15","date_gmt":"2025-04-27T16:25:15","guid":{"rendered":"https:\/\/www.europesays.com\/fr\/57206\/"},"modified":"2025-04-27T16:25:15","modified_gmt":"2025-04-27T16:25:15","slug":"le-reve-brise-de-venelles-elimine-en-demi-finales-apres-une-saison-exceptionnelle","status":"publish","type":"post","link":"https:\/\/www.europesays.com\/fr\/57206\/","title":{"rendered":"le r\u00eave bris\u00e9 de Venelles, \u00e9limin\u00e9 en demi-finales apr\u00e8s une saison exceptionnelle"},"content":{"rendered":"<p>Dans une <a href=\"https:\/\/www.laprovence.com\/article\/sports\/464080216090514\/volley-ligue-feminine-aix-venelles-joue-le-match-qui-peut-lui-offrir-une-finale-historique\" target=\"_blank\" rel=\"noopener\">rencontre \u00e0 la vie \u00e0 la mort<\/a> dans ce 3e et dernier match d&rsquo;une demi-finale serr\u00e9e, les Neptunes de Nantes auront donc eu le dernier mot en s&rsquo;imposant en terre proven\u00e7ale (1-3). Cruelle fin de saison pour les filles du Pays d&rsquo;Aix Venelles qui auront tout donn\u00e9 pour se hisser au sommet. Mais comme en\u00a02016 et\u00a02023, le r\u00eave s&rsquo;est arr\u00eat\u00e9 en demi-finale. Les pleurs des joueuses, le discours poignant au micro devant plus de 550 supporters en fusion de la capitaine Alja Paradizk \u00e0 la fin du match en disaient long sur la d\u00e9ception de cette bande. \u00ab\u00a0On voulait tous vous remercier, vous le public, vous avez \u00e9t\u00e9 l\u00e0 derri\u00e8re nous toute cette saison et vous nous avez donn\u00e9 une force incroyable\u00a0\u00bb.<\/p>\n","protected":false},"excerpt":{"rendered":"Dans une rencontre \u00e0 la vie \u00e0 la mort dans ce 3e et dernier match d&rsquo;une demi-finale serr\u00e9e,&hellip;\n","protected":false},"author":2,"featured_media":57207,"comment_status":"","ping_status":"","sticky":false,"template":"","format":"standard","meta":{"footnotes":""},"categories":[1417],"tags":[17,15301,15303,4283,1011,27,3022,15300,60,15302,1470,1469],"class_list":{"0":"post-57206","1":"post","2":"type-post","3":"status-publish","4":"format-standard","5":"has-post-thumbnail","7":"category-volley","8":"tag-17","9":"tag-brise","10":"tag-elimine","11":"tag-feminine","12":"tag-fr","13":"tag-france","14":"tag-ligue","15":"tag-reve","16":"tag-sports","17":"tag-venelles","18":"tag-volley","19":"tag-volleyball"},"share_on_mastodon":{"url":"https:\/\/pubeurope.com\/@fr\/114410862911653631","error":""},"_links":{"self":[{"href":"https:\/\/www.europesays.com\/fr\/wp-json\/wp\/v2\/posts\/57206","targetHints":{"allow":["GET"]}}],"collection":[{"href":"https:\/\/www.europesays.com\/fr\/wp-json\/wp\/v2\/posts"}],"about":[{"href":"https:\/\/www.europesays.com\/fr\/wp-json\/wp\/v2\/types\/post"}],"author":[{"embeddable":true,"href":"https:\/\/www.europesays.com\/fr\/wp-json\/wp\/v2\/users\/2"}],"replies":[{"embeddable":true,"href":"https:\/\/www.europesays.com\/fr\/wp-json\/wp\/v2\/comments?post=57206"}],"version-history":[{"count":0,"href":"https:\/\/www.europesays.com\/fr\/wp-json\/wp\/v2\/posts\/57206\/revisions"}],"wp:featuredmedia":[{"embeddable":true,"href":"https:\/\/www.europesays.com\/fr\/wp-json\/wp\/v2\/media\/57207"}],"wp:attachment":[{"href":"https:\/\/www.europesays.com\/fr\/wp-json\/wp\/v2\/media?parent=57206"}],"wp:term":[{"taxonomy":"category","embeddable":true,"href":"https:\/\/www.europesays.com\/fr\/wp-json\/wp\/v2\/categories?post=57206"},{"taxonomy":"post_tag","embeddable":true,"href":"https:\/\/www.europesays.com\/fr\/wp-json\/wp\/v2\/tags?post=57206"}],"curies":[{"name":"wp","href":"https:\/\/api.w.org\/{rel}","templated":true}]}}