{"id":572060,"date":"2025-12-02T01:14:47","date_gmt":"2025-12-02T01:14:47","guid":{"rendered":"https:\/\/www.europesays.com\/fr\/572060\/"},"modified":"2025-12-02T01:14:47","modified_gmt":"2025-12-02T01:14:47","slug":"natalia-dyer-nancy-evoque-ce-choix-controverse-de-stranger-things-saison-5","status":"publish","type":"post","link":"https:\/\/www.europesays.com\/fr\/572060\/","title":{"rendered":"Natalia Dyer (Nancy) \u00e9voque ce choix controvers\u00e9 de Stranger Things saison 5"},"content":{"rendered":"<p>Dans <a href=\"https:\/\/www.journaldugeek.com\/critique\/critique-stranger-things-5-partie-1-on-en-attendait-trop\/\" target=\"_blank\" rel=\"false noopener\">sa derni\u00e8re ligne droite<\/a>, Stranger Things ne chute pas. Quelques jours apr\u00e8s le lancement de la saison 5, la s\u00e9rie affiche d\u2019excellentes critiques sur les plateformes de notation am\u00e9ricaines comme Rotten Tomatoes. La s\u00e9rie des fr\u00e8res Duffer continue de faire des heureux avec <strong>91% d\u2019avis positifs<\/strong> pour la presse et <strong>86% pour les spectateurs<\/strong>. Si les louanges pleuvent depuis jeudi, certains d\u00e9tails de l\u2019intrigue chagrinent tout de m\u00eame les fans. C\u2019est particuli\u00e8rement vrai concernant les personnages de Steve, Jonathan et Nancy. L\u2019actrice Natalia Dyer, qui campe l\u2019a\u00een\u00e9e Wheeler depuis la premi\u00e8re saison, livre son sentiment sur l\u2019\u00e9volution de son personnage dans ces quatre premiers \u00e9pisodes.<\/p>\n<p><img loading=\"lazy\" decoding=\"async\" class=\"aligncenter size-full wp-image-50557971\" src=\"https:\/\/www.europesays.com\/fr\/wp-content\/uploads\/2025\/07\/Spoilers-1920-x-300-px-1.jpg\" alt=\"Spoilers (1920 X 300 Px) (1)\" width=\"1920\" height=\"300\"  \/><\/p>\n<p>    <a href=\"https:\/\/www.youtube.com\/user\/JournalduGeek?sub_confirmation=1\" target=\"_blank\" rel=\"nofollow noopener\"><br \/>\n        S&rsquo;abonner \u00e0 Journal du Geek<br \/>\n    <\/a> <\/p>\n<p>Le triangle amoureux Steve, Nancy et Jonathan tourne-t-il en rond\u00a0? L\u2019arc narratif du trio paraissait avoir d\u00e9pass\u00e9 ce stade mais revient \u00e0 ses fondamentaux dans la saison 5. Encore une fois, Nancy se retrouve au centre des rivalit\u00e9s entre les deux hommes, encore une fois<strong>, Jonathan et Steve jouent des coudes pour obtenir son attention<\/strong> et son approbation. Le choix des fr\u00e8res Duffer ne fait pas que des heureux, certains soulignant le caract\u00e8re r\u00e9p\u00e9titif de cette nouvelle intrigue.<\/p>\n<p>Natalia Dyer a \u00e9t\u00e9 invit\u00e9e \u00e0 livrer son sentiment sur le parcours de Nancy. Elle explique que l\u2019h\u00e9ro\u00efne est rong\u00e9e par la culpabilit\u00e9 de ne pas avoir su prot\u00e9ger ses parents autant qu\u2019un vif sentiment d\u2019\u00e9chec. Elle ajoute que la situation entre Jonathan, Steve et Nancy est plus explosive que jamais. \u201c\u00c9videmment, la saison derni\u00e8re, ils ont \u00e9t\u00e9 s\u00e9par\u00e9s pendant longtemps, quand ils se retrouvent, il y a \u00e9norm\u00e9ment de pression et de stress\u201d. Elle ajoute que la situation compliqu\u00e9e \u00e0 Hawkins remet les choses en perspective. \u201cCe qui compte vraiment. Ce qui nous importe, o\u00f9 investir notre \u00e9nergie, ce qui est n\u00e9cessaire. Et je pense que, face \u00e0 la mort et aux monstres, \u00e0 ces \u00e9l\u00e9ments, on grandit\u201d.\u00a0<\/p>\n<p>Selon Dyer, c\u2019est la perspective d\u2019une mort prochaine qui pousse<strong> Steve et Jonathan \u00e0 retrouver cette rivalit\u00e9.<\/strong> Ce d\u00e9veloppement fait aussi \u00e9cho aux \u00e9v\u00e9nements de la saison 4 qui voyait <strong>Steve confier \u00e0 Nancy qu\u2019il continuait de la voir comme son id\u00e9al.<\/strong> Reste \u00e0 voir maintenant comme la deuxi\u00e8me partie navigue entre ses enjeux dramatiques et cette romance. Natalie Dyer a de son c\u00f4t\u00e9 conclu en appuyant sur l\u2019importance qu\u2019a Nancy pour elle. \u201cApr\u00e8s dix ans,\u00a0 on ne peut pas s\u2019emp\u00eacher de s\u2019attaquer \u00e0 ces personnages et \u00e0 leur histoire. On souhaite qu\u2019ils finissent d\u2019une mani\u00e8re qui para\u00eet juste. Pas seulement une version idyllique mais qu\u2019ils obtiennent quelque chose qui soit m\u00e9rit\u00e9, qui ait du sens\u201d.\u00a0<\/p>\n<blockquote>\n<p class=\"text-base text-neutral-700 dark:text-neutral-300\">\ud83d\udfe3 Pour ne manquer aucune news sur le Journal du Geek, abonnez-vous sur <a href=\"https:\/\/news.google.com\/publications\/CAAqBwgKMNr_hAswwYyCAw?hl=fr&amp;gl=FR&amp;ceid=FR%3Afr\" target=\"_blank\" rel=\"noopener\">Google Actualit\u00e9s<\/a> et sur <a href=\"https:\/\/whatsapp.com\/channel\/0029VaClM5y4tRry12tb7D2h\" target=\"_blank\" rel=\"noopener\">notre WhatsApp<\/a>. Et si vous nous adorez, on a <a href=\"https:\/\/www.journaldugeek.com\/newsletter\/\" target=\"_blank\" rel=\"noopener\">une newsletter tous les matins<\/a>.<\/p>\n<\/blockquote>\n","protected":false},"excerpt":{"rendered":"Dans sa derni\u00e8re ligne droite, Stranger Things ne chute pas. Quelques jours apr\u00e8s le lancement de la saison&hellip;\n","protected":false},"author":2,"featured_media":572061,"comment_status":"","ping_status":"","sticky":false,"template":"","format":"standard","meta":{"footnotes":""},"categories":[9635],"tags":[1111,11,1777,674,1011,27,775,1702,127,12,25,19536,68694],"class_list":{"0":"post-572060","1":"post","2":"type-post","3":"status-publish","4":"format-standard","5":"has-post-thumbnail","7":"category-nancy","8":"tag-actu","9":"tag-actualites","10":"tag-eu","11":"tag-europe","12":"tag-fr","13":"tag-france","14":"tag-grand-est","15":"tag-nancy","16":"tag-netflix","17":"tag-news","18":"tag-republique-francaise","19":"tag-stranger-things","20":"tag-stranger-things-saison-5"},"share_on_mastodon":{"url":"https:\/\/pubeurope.com\/@fr\/115647331701521964","error":""},"_links":{"self":[{"href":"https:\/\/www.europesays.com\/fr\/wp-json\/wp\/v2\/posts\/572060","targetHints":{"allow":["GET"]}}],"collection":[{"href":"https:\/\/www.europesays.com\/fr\/wp-json\/wp\/v2\/posts"}],"about":[{"href":"https:\/\/www.europesays.com\/fr\/wp-json\/wp\/v2\/types\/post"}],"author":[{"embeddable":true,"href":"https:\/\/www.europesays.com\/fr\/wp-json\/wp\/v2\/users\/2"}],"replies":[{"embeddable":true,"href":"https:\/\/www.europesays.com\/fr\/wp-json\/wp\/v2\/comments?post=572060"}],"version-history":[{"count":0,"href":"https:\/\/www.europesays.com\/fr\/wp-json\/wp\/v2\/posts\/572060\/revisions"}],"wp:featuredmedia":[{"embeddable":true,"href":"https:\/\/www.europesays.com\/fr\/wp-json\/wp\/v2\/media\/572061"}],"wp:attachment":[{"href":"https:\/\/www.europesays.com\/fr\/wp-json\/wp\/v2\/media?parent=572060"}],"wp:term":[{"taxonomy":"category","embeddable":true,"href":"https:\/\/www.europesays.com\/fr\/wp-json\/wp\/v2\/categories?post=572060"},{"taxonomy":"post_tag","embeddable":true,"href":"https:\/\/www.europesays.com\/fr\/wp-json\/wp\/v2\/tags?post=572060"}],"curies":[{"name":"wp","href":"https:\/\/api.w.org\/{rel}","templated":true}]}}