{"id":572062,"date":"2025-12-02T01:17:16","date_gmt":"2025-12-02T01:17:16","guid":{"rendered":"https:\/\/www.europesays.com\/fr\/572062\/"},"modified":"2025-12-02T01:17:16","modified_gmt":"2025-12-02T01:17:16","slug":"coupe-de-france-la-liste-complete-des-32es-de-finale-sport","status":"publish","type":"post","link":"https:\/\/www.europesays.com\/fr\/572062\/","title":{"rendered":"Coupe de France. La liste compl\u00e8te des 32es de finale . Sport"},"content":{"rendered":"<p>On conna\u00eet toutes les affiches des 32es de finale de la Coupe de France. Au Parc des Princes ce lundi 1er\u00a0d\u00e9cembre, la F\u00e9d\u00e9ration fran\u00e7aise de football a proc\u00e9d\u00e9 au <a href=\"https:\/\/www.ouest-france.fr\/sport\/football\/coupe-de-france\/direct-coupe-de-france-suivez-le-tirage-au-sort-des-32es-de-finale-en-live-554e2abc-55b0-4e18-bd03-f3db40e033f9\" target=\"_self\" rel=\"noopener\">tirage au sort<\/a> et les 64\u00a0formations encore engag\u00e9es sont d\u00e9sormais fix\u00e9es. Parmi les affiches attendues, le PSG se d\u00e9placera chez les amateurs de Vend\u00e9e Fontenay Foot (N3), l\u2019Olympique Lyonnais jouera face au Mont d\u2019Or, pensionnaire de R\u00e9gional 1.<\/p>\n<p>Dans les clubs de l\u2019Ouest, l\u2019US Concarneau (National) recevra le FC Nantes (L1), alors que le Stade Rennais (L1) se d\u00e9place aux Herbiers. Le FC Lorient (L1) jouera face au dernier club ultramarin encore en lice, le club guadeloup\u00e9en de l\u2019AS Gosier de\u00a0Claudio Beauvue (R1).<\/p>\n<p>Les affiches des 32es de finale de la Coupe de France<\/p>\n<p>Groupe A<\/p>\n<p>Mont d\u2019Or (R1) &#8211; Olympique Lyonnais (L1)<\/p>\n<p>Grenoble (L2) &#8211; Nancy (L2)<\/p>\n<p>Bourg-en-Bresse (N1) &#8211; Marseille (L1)<\/p>\n<p>M\u00e9rignac (R1) &#8211; Istres (N2)<\/p>\n<p>Lyon La Duch\u00e8re (N3) &#8211; Toulouse (L1)<\/p>\n<p>Nice (L1) &#8211; Saint-Etienne (L2)<\/p>\n<p>Le Puy Foot (N1) &#8211; Bordeaux (N2)<\/p>\n<p>Auxerre (L1) &#8211; AS Monaco (L1)<\/p>\n<p>FC Bassin d\u2019Arcachon (N3) &#8211; Hauts Lyonnais (N3)<\/p>\n<p>Canet RFC (N3) &#8211; Montpellier (L2)<\/p>\n<p>Groupe B<\/p>\n<p>Freyming (R2) &#8211; Chantilly (N2)<\/p>\n<p>Biesheim (N2) &#8211; FC Metz (L1)<\/p>\n<p>Marcq en Baroeul (R1) &#8211; Troyes (L2)<\/p>\n<p>Stade B\u00e9thunois (R1) &#8211; Sochaux Montb\u00e9liard (N1)<\/p>\n<p>Entente Feignies-Aulnoye (N1) &#8211; RC Lens (L1)<\/p>\n<p>IC Croix (N3) &#8211; Stade de Reims (L2)<\/p>\n<p>Strasbourg (L1) &#8211; Dunkerque (L2)<\/p>\n<p>Raon-l\u2019\u00c9tape (R1) &#8211; Paris FC (L1)<\/p>\n<p>Orl\u00e9ans (N1) &#8211; Dieppe (N2)<\/p>\n<p>Le Havre (L1) &#8211; Amiens (L2)<\/p>\n<p>Saint Maur (N2) &#8211; Lille (L1)<\/p>\n<p>Groupe C<\/p>\n<p>Concarneau (N1) &#8211; Nantes (L1)<\/p>\n<p><strong>Vend\u00e9e Fontenay Foot (N3)<\/strong> &#8211; PSG (L1)<\/p>\n<p>Perigny (R1) &#8211; <strong>Le Mans (L2)<\/strong><\/p>\n<p>Les Herbiers (N2) &#8211; Angers (L1)<\/p>\n<p><strong>Bayeux (R1)<\/strong> &#8211; Blois (N2)<\/p>\n<p>AS Gosier (R1) &#8211; <strong>FC Lorient (L1)<\/strong><\/p>\n<p>Montreuil FC (R1) ou <strong>Granville (N2)<\/strong> &#8211; US Chauvigny (N3)<\/p>\n<p>Les Sables (N3) &#8211; Stade Rennais (L1)<\/p>\n<p><strong>Pontivy (N3)<\/strong> &#8211; Bastia (L2)<\/p>\n<p>Avranches (N2) &#8211; Stade Brestois (L1)<\/p>\n<p>\u00a0<\/p>\n","protected":false},"excerpt":{"rendered":"On conna\u00eet toutes les affiches des 32es de finale de la Coupe de France. Au Parc des Princes&hellip;\n","protected":false},"author":2,"featured_media":572063,"comment_status":"","ping_status":"","sticky":false,"template":"","format":"standard","meta":{"footnotes":""},"categories":[9619],"tags":[1111,11,3809,1465,1777,674,63,1011,27,1792,1922,12,882,25,479,517,2310,1470],"class_list":{"0":"post-572062","1":"post","2":"type-post","3":"status-publish","4":"format-standard","5":"has-post-thumbnail","7":"category-toulon","8":"tag-actu","9":"tag-actualites","10":"tag-ball","11":"tag-basket","12":"tag-eu","13":"tag-europe","14":"tag-football","15":"tag-fr","16":"tag-france","17":"tag-handball","18":"tag-info","19":"tag-news","20":"tag-provence-alpes-cote-dazur","21":"tag-republique-francaise","22":"tag-rugby","23":"tag-sport","24":"tag-toulon","25":"tag-volley"},"share_on_mastodon":{"url":"","error":""},"_links":{"self":[{"href":"https:\/\/www.europesays.com\/fr\/wp-json\/wp\/v2\/posts\/572062","targetHints":{"allow":["GET"]}}],"collection":[{"href":"https:\/\/www.europesays.com\/fr\/wp-json\/wp\/v2\/posts"}],"about":[{"href":"https:\/\/www.europesays.com\/fr\/wp-json\/wp\/v2\/types\/post"}],"author":[{"embeddable":true,"href":"https:\/\/www.europesays.com\/fr\/wp-json\/wp\/v2\/users\/2"}],"replies":[{"embeddable":true,"href":"https:\/\/www.europesays.com\/fr\/wp-json\/wp\/v2\/comments?post=572062"}],"version-history":[{"count":0,"href":"https:\/\/www.europesays.com\/fr\/wp-json\/wp\/v2\/posts\/572062\/revisions"}],"wp:featuredmedia":[{"embeddable":true,"href":"https:\/\/www.europesays.com\/fr\/wp-json\/wp\/v2\/media\/572063"}],"wp:attachment":[{"href":"https:\/\/www.europesays.com\/fr\/wp-json\/wp\/v2\/media?parent=572062"}],"wp:term":[{"taxonomy":"category","embeddable":true,"href":"https:\/\/www.europesays.com\/fr\/wp-json\/wp\/v2\/categories?post=572062"},{"taxonomy":"post_tag","embeddable":true,"href":"https:\/\/www.europesays.com\/fr\/wp-json\/wp\/v2\/tags?post=572062"}],"curies":[{"name":"wp","href":"https:\/\/api.w.org\/{rel}","templated":true}]}}