{"id":572066,"date":"2025-12-02T01:19:18","date_gmt":"2025-12-02T01:19:18","guid":{"rendered":"https:\/\/www.europesays.com\/fr\/572066\/"},"modified":"2025-12-02T01:19:18","modified_gmt":"2025-12-02T01:19:18","slug":"previsions-du-mardi-2-decembre-2025","status":"publish","type":"post","link":"https:\/\/www.europesays.com\/fr\/572066\/","title":{"rendered":"pr\u00e9visions du mardi 2 d\u00e9cembre 2025"},"content":{"rendered":"<p>\u00c0 Montpellier les valeurs iront de 6 \u00e0 11\u00b0C sur l&rsquo;ensemble de la journ\u00e9e. On notera la pr\u00e9sence persistante de nuages le matin. Intemp\u00e9ries : on annonce des pluies \u00e9parses. Les temp\u00e9ratures s&rsquo;\u00e9chelonneront entre 7 et 10\u00b0C. Un vent de nord-est rafra\u00eechira quelque peu l&rsquo;atmosph\u00e8re. Il va falloir \u00eatre pr\u00e9voyant l&rsquo;apr\u00e8s-midi : de l\u00e9g\u00e8res averses auront lieu. Les valeurs seront de 10\u00b0C au plus bas et de 11\u00b0C au plus haut. Il est possible qu&rsquo;il y ait de petites averses le soir. Un ciel l\u00e9g\u00e8rement voil\u00e9 est attendu dans la nuit reliant mardi et mercredi.<\/p>\n<p>La grisaille ne se disperse toujours pas, il y aura encore des nuages demain. Des pluies \u00e9parses vont tomber sur la ville de Montpellier. Une chute du mercure est \u00e0 craindre. Les temp\u00e9ratures seront comprises entre 7 et 9\u00b0C. Un petit vent de nord-ouest sera ressenti par les habitants. Encore de la grisaille le matin. Les nuages vont stationner. Les nuages en pr\u00e9vision demain apr\u00e8s-midi, et un ciel encore gris. Les valeurs afficheront entre 8 et 9\u00b0C. La soir\u00e9e va rester voil\u00e9e \u00e0 cause de nuages qui se maintiennent dans le ciel. Des pluies \u00e9parses sont pr\u00e9vues.<\/p>\n<p>Apr\u00e8s une journ\u00e9e ensoleill\u00e9e jeudi, on pr\u00e9voit une d\u00e9gradation vendredi.<\/p>\n<p><\/p>\n","protected":false},"excerpt":{"rendered":"\u00c0 Montpellier les valeurs iront de 6 \u00e0 11\u00b0C sur l&rsquo;ensemble de la journ\u00e9e. On notera la pr\u00e9sence&hellip;\n","protected":false},"author":2,"featured_media":572067,"comment_status":"","ping_status":"","sticky":false,"template":"","format":"standard","meta":{"footnotes":""},"categories":[9599],"tags":[1111,11,1777,674,1011,27,2208,12,2680,2119,25],"class_list":{"0":"post-572066","1":"post","2":"type-post","3":"status-publish","4":"format-standard","5":"has-post-thumbnail","7":"category-montpellier","8":"tag-actu","9":"tag-actualites","10":"tag-eu","11":"tag-europe","12":"tag-fr","13":"tag-france","14":"tag-montpellier","15":"tag-news","16":"tag-occitanie","17":"tag-previsions-meteo","18":"tag-republique-francaise"},"share_on_mastodon":{"url":"https:\/\/pubeurope.com\/@fr\/115647346295613354","error":""},"_links":{"self":[{"href":"https:\/\/www.europesays.com\/fr\/wp-json\/wp\/v2\/posts\/572066","targetHints":{"allow":["GET"]}}],"collection":[{"href":"https:\/\/www.europesays.com\/fr\/wp-json\/wp\/v2\/posts"}],"about":[{"href":"https:\/\/www.europesays.com\/fr\/wp-json\/wp\/v2\/types\/post"}],"author":[{"embeddable":true,"href":"https:\/\/www.europesays.com\/fr\/wp-json\/wp\/v2\/users\/2"}],"replies":[{"embeddable":true,"href":"https:\/\/www.europesays.com\/fr\/wp-json\/wp\/v2\/comments?post=572066"}],"version-history":[{"count":0,"href":"https:\/\/www.europesays.com\/fr\/wp-json\/wp\/v2\/posts\/572066\/revisions"}],"wp:featuredmedia":[{"embeddable":true,"href":"https:\/\/www.europesays.com\/fr\/wp-json\/wp\/v2\/media\/572067"}],"wp:attachment":[{"href":"https:\/\/www.europesays.com\/fr\/wp-json\/wp\/v2\/media?parent=572066"}],"wp:term":[{"taxonomy":"category","embeddable":true,"href":"https:\/\/www.europesays.com\/fr\/wp-json\/wp\/v2\/categories?post=572066"},{"taxonomy":"post_tag","embeddable":true,"href":"https:\/\/www.europesays.com\/fr\/wp-json\/wp\/v2\/tags?post=572066"}],"curies":[{"name":"wp","href":"https:\/\/api.w.org\/{rel}","templated":true}]}}