{"id":572070,"date":"2025-12-02T01:25:17","date_gmt":"2025-12-02T01:25:17","guid":{"rendered":"https:\/\/www.europesays.com\/fr\/572070\/"},"modified":"2025-12-02T01:25:17","modified_gmt":"2025-12-02T01:25:17","slug":"tout-le-monde-est-malade-abrites-au-siege-de-la-metro-a-grenoble-ils-demandent-la-requisition-de-logements-vides","status":"publish","type":"post","link":"https:\/\/www.europesays.com\/fr\/572070\/","title":{"rendered":"\u00ab\u00a0Tout le monde est malade\u00a0\u00bb : abrit\u00e9s au si\u00e8ge de la M\u00e9tro \u00e0 Grenoble, ils demandent la r\u00e9quisition de logements vides"},"content":{"rendered":"<p>Environ 150 sans-abris sont h\u00e9berg\u00e9s depuis le 19 novembre au si\u00e8ge de la M\u00e9tro \u00e0 Grenoble. Ils d\u00e9crivent une situation sanitaire difficile et demandent avec l&rsquo;appui du Droit Au Logement 38 la r\u00e9quisition de logements vides dans l&rsquo;agglom\u00e9ration. <\/p>\n<p>Ils demandent \u00e0 la mairie de Grenoble de <strong>r\u00e9quisitionner des logements vides<\/strong>, et notamment les chambres de l&rsquo;ancienne cit\u00e9 universitaire du Rabot. Les militants du Droit Au Logement 38 ont organis\u00e9 une manifestation ce lundi 1\u1d49\u02b3 d\u00e9cembre entre le si\u00e8ge de Grenoble Alpes M\u00e9tropole, o\u00f9 sont h\u00e9berg\u00e9es pr\u00e8s de 150 personnes depuis deux semaines, et la mairie.<\/p>\n<p><strong>Environ 200 personnes ont manifest\u00e9<\/strong> pour demander un toit, mais aussi la r\u00e9gularisation des demandes d&rsquo;asile, dans un cort\u00e8ge compos\u00e9 en grande partie des <a class=\"IciLink ici-link IciArticleLink g-ici-body-regular-1 underline brand svelte-1chfe2s\" href=\"https:\/\/www.francebleu.fr\/infos\/societe\/grenoble-plusieurs-dizaines-de-familles-sans-logement-occupent-le-siege-de-la-metropole-3161524\" target=\"_blank\" rel=\"noopener\">sans-abris expuls\u00e9s par le bailleur social Actis de logements exploit\u00e9s par des marchands de sommeil<\/a>\u00a0\u00e0 la Villeneuve, mis \u00e0 l&rsquo;abri au si\u00e8ge de la M\u00e9tro depuis le 19 novembre.<\/p>\n<p>Un risque d&rsquo;\u00e9pid\u00e9mie<\/p>\n<p>Les conditions sont tr\u00e8s difficiles t\u00e9moigne Oumou, aide-soignante. \u00ab\u00a0Les enfants vomissent toute la nuit et se mettent \u00e0 pleurer, \u00e7a peut donner une \u00e9pid\u00e9mie qui est grave.\u00a0\u00bb Elle dort depuis presque deux semaines dans <strong>une salle de r\u00e9union partag\u00e9e avec plus d&rsquo;une centaine de personnes<\/strong>, dont Bangoura. \u00ab\u00a0On dort sur le carreau, \u00e7a va pas bien du tout l\u00e0-bas. Tout le monde est malade l\u00e0-bas, on demande de l&rsquo;aide\u00a0!\u00a0\u00bb<\/p>\n<p> <img decoding=\"async\" src=\"https:\/\/www.europesays.com\/fr\/wp-content\/uploads\/2025\/12\/1764638717_403_1280\" alt=\"illustration agrandir l'image\" style=\"--_image-preview:url('data:image\/jpeg;base64,\/9j\/2wBDACgcHiMeGSgjISMtKygwPGRBPDc3PHtYXUlkkYCZlo+AjIqgtObDoKrarYqMyP\/L2u71\/\/\/\/m8H\/\/\/\/6\/+b9\/\/j\/2wBDASstLTw1PHZBQXb4pYyl+Pj4+Pj4+Pj4+Pj4+Pj4+Pj4+Pj4+Pj4+Pj4+Pj4+Pj4+Pj4+Pj4+Pj4+Pj4+Pj4+Pj\/wAARCAAfACoDASIAAhEBAxEB\/8QAFwABAQEBAAAAAAAAAAAAAAAAAgMBBP\/EABcQAQEBAQAAAAAAAAAAAAAAAAABAhH\/xAAWAQEBAQAAAAAAAAAAAAAAAAABAAL\/xAAWEQEBAQAAAAAAAAAAAAAAAAAAARH\/2gAMAwEAAhEDEQA\/AB1vUpopWSfSgSlCjjeMhLU4Jo5UZTzUFpTieVMs0qQhhMWl\/9k=');\" loading=\"lazy\" fetchpriority=\"low\" class=\"svelte-1cksh76 rounded\" onload=\"this.__e=event\" onerror=\"this.__e=event\"\/> Le cort\u00e8ge est all\u00e9 du si\u00e8ge de la m\u00e9tropole jusqu&rsquo;\u00e0 la mairie de Grenoble, o\u00f9 une d\u00e9l\u00e9gation a \u00e9t\u00e9 re\u00e7ue. \u00a9 Radio France &#8211; No\u00e9mie Philippot  <\/p>\n<p>Manifester tous ensemble donne du courage, mais Abdou, demandeur d&rsquo;asile depuis trois ans en France, a du mal \u00e0 rester optimiste. \u00ab\u00a0On nous dit qu&rsquo;ils vont trouver des solutions, mais jusqu&rsquo;\u00e0 pr\u00e9sent, on est en attente, on a rencontr\u00e9 les maires\u00a0\u00bb raconte-t-il. \u00ab\u00a0On a entendu qu&rsquo;ils ont des b\u00e2timents vides, on les prie de r\u00e9quisitionner ces b\u00e2timents vides-l\u00e0 pour qu&rsquo;on puisse habiter l\u00e0-bas, mais on n&rsquo;a pas beaucoup d&rsquo;espoir.\u00a0\u00bb<\/p>\n<p>Ouvrir l&rsquo;ancienne r\u00e9sidence universitaire du Rabot sur les pentes de la Bastille<\/p>\n<p>Plus de <strong>500 chambres sont vides<\/strong> sur les pentes de la Bastille, dans l&rsquo;ancienne cit\u00e9 universitaire du Rabot selon le DAL38. Pour Mohamed, il faut d&rsquo;urgence ouvrir les portes de ce b\u00e2timent. \u00ab\u00a0L&rsquo;\u00c9tat ne prend pas sa responsabilit\u00e9 pour r\u00e9quisitionner ces b\u00e2timents\u00a0\u00bb regrette ce livreur \u00e0 v\u00e9lo. \u00ab\u00a0Il faut absolument nous entendre, qu&rsquo;ils prennent en compte ces femmes, ces enfants\u00a0! Ce n&rsquo;est pas digne, les droits humains ne sont pas respect\u00e9s\u00a0!\u00a0\u00bb<\/p>\n<p><strong>Une d\u00e9l\u00e9gation a \u00e9t\u00e9 re\u00e7ue par les services de la mairie<\/strong> de Grenoble pour parler de cette id\u00e9e d&rsquo;ouvrir le Rabot. Une nouvelle r\u00e9union entre le DAL38, la mairie et la m\u00e9tropole de Grenoble est pr\u00e9vue jeudi 4 d\u00e9cembre.<\/p>\n","protected":false},"excerpt":{"rendered":"Environ 150 sans-abris sont h\u00e9berg\u00e9s depuis le 19 novembre au si\u00e8ge de la M\u00e9tro \u00e0 Grenoble. Ils d\u00e9crivent&hellip;\n","protected":false},"author":2,"featured_media":572071,"comment_status":"","ping_status":"","sticky":false,"template":"","format":"standard","meta":{"footnotes":""},"categories":[9566],"tags":[1111,11,2430,1777,674,1011,27,2731,12,25],"class_list":{"0":"post-572070","1":"post","2":"type-post","3":"status-publish","4":"format-standard","5":"has-post-thumbnail","7":"category-grenoble","8":"tag-actu","9":"tag-actualites","10":"tag-auvergne-rhone-alpes","11":"tag-eu","12":"tag-europe","13":"tag-fr","14":"tag-france","15":"tag-grenoble","16":"tag-news","17":"tag-republique-francaise"},"share_on_mastodon":{"url":"https:\/\/pubeurope.com\/@fr\/115647370886967761","error":""},"_links":{"self":[{"href":"https:\/\/www.europesays.com\/fr\/wp-json\/wp\/v2\/posts\/572070","targetHints":{"allow":["GET"]}}],"collection":[{"href":"https:\/\/www.europesays.com\/fr\/wp-json\/wp\/v2\/posts"}],"about":[{"href":"https:\/\/www.europesays.com\/fr\/wp-json\/wp\/v2\/types\/post"}],"author":[{"embeddable":true,"href":"https:\/\/www.europesays.com\/fr\/wp-json\/wp\/v2\/users\/2"}],"replies":[{"embeddable":true,"href":"https:\/\/www.europesays.com\/fr\/wp-json\/wp\/v2\/comments?post=572070"}],"version-history":[{"count":0,"href":"https:\/\/www.europesays.com\/fr\/wp-json\/wp\/v2\/posts\/572070\/revisions"}],"wp:featuredmedia":[{"embeddable":true,"href":"https:\/\/www.europesays.com\/fr\/wp-json\/wp\/v2\/media\/572071"}],"wp:attachment":[{"href":"https:\/\/www.europesays.com\/fr\/wp-json\/wp\/v2\/media?parent=572070"}],"wp:term":[{"taxonomy":"category","embeddable":true,"href":"https:\/\/www.europesays.com\/fr\/wp-json\/wp\/v2\/categories?post=572070"},{"taxonomy":"post_tag","embeddable":true,"href":"https:\/\/www.europesays.com\/fr\/wp-json\/wp\/v2\/tags?post=572070"}],"curies":[{"name":"wp","href":"https:\/\/api.w.org\/{rel}","templated":true}]}}