{"id":572078,"date":"2025-12-02T01:30:18","date_gmt":"2025-12-02T01:30:18","guid":{"rendered":"https:\/\/www.europesays.com\/fr\/572078\/"},"modified":"2025-12-02T01:30:18","modified_gmt":"2025-12-02T01:30:18","slug":"previsions-du-mardi-2-decembre-2025-2","status":"publish","type":"post","link":"https:\/\/www.europesays.com\/fr\/572078\/","title":{"rendered":"pr\u00e9visions du mardi 2 d\u00e9cembre 2025"},"content":{"rendered":"<p>Aujourd&rsquo;hui, un ciel avec des \u00e9claircies va peu \u00e0 peu remplacer les nuages \u00e0 Strasbourg. Les temp\u00e9ratures tourneront autour des 4\u00b0C. Les Strasbourgeois vont avoir froid le matin : les temp\u00e9ratures ne vont pas d\u00e9passer 5\u00b0C. Les valeurs afficheront entre 1 et 5\u00b0C. Un vent de sud soufflera un peu, avec 8 km\/h. Les Strasbourgeois vont avoir froid l&rsquo;apr\u00e8s-midi : les temp\u00e9ratures ne vont pas d\u00e9passer 6\u00b0C. Les valeurs s&rsquo;\u00e9chelonneront entre 5 et 6\u00b0C. Un temps voil\u00e9 avec un d\u00e9veloppement de nuages est pr\u00e9vu dans la soir\u00e9e. Il va faire 4\u00b0C en moyenne. Pendant votre sommeil, dans la nuit de mardi \u00e0 mercredi, le ciel sera l\u00e9g\u00e8rement voil\u00e9.<\/p>\n<p>Demain, Strasbourg devra encore patienter avant que les nuages ne se dissipent. C&rsquo;est une hausse de quelques degr\u00e9s que vont enregistrer les temp\u00e9ratures. Le thermom\u00e8tre affichera 5\u00b0C en moyenne. Toujours de la grisaille le matin. De l\u00e9gers nuages vont s&rsquo;attarder. Les temp\u00e9ratures seront comprises entre 4 et 6\u00b0C. Un petit vent de nord-est sera ressenti par les habitants. L&rsquo;apr\u00e8s-midi va rester gris \u00e0 cause de nuages qui se maintiennent dans le ciel. On notera la pr\u00e9sence persistante de nuages demain soir. Un vent d&rsquo;est rafra\u00eechira l\u00e9g\u00e8rement l&rsquo;atmosph\u00e8re.<\/p>\n<p>Une am\u00e9lioration est pr\u00e9vue pour les jours \u00e0 venir. Il fera 4\u00b0C en moyenne pour des journ\u00e9es avec une m\u00e9t\u00e9o ensoleill\u00e9e.<\/p>\n<p><\/p>\n","protected":false},"excerpt":{"rendered":"Aujourd&rsquo;hui, un ciel avec des \u00e9claircies va peu \u00e0 peu remplacer les nuages \u00e0 Strasbourg. Les temp\u00e9ratures tourneront&hellip;\n","protected":false},"author":2,"featured_media":572079,"comment_status":"","ping_status":"","sticky":false,"template":"","format":"standard","meta":{"footnotes":""},"categories":[2820],"tags":[1111,11,1777,674,1011,27,775,12,2119,25,640],"class_list":{"0":"post-572078","1":"post","2":"type-post","3":"status-publish","4":"format-standard","5":"has-post-thumbnail","7":"category-strasbourg","8":"tag-actu","9":"tag-actualites","10":"tag-eu","11":"tag-europe","12":"tag-fr","13":"tag-france","14":"tag-grand-est","15":"tag-news","16":"tag-previsions-meteo","17":"tag-republique-francaise","18":"tag-strasbourg"},"share_on_mastodon":{"url":"https:\/\/pubeurope.com\/@fr\/115647393088794528","error":""},"_links":{"self":[{"href":"https:\/\/www.europesays.com\/fr\/wp-json\/wp\/v2\/posts\/572078","targetHints":{"allow":["GET"]}}],"collection":[{"href":"https:\/\/www.europesays.com\/fr\/wp-json\/wp\/v2\/posts"}],"about":[{"href":"https:\/\/www.europesays.com\/fr\/wp-json\/wp\/v2\/types\/post"}],"author":[{"embeddable":true,"href":"https:\/\/www.europesays.com\/fr\/wp-json\/wp\/v2\/users\/2"}],"replies":[{"embeddable":true,"href":"https:\/\/www.europesays.com\/fr\/wp-json\/wp\/v2\/comments?post=572078"}],"version-history":[{"count":0,"href":"https:\/\/www.europesays.com\/fr\/wp-json\/wp\/v2\/posts\/572078\/revisions"}],"wp:featuredmedia":[{"embeddable":true,"href":"https:\/\/www.europesays.com\/fr\/wp-json\/wp\/v2\/media\/572079"}],"wp:attachment":[{"href":"https:\/\/www.europesays.com\/fr\/wp-json\/wp\/v2\/media?parent=572078"}],"wp:term":[{"taxonomy":"category","embeddable":true,"href":"https:\/\/www.europesays.com\/fr\/wp-json\/wp\/v2\/categories?post=572078"},{"taxonomy":"post_tag","embeddable":true,"href":"https:\/\/www.europesays.com\/fr\/wp-json\/wp\/v2\/tags?post=572078"}],"curies":[{"name":"wp","href":"https:\/\/api.w.org\/{rel}","templated":true}]}}