{"id":572080,"date":"2025-12-02T01:31:18","date_gmt":"2025-12-02T01:31:18","guid":{"rendered":"https:\/\/www.europesays.com\/fr\/572080\/"},"modified":"2025-12-02T01:31:18","modified_gmt":"2025-12-02T01:31:18","slug":"cote-dazur-la-metropole-nicoise-recoit-le-grand-prix-europeen-de-la-proprete","status":"publish","type":"post","link":"https:\/\/www.europesays.com\/fr\/572080\/","title":{"rendered":"C\u00f4te d\u2019Azur. La M\u00e9tropole ni\u00e7oise re\u00e7oit le Grand Prix Europ\u00e9en de la Propret\u00e9\u2026"},"content":{"rendered":"<p style=\"text-align: center;\"><img decoding=\"async\" alt=\"\" src=\"https:\/\/www.europesays.com\/fr\/wp-content\/uploads\/2025\/12\/8610-nice-Trophees.jpg\" title=\"\"\/><\/p>\n<p>La Ville de Nice a accueilli r\u00e9cemment, au Parc Phoenix, les Rencontres europ\u00e9ennes de l\u2019Association des Villes pour la Propret\u00e9 Urbaine (AVPU). Ce rendez-vous, d\u00e9di\u00e9 \u00e0 la qualit\u00e9 de l\u2019espace public, a mis en lumi\u00e8re les initiatives exemplaires engag\u00e9es en faveur de la propret\u00e9 urbaine, avec notamment la remise des premiers Troph\u00e9es europ\u00e9ens de la Propret\u00e9, une distinction in\u00e9dite \u00e0 l\u2019\u00e9chelle du continent. L\u2019\u00e9v\u00e9nement a r\u00e9uni des repr\u00e9sentants de neuf pays\u00a0: la France, l\u2019Allemagne, la Belgique, le Danemark, l\u2019Espagne, l\u2019Italie, le Portugal, le Royaume-Uni et la Su\u00e8de.<\/p>\n<p>Nice s\u2019est impos\u00e9e pour accueillir ce rendez-vous international. R\u00e9compens\u00e9e en 2022 par la 5e \u00e9toile du label EcoPropre &#8211; la plus haute distinction attribu\u00e9e par l\u2019association &#8211; elle demeure aujourd\u2019hui la seule grande ville de France de plus de 200 000 habitants \u00e0 avoir atteint ce niveau. \u00c0 l\u2019occasion de ces Rencontres, la M\u00e9tropole Nice C\u00f4te d\u2019Azur et la Ville de Nice ont re\u00e7u deux r\u00e9compenses\u00a0: le Grand Prix d\u2019Europe 2025 et le Grand Prix d\u2019Honneur 2025. Des distinctions qui viennent salue l\u2019ensemble des actions men\u00e9es pour renforcer la propret\u00e9 et l\u2019embellissement de l\u2019espace public. Pour rappel, Nice avait d\u00e9j\u00e0 \u00e9t\u00e9 r\u00e9compens\u00e9e par l\u2019AVPU, avec un 1er Grand Prix national en 2022, en mati\u00e8re de communication, et le 2e Grand Prix en 2021 lors des troph\u00e9es fran\u00e7ais de la propret\u00e9.<\/p>\n<ul>\n<li>Cr\u00e9\u00e9e en 2010, l\u2019AVPU r\u00e9unit \u00e9lus et agents des collectivit\u00e9s territoriales autour d\u2019une r\u00e9flexion commune sur l\u2019am\u00e9lioration de la propret\u00e9 urbaine et sur la valorisation de cette d\u00e9marche aupr\u00e8s des citoyens.<\/li>\n<\/ul>\n","protected":false},"excerpt":{"rendered":"La Ville de Nice a accueilli r\u00e9cemment, au Parc Phoenix, les Rencontres europ\u00e9ennes de l\u2019Association des Villes pour&hellip;\n","protected":false},"author":2,"featured_media":572081,"comment_status":"","ping_status":"","sticky":false,"template":"","format":"standard","meta":{"footnotes":""},"categories":[2819],"tags":[1111,47,11,1777,674,1011,27,1110,1031,12,2401,882,25],"class_list":{"0":"post-572080","1":"post","2":"type-post","3":"status-publish","4":"format-standard","5":"has-post-thumbnail","7":"category-nice","8":"tag-actu","9":"tag-actualite","10":"tag-actualites","11":"tag-eu","12":"tag-europe","13":"tag-fr","14":"tag-france","15":"tag-informations","16":"tag-magazine","17":"tag-news","18":"tag-nice","19":"tag-provence-alpes-cote-dazur","20":"tag-republique-francaise"},"share_on_mastodon":{"url":"https:\/\/pubeurope.com\/@fr\/115647393754121204","error":""},"_links":{"self":[{"href":"https:\/\/www.europesays.com\/fr\/wp-json\/wp\/v2\/posts\/572080","targetHints":{"allow":["GET"]}}],"collection":[{"href":"https:\/\/www.europesays.com\/fr\/wp-json\/wp\/v2\/posts"}],"about":[{"href":"https:\/\/www.europesays.com\/fr\/wp-json\/wp\/v2\/types\/post"}],"author":[{"embeddable":true,"href":"https:\/\/www.europesays.com\/fr\/wp-json\/wp\/v2\/users\/2"}],"replies":[{"embeddable":true,"href":"https:\/\/www.europesays.com\/fr\/wp-json\/wp\/v2\/comments?post=572080"}],"version-history":[{"count":0,"href":"https:\/\/www.europesays.com\/fr\/wp-json\/wp\/v2\/posts\/572080\/revisions"}],"wp:featuredmedia":[{"embeddable":true,"href":"https:\/\/www.europesays.com\/fr\/wp-json\/wp\/v2\/media\/572081"}],"wp:attachment":[{"href":"https:\/\/www.europesays.com\/fr\/wp-json\/wp\/v2\/media?parent=572080"}],"wp:term":[{"taxonomy":"category","embeddable":true,"href":"https:\/\/www.europesays.com\/fr\/wp-json\/wp\/v2\/categories?post=572080"},{"taxonomy":"post_tag","embeddable":true,"href":"https:\/\/www.europesays.com\/fr\/wp-json\/wp\/v2\/tags?post=572080"}],"curies":[{"name":"wp","href":"https:\/\/api.w.org\/{rel}","templated":true}]}}