{"id":572082,"date":"2025-12-02T01:33:16","date_gmt":"2025-12-02T01:33:16","guid":{"rendered":"https:\/\/www.europesays.com\/fr\/572082\/"},"modified":"2025-12-02T01:33:16","modified_gmt":"2025-12-02T01:33:16","slug":"previsions-du-mardi-2-decembre-2025-3","status":"publish","type":"post","link":"https:\/\/www.europesays.com\/fr\/572082\/","title":{"rendered":"pr\u00e9visions du mardi 2 d\u00e9cembre 2025"},"content":{"rendered":"<p>C&rsquo;est un soleil splendide qui va se montrer aujourd&rsquo;hui sur Nice. Les temp\u00e9ratures afficheront entre 7 et 11\u00b0C. Les valeurs seront comprises entre 7\u00b0C et 11\u00b0C dans la matin\u00e9e. Un vent de nord-ouest rafra\u00eechira quelque peu l&rsquo;atmosph\u00e8re. Les temp\u00e9ratures s&rsquo;\u00e9chelonneront entre 10 et 11\u00b0C l&rsquo;apr\u00e8s-midi. On pr\u00e9voit des \u00e9claircies pour cette soir\u00e9e. On passera de mardi \u00e0 mercredi par une nuit claire.<\/p>\n<p>Demain, Nice devra encore attendre avant que les nuages ne se dissipent. Une m\u00e9t\u00e9o plus chaude est \u00e0 pr\u00e9voir \u00e9tant donn\u00e9 que le mercure va enregistrer une augmentation. Les valeurs afficheront entre 9 et 11\u00b0C. Une modeste brise de nord-est sera ressentie par les habitants. De l\u00e9gers nuages en pr\u00e9vision le matin, et un ciel encore gris. Les maximales pourront atteindre 11\u00b0C et les minimales seront de 9\u00b0C. On notera la pr\u00e9sence persistante de nuages demain apr\u00e8s-midi. Du mauvais temps est \u00e0 pr\u00e9voir. Des pluies \u00e9parses vont tomber. Les temp\u00e9ratures s&rsquo;\u00e9chelonneront de 10 \u00e0 11\u00b0C. De la bruine est pr\u00e9vue dans la soir\u00e9e. Le thermom\u00e8tre affichera 10\u00b0C en moyenne.<\/p>\n<p>Le temps des journ\u00e9es suivantes va \u00e9voluer progressivement. M\u00eame si le mauvais temps persistera un peu jeudi, il faut pr\u00e9voir une am\u00e9lioration par la suite.<\/p>\n<p><\/p>\n","protected":false},"excerpt":{"rendered":"C&rsquo;est un soleil splendide qui va se montrer aujourd&rsquo;hui sur Nice. Les temp\u00e9ratures afficheront entre 7 et 11\u00b0C.&hellip;\n","protected":false},"author":2,"featured_media":572083,"comment_status":"","ping_status":"","sticky":false,"template":"","format":"standard","meta":{"footnotes":""},"categories":[2819],"tags":[1111,11,1777,674,1011,27,12,2401,2119,882,25],"class_list":{"0":"post-572082","1":"post","2":"type-post","3":"status-publish","4":"format-standard","5":"has-post-thumbnail","7":"category-nice","8":"tag-actu","9":"tag-actualites","10":"tag-eu","11":"tag-europe","12":"tag-fr","13":"tag-france","14":"tag-news","15":"tag-nice","16":"tag-previsions-meteo","17":"tag-provence-alpes-cote-dazur","18":"tag-republique-francaise"},"share_on_mastodon":{"url":"https:\/\/pubeurope.com\/@fr\/115647402038876742","error":""},"_links":{"self":[{"href":"https:\/\/www.europesays.com\/fr\/wp-json\/wp\/v2\/posts\/572082","targetHints":{"allow":["GET"]}}],"collection":[{"href":"https:\/\/www.europesays.com\/fr\/wp-json\/wp\/v2\/posts"}],"about":[{"href":"https:\/\/www.europesays.com\/fr\/wp-json\/wp\/v2\/types\/post"}],"author":[{"embeddable":true,"href":"https:\/\/www.europesays.com\/fr\/wp-json\/wp\/v2\/users\/2"}],"replies":[{"embeddable":true,"href":"https:\/\/www.europesays.com\/fr\/wp-json\/wp\/v2\/comments?post=572082"}],"version-history":[{"count":0,"href":"https:\/\/www.europesays.com\/fr\/wp-json\/wp\/v2\/posts\/572082\/revisions"}],"wp:featuredmedia":[{"embeddable":true,"href":"https:\/\/www.europesays.com\/fr\/wp-json\/wp\/v2\/media\/572083"}],"wp:attachment":[{"href":"https:\/\/www.europesays.com\/fr\/wp-json\/wp\/v2\/media?parent=572082"}],"wp:term":[{"taxonomy":"category","embeddable":true,"href":"https:\/\/www.europesays.com\/fr\/wp-json\/wp\/v2\/categories?post=572082"},{"taxonomy":"post_tag","embeddable":true,"href":"https:\/\/www.europesays.com\/fr\/wp-json\/wp\/v2\/tags?post=572082"}],"curies":[{"name":"wp","href":"https:\/\/api.w.org\/{rel}","templated":true}]}}