{"id":572084,"date":"2025-12-02T01:34:29","date_gmt":"2025-12-02T01:34:29","guid":{"rendered":"https:\/\/www.europesays.com\/fr\/572084\/"},"modified":"2025-12-02T01:34:29","modified_gmt":"2025-12-02T01:34:29","slug":"je-naurais-jamais-mis-les-pieds-dans-une-rave-illegale-cette-soiree-reunit","status":"publish","type":"post","link":"https:\/\/www.europesays.com\/fr\/572084\/","title":{"rendered":"\u00ab\u00a0Je n\u2019aurais jamais mis les pieds dans une rave ill\u00e9gale\u00a0\u00bb\u00a0: cette soir\u00e9e r\u00e9unit"},"content":{"rendered":"<p>Un roulement toutes les heures des DJ au platine. Des jeux de lumi\u00e8re et de la fum\u00e9e pour se mettre dans l\u2019ambiance. Des caissons qui font vibrer les murs du parc des expositions d\u2019Angers (Maine-et-Loire). C\u2019est le cocktail pr\u00e9par\u00e9 par le collectif la Bringue, <a href=\"https:\/\/angers.maville.com\/actu\/actudet_-a-angers-la-rave-party-rassemble-7-000-personnes-des-debordements-constates-par-la-police-_9-6964559_actu.Htm\" target=\"_self\" rel=\"noopener\">organisateur de soir\u00e9e techno l\u00e9gale<\/a> en France, pour les 8\u00a0000\u00a0personnes venues faire la f\u00eate de 22\u00a0h \u00e0 6\u00a0h du matin ce samedi 29\u00a0novembre.<\/p>\n<p>Apr\u00e8s des soir\u00e9es au Z\u00e9nith de Nantes ou encore au V and B Fest, le collectif a investi les 4\u00a0500\u00a0m\u00b2 du parc des Expositions d\u2019Angers pour une deuxi\u00e8me \u00e9dition. <strong>\u00ab\u00a0Il y avait un village avec des food-trucks, des stands de tatouage, ainsi qu\u2019une terrasse pour prendre l\u2019air\u00a0\u00bb<\/strong>, raconte Esteban Haie, chef de projet de la soir\u00e9e. Le concept cartonne. Tellement qu\u2019il a provoqu\u00e9 <strong>\u00ab\u00a0un sold out <\/strong>(complet, ndlr)<strong> de la billetterie\u00a0un mois avant la soir\u00e9e\u00a0\u00bb<\/strong>.<\/p>\n<p>Parmi les participants, on retrouve Alex, habitu\u00e9 des soir\u00e9es hard technos. Celui qui se qualifie comme<strong> \u00ab\u00a0un grand fan\u00a0\u00bb<\/strong> conna\u00eet<strong> \u00ab\u00a0tous les artistes sur sc\u00e8ne\u00a0\u00bb<\/strong>. Et d\u2019autres, comme Margaux, sont venus<strong> \u00ab\u00a0pour d\u00e9couvrir un nouvel univers\u00a0\u00bb.<\/strong>\u00a0<\/p>\n<p>Comment expliquer un tel engouement pour ces soir\u00e9es\u00a0? Alex et Margaux mettent en avant la s\u00e9curit\u00e9. Ils s\u2019y sentent bien. <strong>\u00ab\u00a0Je n\u2019aurais jamais mis les pieds dans une rave ill\u00e9gale\u00a0\u00bb<\/strong> confie d\u2019ailleurs Margaux.<\/p>\n<p><strong>Lire aussi\u00a0:<a href=\"https:\/\/angers.maville.com\/actu\/actudet_-un-investissement-de-plus-d-un-million-d-euros-prevu-au-parc-des-expositions-a-angers-_9-7064931_actu.Htm\" target=\"_self\" rel=\"noopener\">\u00a0<\/a> <\/strong> <a href=\"https:\/\/angers.maville.com\/actu\/actudet_-un-investissement-de-plus-d-un-million-d-euros-prevu-au-parc-des-expositions-a-angers-_9-7064931_actu.Htm\" target=\"_self\" rel=\"noopener\">Un investissement de plus d\u2019un million d\u2019euros pr\u00e9vu au parc des expositions \u00e0 Angers<\/a><\/p>\n<p> \u00ab\u00a0Trop de monde, \u00e7a peut conduire \u00e0 des d\u00e9gradations\u00a0\u00bb<\/p>\n<p>Le collectif met un point d\u2019honneur \u00e0 cr\u00e9er des <strong>\u00ab\u00a0soir\u00e9es bienveillantes, o\u00f9 les personnes se sentent libres\u00a0\u00bb.<\/strong> Pour cela, un dispositif complet a \u00e9t\u00e9 mis en place, de l\u2019arriv\u00e9e au d\u00e9part des raveurs.<strong> \u00ab\u00a0Des navettes sont propos\u00e9es et\u00a0cent personnes ont \u00e9t\u00e9 mobilis\u00e9es, dont les b\u00e9n\u00e9voles de la Protection Civile et des associations de pr\u00e9vention comme la Brigade SAFE qui distribue des \u00e9thylotests\u00a0\u00bb,<\/strong> \u00e9num\u00e8re Esteban Haie. Un bon d\u00e9roulement observ\u00e9 par les forces de l\u2019ordre qui rel\u00e8vent toutefois quelques pratiques dangereuses de pi\u00e9tons, engag\u00e9s dans une travers\u00e9e p\u00e9rilleuse de la 2&#215;2 voies.<\/p>\n<p>La soir\u00e9e a permis d\u2019accueillir des artistes internationaux comme Hysta ou Holy Priest, DJ hardcore &#8211; num\u00e9ro\u00a01 mondial &#8211; mais \u00e9galement des artistes locaux r\u00e9sidents de La Bringue comme\u00a0BET\u00cfSES ou EVN. <strong>\u00ab\u00a0Avoir des artistes connus permet d\u2019attirer des personnes de tous les horizons\u00a0\u00bb,<\/strong> explique Alex, qui esp\u00e8re que <strong>\u00ab\u00a0\u00e7a ne va pas faire perdre l\u2019\u00e2me, les valeurs et l\u2019ambiance de la rave. Trop de monde, \u00e7a peut conduire \u00e0 des d\u00e9gradations\u00a0\u00bb<\/strong>.\u00a0C\u2019est pourquoi l\u2019\u00e9v\u00e9nement est tr\u00e8s encadr\u00e9.<strong> \u00ab\u00a0La soir\u00e9e est interdite aux mineurs car il y a de l\u2019alcool\u00a0\u00bb<\/strong>, pr\u00e9cise l\u2019organisateur.<\/p>\n<p>\u00a0<\/p>\n","protected":false},"excerpt":{"rendered":"Un roulement toutes les heures des DJ au platine. Des jeux de lumi\u00e8re et de la fum\u00e9e pour&hellip;\n","protected":false},"author":2,"featured_media":572085,"comment_status":"","ping_status":"","sticky":false,"template":"","format":"standard","meta":{"footnotes":""},"categories":[2818],"tags":[6541,15765,1111,11,1777,674,42536,1011,27,29186,5776,13291,18360,766,12,2636,19132,38544,25,19934,4937,953],"class_list":{"0":"post-572084","1":"post","2":"type-post","3":"status-publish","4":"format-standard","5":"has-post-thumbnail","7":"category-nantes","8":"tag-6541","9":"tag-15765","10":"tag-actu","11":"tag-actualites","12":"tag-eu","13":"tag-europe","14":"tag-fetards","15":"tag-fr","16":"tag-france","17":"tag-illegale","18":"tag-jamais","19":"tag-maine-et-loire","20":"tag-mis","21":"tag-nantes","22":"tag-news","23":"tag-pays-de-la-loire","24":"tag-pieds","25":"tag-rave","26":"tag-republique-francaise","27":"tag-reunit","28":"tag-saint-brieuc","29":"tag-soiree"},"share_on_mastodon":{"url":"https:\/\/pubeurope.com\/@fr\/115647405387734304","error":""},"_links":{"self":[{"href":"https:\/\/www.europesays.com\/fr\/wp-json\/wp\/v2\/posts\/572084","targetHints":{"allow":["GET"]}}],"collection":[{"href":"https:\/\/www.europesays.com\/fr\/wp-json\/wp\/v2\/posts"}],"about":[{"href":"https:\/\/www.europesays.com\/fr\/wp-json\/wp\/v2\/types\/post"}],"author":[{"embeddable":true,"href":"https:\/\/www.europesays.com\/fr\/wp-json\/wp\/v2\/users\/2"}],"replies":[{"embeddable":true,"href":"https:\/\/www.europesays.com\/fr\/wp-json\/wp\/v2\/comments?post=572084"}],"version-history":[{"count":0,"href":"https:\/\/www.europesays.com\/fr\/wp-json\/wp\/v2\/posts\/572084\/revisions"}],"wp:featuredmedia":[{"embeddable":true,"href":"https:\/\/www.europesays.com\/fr\/wp-json\/wp\/v2\/media\/572085"}],"wp:attachment":[{"href":"https:\/\/www.europesays.com\/fr\/wp-json\/wp\/v2\/media?parent=572084"}],"wp:term":[{"taxonomy":"category","embeddable":true,"href":"https:\/\/www.europesays.com\/fr\/wp-json\/wp\/v2\/categories?post=572084"},{"taxonomy":"post_tag","embeddable":true,"href":"https:\/\/www.europesays.com\/fr\/wp-json\/wp\/v2\/tags?post=572084"}],"curies":[{"name":"wp","href":"https:\/\/api.w.org\/{rel}","templated":true}]}}