{"id":572088,"date":"2025-12-02T01:36:25","date_gmt":"2025-12-02T01:36:25","guid":{"rendered":"https:\/\/www.europesays.com\/fr\/572088\/"},"modified":"2025-12-02T01:36:25","modified_gmt":"2025-12-02T01:36:25","slug":"la-nouvelle-mosquee-inauguree-une-source-de-paix-et-de-fraternite-pour-la-ville","status":"publish","type":"post","link":"https:\/\/www.europesays.com\/fr\/572088\/","title":{"rendered":"la nouvelle mosqu\u00e9e inaugur\u00e9e, \u00ab\u00a0une source de paix et de fraternit\u00e9\u00a0\u00bb pour la ville"},"content":{"rendered":"<p>Depuis l\u2019achat du terrain en 2010, c\u2019est la concr\u00e9tisation d\u2019un chantier d\u2019envergure et le fruit, aussi, d\u2019une quinzaine d\u2019ann\u00e9es de proc\u00e9dures face aux recours (jusqu\u2019au Conseil d\u2019\u00c9tat) d\u2019une association de riverains.<\/p>\n<p>        <img decoding=\"async\" id=\"26928957\" src=\"https:\/\/www.europesays.com\/fr\/wp-content\/uploads\/2025\/12\/20251201142528-davt7996.jpg\" alt=\"L\u2019accueil des personnalit\u00e9s et des membres de l\u2019association des musulmans de Talence par l\u2019imam Sa\u00efd Charkaoui.\" itemprop=\"contentURL\"\/><\/p>\n<p>    L\u2019accueil des personnalit\u00e9s et des membres de l\u2019association des musulmans de Talence par l\u2019imam Sa\u00efd Charkaoui.<\/p>\n<p>Thierry David\u00a0\/\u00a0SO<\/p>\n<p>Tout cela, le pr\u00e9sident de l\u2019AMT Mohamed Boultam l\u2019a rappel\u00e9 dans un discours \u00e9mu et dont chaque mot r\u00e9sonnait au-del\u00e0 des murs du lieu\u00a0: \u00ab\u00a0Cette mosqu\u00e9e est avant tout un lieu de culte mais aussi de rassemblement, de spiritualit\u00e9, d\u2019\u00e9ducation, d\u2019accompagnement et de r\u00e9gulation sociale. Nous sommes fiers de cette mosqu\u00e9e ancr\u00e9e dans le territoire et ouverte au vivre ensemble. Notre objectif est clair\u00a0: qu\u2019elle soit une source de paix et de fraternit\u00e9 pour Talence.\u00a0\u00bb<\/p>\n<p>\u00ab\u00a0Un message de confiance\u00a0\u00bb<\/p>\n<p>Cette ouverture \u00e0 la vie sociale et aux autres communaut\u00e9s religieuses de Talence, pr\u00e9sentes ce lundi, c\u2019est ce que retenait aussi le maire Emmanuel Sallaberry qui a salu\u00e9 dans son intervention \u00ab\u00a0un message de confiance envoy\u00e9 par la communaut\u00e9 musulmane \u00e0 l\u2019ensemble des habitants, d\u2019ouverture adress\u00e9 \u00e0 la R\u00e9publique et d\u2019avenir transmis aux jeunes g\u00e9n\u00e9rations\u00a0\u00bb.<\/p>\n<p>        <img decoding=\"async\" id=\"26928964\" src=\"https:\/\/www.europesays.com\/fr\/wp-content\/uploads\/2025\/12\/20251201142530-davt85.jpg\" alt=\"Lors de l\u2019inauguration de la nouvelle mosqu\u00e9e de Talence.\" itemprop=\"contentURL\"\/><\/p>\n<p>    Lors de l\u2019inauguration de la nouvelle mosqu\u00e9e de Talence.<\/p>\n<p>Thierry David\u00a0\/\u00a0SO<\/p>\n<p>Adil Nahili, le pr\u00e9sident de l\u2019association Le Collectif des parents (ACP), qui s\u2019occupe du versant social des activit\u00e9s de la communaut\u00e9 musulmane de Talence, a lui rappel\u00e9 le long chemin pour mener \u00e0 bien la construction du b\u00e2timent, qui pourra accueillir jusqu\u2019\u00e0 650\u00a0fid\u00e8les sur deux niveaux.<\/p>\n","protected":false},"excerpt":{"rendered":"Depuis l\u2019achat du terrain en 2010, c\u2019est la concr\u00e9tisation d\u2019un chantier d\u2019envergure et le fruit, aussi, d\u2019une quinzaine&hellip;\n","protected":false},"author":2,"featured_media":572089,"comment_status":"","ping_status":"","sticky":false,"template":"","format":"standard","meta":{"footnotes":""},"categories":[2817],"tags":[1111,11,1997,1777,674,1011,27,12,2219,25],"class_list":{"0":"post-572088","1":"post","2":"type-post","3":"status-publish","4":"format-standard","5":"has-post-thumbnail","7":"category-bordeaux","8":"tag-actu","9":"tag-actualites","10":"tag-bordeaux","11":"tag-eu","12":"tag-europe","13":"tag-fr","14":"tag-france","15":"tag-news","16":"tag-nouvelle-aquitaine","17":"tag-republique-francaise"},"share_on_mastodon":{"url":"https:\/\/pubeurope.com\/@fr\/115647413925786692","error":""},"_links":{"self":[{"href":"https:\/\/www.europesays.com\/fr\/wp-json\/wp\/v2\/posts\/572088","targetHints":{"allow":["GET"]}}],"collection":[{"href":"https:\/\/www.europesays.com\/fr\/wp-json\/wp\/v2\/posts"}],"about":[{"href":"https:\/\/www.europesays.com\/fr\/wp-json\/wp\/v2\/types\/post"}],"author":[{"embeddable":true,"href":"https:\/\/www.europesays.com\/fr\/wp-json\/wp\/v2\/users\/2"}],"replies":[{"embeddable":true,"href":"https:\/\/www.europesays.com\/fr\/wp-json\/wp\/v2\/comments?post=572088"}],"version-history":[{"count":0,"href":"https:\/\/www.europesays.com\/fr\/wp-json\/wp\/v2\/posts\/572088\/revisions"}],"wp:featuredmedia":[{"embeddable":true,"href":"https:\/\/www.europesays.com\/fr\/wp-json\/wp\/v2\/media\/572089"}],"wp:attachment":[{"href":"https:\/\/www.europesays.com\/fr\/wp-json\/wp\/v2\/media?parent=572088"}],"wp:term":[{"taxonomy":"category","embeddable":true,"href":"https:\/\/www.europesays.com\/fr\/wp-json\/wp\/v2\/categories?post=572088"},{"taxonomy":"post_tag","embeddable":true,"href":"https:\/\/www.europesays.com\/fr\/wp-json\/wp\/v2\/tags?post=572088"}],"curies":[{"name":"wp","href":"https:\/\/api.w.org\/{rel}","templated":true}]}}