{"id":572090,"date":"2025-12-02T01:37:12","date_gmt":"2025-12-02T01:37:12","guid":{"rendered":"https:\/\/www.europesays.com\/fr\/572090\/"},"modified":"2025-12-02T01:37:12","modified_gmt":"2025-12-02T01:37:12","slug":"previsions-du-mardi-2-decembre-2025-5","status":"publish","type":"post","link":"https:\/\/www.europesays.com\/fr\/572090\/","title":{"rendered":"pr\u00e9visions du mardi 2 d\u00e9cembre 2025"},"content":{"rendered":"<p>Il va faire en moyenne 9\u00b0C \u00e0 Bordeaux, aujourd&rsquo;hui. On observera la pr\u00e9sence persistante de nuages le matin. Intemp\u00e9ries : on pr\u00e9voit de la pluie. On pr\u00e9voit des temp\u00e9ratures avoisinant 8\u00b0C. Un l\u00e9ger vent de sud-ouest soufflera. Il sera compliqu\u00e9 de rester au sec car de la pluie est annonc\u00e9e dans l&rsquo;apr\u00e8s-midi. Les valeurs afficheront entre 9 et 10\u00b0C. Dans la soir\u00e9e, de petites averses seront possibles. Un ciel pluvieux est \u00e0 pr\u00e9voir dans la nuit entre mardi et mercredi.<\/p>\n<p>Les nuages en pr\u00e9vision demain, \u00e0 Bordeaux, et un ciel encore maussade. Il va pleuvoir. Le mercure affichera 9\u00b0C en moyenne. Dans la matin\u00e9e, le brouillard sera assez install\u00e9. Il fera 8\u00b0C en moyenne. Une petite brise de sud-ouest sera ressentie par les habitants. Encore de la grisaille demain apr\u00e8s-midi. Les nuages vont s&rsquo;attarder. Les maximales iront jusqu&rsquo;\u00e0 12\u00b0C et les minimales seront de 8\u00b0C. Le ciel sera relativement lumineux, avec quelques \u00e9claircies demain soir. Les temp\u00e9ratures tourneront autour des 7\u00b0C. Un vent de sud-ouest soufflera un peu, avec 6 km\/h.<\/p>\n<p>Les conditions m\u00e9t\u00e9orologiques des jours qui suivent vont changer progressivement. M\u00eame si le mauvais temps se maintiendra quelque peu jeudi, il faut s&rsquo;attendre \u00e0 une am\u00e9lioration par la suite.<\/p>\n<p><\/p>\n","protected":false},"excerpt":{"rendered":"Il va faire en moyenne 9\u00b0C \u00e0 Bordeaux, aujourd&rsquo;hui. On observera la pr\u00e9sence persistante de nuages le matin.&hellip;\n","protected":false},"author":2,"featured_media":572091,"comment_status":"","ping_status":"","sticky":false,"template":"","format":"standard","meta":{"footnotes":""},"categories":[2817],"tags":[1111,11,1997,1777,674,1011,27,12,2219,2119,25],"class_list":{"0":"post-572090","1":"post","2":"type-post","3":"status-publish","4":"format-standard","5":"has-post-thumbnail","7":"category-bordeaux","8":"tag-actu","9":"tag-actualites","10":"tag-bordeaux","11":"tag-eu","12":"tag-europe","13":"tag-fr","14":"tag-france","15":"tag-news","16":"tag-nouvelle-aquitaine","17":"tag-previsions-meteo","18":"tag-republique-francaise"},"share_on_mastodon":{"url":"https:\/\/pubeurope.com\/@fr\/115647417113620899","error":""},"_links":{"self":[{"href":"https:\/\/www.europesays.com\/fr\/wp-json\/wp\/v2\/posts\/572090","targetHints":{"allow":["GET"]}}],"collection":[{"href":"https:\/\/www.europesays.com\/fr\/wp-json\/wp\/v2\/posts"}],"about":[{"href":"https:\/\/www.europesays.com\/fr\/wp-json\/wp\/v2\/types\/post"}],"author":[{"embeddable":true,"href":"https:\/\/www.europesays.com\/fr\/wp-json\/wp\/v2\/users\/2"}],"replies":[{"embeddable":true,"href":"https:\/\/www.europesays.com\/fr\/wp-json\/wp\/v2\/comments?post=572090"}],"version-history":[{"count":0,"href":"https:\/\/www.europesays.com\/fr\/wp-json\/wp\/v2\/posts\/572090\/revisions"}],"wp:featuredmedia":[{"embeddable":true,"href":"https:\/\/www.europesays.com\/fr\/wp-json\/wp\/v2\/media\/572091"}],"wp:attachment":[{"href":"https:\/\/www.europesays.com\/fr\/wp-json\/wp\/v2\/media?parent=572090"}],"wp:term":[{"taxonomy":"category","embeddable":true,"href":"https:\/\/www.europesays.com\/fr\/wp-json\/wp\/v2\/categories?post=572090"},{"taxonomy":"post_tag","embeddable":true,"href":"https:\/\/www.europesays.com\/fr\/wp-json\/wp\/v2\/tags?post=572090"}],"curies":[{"name":"wp","href":"https:\/\/api.w.org\/{rel}","templated":true}]}}