{"id":572094,"date":"2025-12-02T01:39:12","date_gmt":"2025-12-02T01:39:12","guid":{"rendered":"https:\/\/www.europesays.com\/fr\/572094\/"},"modified":"2025-12-02T01:39:12","modified_gmt":"2025-12-02T01:39:12","slug":"previsions-du-mardi-2-decembre-2025-6","status":"publish","type":"post","link":"https:\/\/www.europesays.com\/fr\/572094\/","title":{"rendered":"pr\u00e9visions du mardi 2 d\u00e9cembre 2025"},"content":{"rendered":"<p>\u00c0 Toulouse les temp\u00e9ratures s&rsquo;\u00e9chelonneront entre 6 et 10\u00b0C aujourd&rsquo;hui. Les nuages \u00e0 pr\u00e9voir le matin, et un ciel encore gris. Il va faire 7\u00b0C en moyenne. Une petite brise de sud-est sera ressentie par les habitants. Le temps va doucement s&rsquo;am\u00e9liorer dans l&rsquo;apr\u00e8s-midi et laisser place \u00e0 des \u00e9claircies. Les valeurs s&rsquo;\u00e9chelonneront de 8 \u00e0 10\u00b0C. Le soir, du mauvais temps est \u00e0 pr\u00e9voir. De la bruine va tomber. Le mercure affichera 8\u00b0C en moyenne. Pendant que vous dormirez, dans la nuit de mardi \u00e0 mercredi, le ciel sera pluvieux.<\/p>\n<p>La grisaille ne se dissipe toujours pas, il va y avoir encore des nuages demain. Il va pleuvoir \u00e0 Toulouse. Les temp\u00e9ratures afficheront entre 5 et 10\u00b0C. La matin\u00e9e va rester grise \u00e0 cause de nuages qui perdurent dans le ciel. Il fera en moyenne 8\u00b0C. Un vent d&rsquo;ouest soufflera l\u00e9g\u00e8rement, avec 15 km\/h. Demain apr\u00e8s-midi, le soleil sera dissimul\u00e9 derri\u00e8re des nuages. Les maximales iront jusqu&rsquo;\u00e0 10\u00b0C et les minimales seront de 7\u00b0C. On observera la pr\u00e9sence persistante de nuages demain soir. Des pluies \u00e9parses sont attendues. Les temp\u00e9ratures avoisineront les 6\u00b0C. Un vent de sud-ouest soufflera l\u00e9g\u00e8rement.<\/p>\n<p>Le temps des jours qui suivent va changer progressivement. M\u00eame si le mauvais temps se maintiendra un peu jeudi, il faut pr\u00e9voir une am\u00e9lioration ensuite.<\/p>\n<p><\/p>\n","protected":false},"excerpt":{"rendered":"\u00c0 Toulouse les temp\u00e9ratures s&rsquo;\u00e9chelonneront entre 6 et 10\u00b0C aujourd&rsquo;hui. Les nuages \u00e0 pr\u00e9voir le matin, et un&hellip;\n","protected":false},"author":2,"featured_media":572095,"comment_status":"","ping_status":"","sticky":false,"template":"","format":"standard","meta":{"footnotes":""},"categories":[2816],"tags":[1111,11,1777,674,1011,27,12,2680,2119,25,2312],"class_list":{"0":"post-572094","1":"post","2":"type-post","3":"status-publish","4":"format-standard","5":"has-post-thumbnail","7":"category-toulouse","8":"tag-actu","9":"tag-actualites","10":"tag-eu","11":"tag-europe","12":"tag-fr","13":"tag-france","14":"tag-news","15":"tag-occitanie","16":"tag-previsions-meteo","17":"tag-republique-francaise","18":"tag-toulouse"},"share_on_mastodon":{"url":"https:\/\/pubeurope.com\/@fr\/115647425053302365","error":""},"_links":{"self":[{"href":"https:\/\/www.europesays.com\/fr\/wp-json\/wp\/v2\/posts\/572094","targetHints":{"allow":["GET"]}}],"collection":[{"href":"https:\/\/www.europesays.com\/fr\/wp-json\/wp\/v2\/posts"}],"about":[{"href":"https:\/\/www.europesays.com\/fr\/wp-json\/wp\/v2\/types\/post"}],"author":[{"embeddable":true,"href":"https:\/\/www.europesays.com\/fr\/wp-json\/wp\/v2\/users\/2"}],"replies":[{"embeddable":true,"href":"https:\/\/www.europesays.com\/fr\/wp-json\/wp\/v2\/comments?post=572094"}],"version-history":[{"count":0,"href":"https:\/\/www.europesays.com\/fr\/wp-json\/wp\/v2\/posts\/572094\/revisions"}],"wp:featuredmedia":[{"embeddable":true,"href":"https:\/\/www.europesays.com\/fr\/wp-json\/wp\/v2\/media\/572095"}],"wp:attachment":[{"href":"https:\/\/www.europesays.com\/fr\/wp-json\/wp\/v2\/media?parent=572094"}],"wp:term":[{"taxonomy":"category","embeddable":true,"href":"https:\/\/www.europesays.com\/fr\/wp-json\/wp\/v2\/categories?post=572094"},{"taxonomy":"post_tag","embeddable":true,"href":"https:\/\/www.europesays.com\/fr\/wp-json\/wp\/v2\/tags?post=572094"}],"curies":[{"name":"wp","href":"https:\/\/api.w.org\/{rel}","templated":true}]}}