{"id":572096,"date":"2025-12-02T01:40:17","date_gmt":"2025-12-02T01:40:17","guid":{"rendered":"https:\/\/www.europesays.com\/fr\/572096\/"},"modified":"2025-12-02T01:40:17","modified_gmt":"2025-12-02T01:40:17","slug":"gagnez-vos-places-pour-le-concert-les-legendes-du-rock-au-zenith-de-lille-le-31-janvier-2026","status":"publish","type":"post","link":"https:\/\/www.europesays.com\/fr\/572096\/","title":{"rendered":"Gagnez vos places pour le concert \u00ab\u00a0Les L\u00e9gendes du Rock\u00a0\u00bb au Z\u00e9nith de Lille le 31 janvier 2026"},"content":{"rendered":"<p><strong>Zoom Sur Lille<\/strong><strong>\u00a0&amp;<\/strong><strong> David Hardit Productions <\/strong>vous offrent <strong>vos places <\/strong>pour <strong>le concert <\/strong><strong>\u00ab Les L\u00e9gendes du Rock \u00bb<\/strong>\u00a0au <strong>Z\u00e9nith de Lille <\/strong>le <strong>samedi 31 janvier 2026 \u00e0 20h.<\/strong><\/p>\n<\/p>\n<p style=\"text-align: justify;\">15 000 voix pour \u00ab\u00a0Les L\u00e9gendes du Rock\u00a0\u00bb<br \/><strong>Vivez une exp\u00e9rience rock hors du commun !<\/strong> <strong>15 000 choristes,<\/strong> r\u00e9partis dans les <strong>plus grands Z\u00e9niths de France,<\/strong> vont <strong>enflammer les sc\u00e8nes<\/strong> en <strong>reprenant les plus grands classiques du rock :<\/strong> <strong>Queen, The Rolling Stones, AC\/DC<\/strong> et <strong>bien d\u2019autres.<\/strong><\/p>\n<p style=\"text-align: justify;\">Dans<strong> 29 villes, 500 choristes de votre r\u00e9gion <\/strong>monteront sur sc\u00e8ne. Sous la <strong>direction de chefs de ch\u0153ur locaux,<\/strong> <strong>chaque soir\u00e9e <\/strong>sera <strong>un v\u00e9ritable spectacle,<\/strong> avec des<strong> harmonies puissantes<\/strong> et des <strong>solos l\u00e9gendaires.<\/strong><\/p>\n<p style=\"text-align: justify;\">I<strong>maginez une arm\u00e9e de 15 000 voix<\/strong> s\u2019unissant pour <strong>revisiter les plus grandes l\u00e9gendes du rock. <\/strong>Des <strong>classiques intemporels<\/strong> aux<strong> hymnes modernes,<\/strong> ces <strong>soir\u00e9es exceptionnelles <\/strong>promettent de <strong>faire vibrer les murs de tous les Z\u00e9niths de France<\/strong> et de <strong>vous transporter dans l\u2019univers palpitant du rock\u2019n\u2019roll.<\/strong><\/p>\n<p style=\"text-align: justify;\">Venez <strong>vibrer, chanter <\/strong>et<strong> rocker<\/strong> dans <strong>une ambiance \u00e9lectrique <\/strong>o\u00f9 la <strong>musique rassemble<\/strong> et<strong> fait battre les ch\u0153urs \u00e0 l\u2019unisson.<\/strong><\/p>\n<p><img loading=\"lazy\" decoding=\"async\" width=\"653\" height=\"980\" src=\"https:\/\/www.europesays.com\/fr\/wp-content\/uploads\/2025\/11\/legendes_rock_2026_03.jpg\" alt=\"\" class=\"wp-image-88776\" style=\"aspect-ratio:0.6663265306122449;width:450px\"  \/><\/p>\n<p><img decoding=\"async\" loading=\"lazy\" class=\"alignnone size-full wp-image-13185 tie-appear\" src=\"https:\/\/www.europesays.com\/fr\/wp-content\/uploads\/2025\/10\/1761856156_880_arrow.png\" alt=\"Puce\" width=\"9\" height=\"9\"\/> Les <strong>billets<\/strong> sont en vente dans les <strong>points de vente habituels.<\/strong><\/p>\n<p><strong> <img decoding=\"async\" loading=\"lazy\" width=\"9\" height=\"9\" class=\"alignnone size-full wp-image-13185 tie-appear\" src=\"https:\/\/www.europesays.com\/fr\/wp-content\/uploads\/2025\/10\/1761856156_880_arrow.png\" alt=\"Puce\"\/> Les tarifs <\/strong>se situent entre<strong> 35\u20ac <\/strong>et <strong>65\u20ac.<\/strong><\/p>\n<p><img decoding=\"async\" loading=\"lazy\" width=\"9\" height=\"9\" class=\"tie-appear\" src=\"https:\/\/www.europesays.com\/fr\/wp-content\/uploads\/2025\/10\/1761856156_880_arrow.png\" alt=\"Puce\"\/> <a href=\"https:\/\/www.davidharditproductions.com\/dates\/categories\/david-hardit-production\/15-000-voix-pour-les-legendes-du-rock\/\" target=\"_blank\" rel=\"noreferrer noopener\">Site internet de David Hardit Productions<\/a><\/p>\n<p>Jeu-Concours Zoom Sur Lille<\/p>\n<p style=\"text-align: justify;\"><strong>Gagnez vos places<\/strong> pour le <strong>concert <\/strong><strong>\u00ab Les L\u00e9gendes du Rock \u00bb <\/strong>au <strong>Z\u00e9nith de Lille <\/strong>le <strong>samedi 31 d\u00e9cembre 2026 \u00e0 20h.<\/strong><\/p>\n<p style=\"text-align: justify;\"><strong>Pour jouer : compl\u00e9tez le formulaire de participation ci-dessous.<\/strong><br \/>Apr\u00e8s tirage au sort, vous recevrez les informations par email pour retirer vos invitations (v\u00e9rifiez bien votre adresse !).<\/p>\n<p>\t\t\t<strong>Augmentez vos chances pour gagner !<\/strong> Abonnez-vous \u00e0 notre <a href=\"http:\/\/www.facebook.com\/zoomsurlille.fr\" target=\"_blank\" rel=\"noopener noreferrer\">page Facebook Zoom Sur Lille<\/a>, commentez et partagez le post \u00ab\u00a0Concert Les L\u00e9gendes du Rock\u00a0\u00bb<\/p>\n<p>\t\t\tR\u00e8glement <\/p>\n<p style=\"text-align: justify;\">Le jeu est organis\u00e9 du 01 au 05 d\u00e9cembre 2025. Nombre de places en jeu : 4 x 2 places pour le concert \u00ab\u00a0Les L\u00e9gendes du Rock\u00a0\u00bb au Z\u00e9nith de Lille le samedi 31 janvier 2026 \u00e0 20h. Le tirage au sort parmi les bonnes r\u00e9ponses aura lieu le 05 d\u00e9cembre 2026. Les gagnants seront avertis par mail. Zoom Sur Lille \u2013 l\u2019organisateur de ce jeu \u2013 ne pourra \u00eatre tenu pour responsable de l\u2019envoi des dotations \u00e0 une adresse inexacte du fait de la n\u00e9gligence du gagnant. Si les lots n\u2019ont pu \u00eatre livr\u00e9s \u00e0 leur destinataire pour quelque raison que ce soit, ind\u00e9pendamment de la volont\u00e9 de l\u2019organisateur (le gagnant ayant d\u00e9m\u00e9nag\u00e9 sans mettre \u00e0 jour son adresse, etc. \u2026), ils resteront d\u00e9finitivement la propri\u00e9t\u00e9 de l\u2019organisateur. Les participants sont inform\u00e9s que la vente ou l\u2019\u00e9change de lots sont strictement interdits. Zoom Sur Lille ne peut \u00eatre tenu pour responsable de tout incident \/ accident pouvant subvenir dans l\u2019utilisation des lots. Toutes les marques ou noms de produits cit\u00e9s sont des marques d\u00e9pos\u00e9es de leurs propri\u00e9taires respectifs. Les cadeaux offerts aux gagnants par Zoom Sur Lille et son partenaire David Hardit Productions sont nominatifs et ne sont ni \u00e9changeables contre un autre produit ou service, ni remboursables. Ils ne peuvent en aucun cas constituer un avoir sur un produit ou service quel qu\u2019il soit, tant aupr\u00e8s de Zoom Sur Lille que du partenaire David Hardit Productions. Le gagnant ne peut r\u00e9clamer aucun \u00e9quivalent financier aupr\u00e8s de Zoom Sur Lille ou de David Hardit Productions. La participation au jeu implique l\u2019acceptation des pr\u00e9sentes conditions.<\/p>\n<p class=\"has-text-align-right\">Source et images : DR \u2013 \u00a9 David Hardit Productions<\/p>\n","protected":false},"excerpt":{"rendered":"Zoom Sur Lille\u00a0&amp; David Hardit Productions vous offrent vos places pour le concert \u00ab Les L\u00e9gendes du Rock&hellip;\n","protected":false},"author":2,"featured_media":572097,"comment_status":"","ping_status":"","sticky":false,"template":"","format":"standard","meta":{"footnotes":""},"categories":[2815],"tags":[66369,66370,1111,11,1697,903,1777,674,1011,27,811,29657,19904,66371,1307,12,25,66372,7268],"class_list":{"0":"post-572096","1":"post","2":"type-post","3":"status-publish","4":"format-standard","5":"has-post-thumbnail","7":"category-lille","8":"tag-01-fevrier-2026","9":"tag-31-janvier-2026","10":"tag-actu","11":"tag-actualites","12":"tag-concert","13":"tag-concours","14":"tag-eu","15":"tag-europe","16":"tag-fr","17":"tag-france","18":"tag-hauts-de-france","19":"tag-invitations-gratuites","20":"tag-jeux-concours","21":"tag-les-legendes-du-rock","22":"tag-lille","23":"tag-news","24":"tag-republique-francaise","25":"tag-sceneo-de-longuenesse","26":"tag-zenith-de-lille"},"share_on_mastodon":{"url":"https:\/\/pubeurope.com\/@fr\/115647429923944018","error":""},"_links":{"self":[{"href":"https:\/\/www.europesays.com\/fr\/wp-json\/wp\/v2\/posts\/572096","targetHints":{"allow":["GET"]}}],"collection":[{"href":"https:\/\/www.europesays.com\/fr\/wp-json\/wp\/v2\/posts"}],"about":[{"href":"https:\/\/www.europesays.com\/fr\/wp-json\/wp\/v2\/types\/post"}],"author":[{"embeddable":true,"href":"https:\/\/www.europesays.com\/fr\/wp-json\/wp\/v2\/users\/2"}],"replies":[{"embeddable":true,"href":"https:\/\/www.europesays.com\/fr\/wp-json\/wp\/v2\/comments?post=572096"}],"version-history":[{"count":0,"href":"https:\/\/www.europesays.com\/fr\/wp-json\/wp\/v2\/posts\/572096\/revisions"}],"wp:featuredmedia":[{"embeddable":true,"href":"https:\/\/www.europesays.com\/fr\/wp-json\/wp\/v2\/media\/572097"}],"wp:attachment":[{"href":"https:\/\/www.europesays.com\/fr\/wp-json\/wp\/v2\/media?parent=572096"}],"wp:term":[{"taxonomy":"category","embeddable":true,"href":"https:\/\/www.europesays.com\/fr\/wp-json\/wp\/v2\/categories?post=572096"},{"taxonomy":"post_tag","embeddable":true,"href":"https:\/\/www.europesays.com\/fr\/wp-json\/wp\/v2\/tags?post=572096"}],"curies":[{"name":"wp","href":"https:\/\/api.w.org\/{rel}","templated":true}]}}