{"id":572099,"date":"2025-12-02T01:42:16","date_gmt":"2025-12-02T01:42:16","guid":{"rendered":"https:\/\/www.europesays.com\/fr\/572099\/"},"modified":"2025-12-02T01:42:16","modified_gmt":"2025-12-02T01:42:16","slug":"un-policier-se-fait-voler-sa-carte-professionnelle-apres-une-rencontre-sexuelle-dans-un-hotel-a-marseille","status":"publish","type":"post","link":"https:\/\/www.europesays.com\/fr\/572099\/","title":{"rendered":"Un policier se fait voler sa carte professionnelle apr\u00e8s une rencontre sexuelle dans un h\u00f4tel \u00e0 Marseille"},"content":{"rendered":"<p>Quinze minutes, verdict compris. L\u2019audience du tribunal correctionnel de Marseille du jeudi 27 novembre au matin <strong>aura battu des records de vitesse<\/strong>, pour ne pas dire de proc\u00e8s exp\u00e9di\u00e9. Il faut dire pour la d\u00e9fense du tribunal, constitu\u00e9 en juge unique, une composition r\u00e9serv\u00e9e au menu fretin judiciaire, que la victime et le mis en cause se sont fait porter p\u00e2les.<\/p>\n<p>Explication probable : l\u2019histoire qui n\u2019a pas pu \u00eatre racont\u00e9e dans les d\u00e9tails \u00e0 l\u2019audience est embarrassante pour les deux parties. Elle se d\u00e9roule dans la p\u00e9riode des f\u00eates de No\u00ebl, en 2024. Deux hommes d\u2019une trentaine d\u2019ann\u00e9es se draguent sur une application de rencontres et finissent par se donner rendez-vous dans un h\u00f4tel marseillais. \u00ab\u00a0Jusque-l\u00e0, tout se passe bien\u00a0\u00bb, note le pr\u00e9sident.<\/p>\n<p>Mais une fois la relation sexuelle consomm\u00e9e, l\u2019un des deux quitte la chambre comme un voleur, au sens propre, <strong>en embarquant les affaires et le portefeuille de son amant<\/strong> d\u2019une nuit. \u00ab\u00a0Il \u00e9tait drogu\u00e9\u00a0\u00bb, aurait confi\u00e9 ce dernier au moment de sa plainte, sans pr\u00e9ciser s\u2019il avait lui-m\u00eame consomm\u00e9 des stup\u00e9fiants. Initialement, le dossier<a href=\"https:\/\/www.laprovence.com\/article\/sante\/1749780322595516\/quest-ce-que-le-chemsex-la-pratique-qui-lie-psychoactifs-et-relations-sexuelle\" target=\"_blank\" rel=\"noopener\"> laissait planer le doute sur l\u2019organisation d\u2019une soir\u00e9e \u00ab\u00a0chemsex\u00a0\u00bb.<\/a> Cette pratique consistant \u00e0 absorber des substances psychoactives dans le but de prolonger ou de \u00ab\u00a0booster\u00a0\u00bb les rapports sexuels. Mais aucune investigation n&rsquo;a \u00e9t\u00e9 men\u00e9e pour confirmer ce soup\u00e7on<\/p>\n<p>\u00ab\u00a0Mon client a perdu son emploi\u00a0\u00bb<\/p>\n<p>Au moment de d\u00e9poser plainte, en tout cas, la victime n\u2019en menait pas large. Et pour cause\u00a0: <strong>la profession de Thomas (1), 33\u00a0ans\u00a0? Policier \u00e0 Marseille<\/strong>, dans un service administratif. Un fonctionnaire bien oblig\u00e9 de d\u00e9clarer \u00e0 ses coll\u00e8gues et \u00e0 sa hi\u00e9rarchie les circonstances de la perte d\u2019une pi\u00e8ce sensible, qui pourrait servir des int\u00e9r\u00eats peu nobles en tombant dans de mauvaises mains : sa carte professionnelle bleu-blanc-rouge.<\/p>\n<p>Rapidement, le domicile du suspect d\u00e9sign\u00e9 par le policier \u00e9tait perquisitionn\u00e9. Avec un succ\u00e8s relatif : le portefeuille sera retrouv\u00e9, vid\u00e9 de son contenu. En garde \u00e0 vue, <strong>Yacine R., un adulte handicap\u00e9, p\u00e8re d\u2019un enfant de 8 ans<\/strong>, en \u00e9tat de r\u00e9cidive l\u00e9gale, reconnaissait son larcin. \u00ab\u00a0Le vol a \u00e9t\u00e9 admis sans probl\u00e8me. L\u2019auteur a expliqu\u00e9 qu\u2019il n\u2019avait pas l\u2019intention d\u2019utiliser la carte bleue. On ne voit pas bien dans son cas l\u2019int\u00e9r\u00eat de prendre un portefeuille\u00a0\u00bb, rel\u00e8ve le juge dans sa lecture acc\u00e9l\u00e9r\u00e9e des faits.<\/p>\n<p>\u00ab\u00a0Les r\u00e9percussions de ce vol ont \u00e9t\u00e9 douloureuses et catastrophiques pour la vie de mon client. Il a \u00e9t\u00e9 contraint de d\u00e9poser plainte et donc de r\u00e9v\u00e9ler son homosexualit\u00e9 \u00e0 ses coll\u00e8gues de la police et \u00e0 sa hi\u00e9rarchie. Il a \u00e9t\u00e9 l\u2019objet d\u2019un rapport administratif pour la perte de sa carte, et, dans un contexte devenu compliqu\u00e9 pour lui, <strong>il a pr\u00e9f\u00e9r\u00e9 d\u00e9missionner de son travail <\/strong>\u00ab\u00a0, se d\u00e9sole l\u2019avocate du policier, Ambre Thomas-Aubergier. \u00ab\u00a0Les faits sont particuli\u00e8rement d\u00e9sagr\u00e9ables, abonde le procureur. Il (l\u2019auteur) a profit\u00e9 de la situation et de l\u2019inconscience qui a pu s\u2019installer l\u2019espace de ce rendez-vous. On ne peut que regretter qu\u2019il ne soit pas venu s\u2019expliquer aujourd\u2019hui\u00a0\u00bb, temp\u00eate le minist\u00e8re public en r\u00e9clamant une peine de 150 jours-amende \u00e0 10\u00a0euros. Le pr\u00e9sident tranche pour 100 jours-amende \u00e0 5\u00a0euros. Affaire suivante.<\/p>\n","protected":false},"excerpt":{"rendered":"Quinze minutes, verdict compris. L\u2019audience du tribunal correctionnel de Marseille du jeudi 27 novembre au matin aura battu&hellip;\n","protected":false},"author":2,"featured_media":572100,"comment_status":"","ping_status":"","sticky":false,"template":"","format":"standard","meta":{"footnotes":""},"categories":[2814],"tags":[17,1111,11,150,11617,1777,674,21,274,1011,27,884,12,10910,6354,882,25,96,23741],"class_list":{"0":"post-572099","1":"post","2":"type-post","3":"status-publish","4":"format-standard","5":"has-post-thumbnail","7":"category-marseille","8":"tag-17","9":"tag-actu","10":"tag-actualites","11":"tag-apres","12":"tag-carte","13":"tag-eu","14":"tag-europe","15":"tag-fait","16":"tag-faits-divers-justice","17":"tag-fr","18":"tag-france","19":"tag-marseille","20":"tag-news","21":"tag-policier","22":"tag-professionnelle","23":"tag-provence-alpes-cote-dazur","24":"tag-republique-francaise","25":"tag-une","26":"tag-voler"},"share_on_mastodon":{"url":"https:\/\/pubeurope.com\/@fr\/115647436783006149","error":""},"_links":{"self":[{"href":"https:\/\/www.europesays.com\/fr\/wp-json\/wp\/v2\/posts\/572099","targetHints":{"allow":["GET"]}}],"collection":[{"href":"https:\/\/www.europesays.com\/fr\/wp-json\/wp\/v2\/posts"}],"about":[{"href":"https:\/\/www.europesays.com\/fr\/wp-json\/wp\/v2\/types\/post"}],"author":[{"embeddable":true,"href":"https:\/\/www.europesays.com\/fr\/wp-json\/wp\/v2\/users\/2"}],"replies":[{"embeddable":true,"href":"https:\/\/www.europesays.com\/fr\/wp-json\/wp\/v2\/comments?post=572099"}],"version-history":[{"count":0,"href":"https:\/\/www.europesays.com\/fr\/wp-json\/wp\/v2\/posts\/572099\/revisions"}],"wp:featuredmedia":[{"embeddable":true,"href":"https:\/\/www.europesays.com\/fr\/wp-json\/wp\/v2\/media\/572100"}],"wp:attachment":[{"href":"https:\/\/www.europesays.com\/fr\/wp-json\/wp\/v2\/media?parent=572099"}],"wp:term":[{"taxonomy":"category","embeddable":true,"href":"https:\/\/www.europesays.com\/fr\/wp-json\/wp\/v2\/categories?post=572099"},{"taxonomy":"post_tag","embeddable":true,"href":"https:\/\/www.europesays.com\/fr\/wp-json\/wp\/v2\/tags?post=572099"}],"curies":[{"name":"wp","href":"https:\/\/api.w.org\/{rel}","templated":true}]}}