{"id":572103,"date":"2025-12-02T01:44:15","date_gmt":"2025-12-02T01:44:15","guid":{"rendered":"https:\/\/www.europesays.com\/fr\/572103\/"},"modified":"2025-12-02T01:44:15","modified_gmt":"2025-12-02T01:44:15","slug":"pres-de-lyon-une-ecole-cambriolee-deux-fois-en-une-semaine","status":"publish","type":"post","link":"https:\/\/www.europesays.com\/fr\/572103\/","title":{"rendered":"Pr\u00e8s de Lyon : une \u00e9cole cambriol\u00e9e deux fois en une semaine"},"content":{"rendered":"<p>L&rsquo;\u00e9cole Ernest-Renan a \u00e9t\u00e9 cambriol\u00e9e \u00e0 deux reprises, entre le 21 novembre et le 28 novembre, \u00e0 Villeurbanne.<\/p>\n<p>L&rsquo;\u00e9cole Ernest-Renan de Villeurbanne a \u00e9t\u00e9 victime de deux cambriolages en une semaine.\u00a0<\/p>\n<p>D&rsquo;apr\u00e8s <a class=\"url\" href=\"https:\/\/c.leprogres.fr\/education\/2025\/12\/01\/l-ecole-ernest-renan-a-villeurbanne-cambriolee-a-deux-reprises-en-une-semaine?login=1\" target=\"_blank\" rel=\"noopener\">Le Progr\u00e8s<\/a>, il y a eu des intrusions : l&rsquo;une dans la nuit du jeudi 20 au vendredi 21 novembre dans le <b>local du gardien<\/b>, puis une autre dans la nuit du jeudi 27 au vendredi 28 novembre, dans le <b>bureau du directeur<\/b>.\u00a0<\/p>\n<p>Du<b> mat\u00e9riel et de l&rsquo;argent <\/b>ont \u00e9t\u00e9 vol\u00e9s et le bureau a \u00e9t\u00e9 saccag\u00e9.\u00a0<\/p>\n<p>Une enqu\u00eate est ouverte pour retrouver le ou les coupables.\u00a0<\/p>\n<p>Une plainte a \u00e9t\u00e9 d\u00e9pos\u00e9e par l&rsquo;\u00e9tablissement.<\/p>\n<p><img loading=\"lazy\" decoding=\"async\" src=\"https:\/\/www.europesays.com\/fr\/wp-content\/uploads\/2025\/12\/1764639855_957_img\" width=\"350\" height=\"200\" border=\"0\" title=\"Un camion de pompiers\"\/><\/p>\n<p>\u25baFaits divers<\/p>\n<p style=\"font-size: 22px;\"><b>Accident mortel au sud de Lyon : deux jeunes femmes sont d\u00e9c\u00e9d\u00e9es<\/b><\/p>\n<p>Deux femmes ont perdu la vie dans un accident dimanche&#8230;<\/p>\n<p><\/p>\n","protected":false},"excerpt":{"rendered":"L&rsquo;\u00e9cole Ernest-Renan a \u00e9t\u00e9 cambriol\u00e9e \u00e0 deux reprises, entre le 21 novembre et le 28 novembre, \u00e0 Villeurbanne.&hellip;\n","protected":false},"author":2,"featured_media":187675,"comment_status":"","ping_status":"","sticky":false,"template":"","format":"standard","meta":{"footnotes":""},"categories":[1889],"tags":[48783,1111,11,2430,1174,1777,674,1011,27,2428,12,25,6345],"class_list":{"0":"post-572103","1":"post","2":"type-post","3":"status-publish","4":"format-standard","5":"has-post-thumbnail","7":"category-lyon","8":"tag-coles","9":"tag-actu","10":"tag-actualites","11":"tag-auvergne-rhone-alpes","12":"tag-cambriolage","13":"tag-eu","14":"tag-europe","15":"tag-fr","16":"tag-france","17":"tag-lyon","18":"tag-news","19":"tag-republique-francaise","20":"tag-villeurbanne"},"share_on_mastodon":{"url":"https:\/\/pubeurope.com\/@fr\/115647445415884097","error":""},"_links":{"self":[{"href":"https:\/\/www.europesays.com\/fr\/wp-json\/wp\/v2\/posts\/572103","targetHints":{"allow":["GET"]}}],"collection":[{"href":"https:\/\/www.europesays.com\/fr\/wp-json\/wp\/v2\/posts"}],"about":[{"href":"https:\/\/www.europesays.com\/fr\/wp-json\/wp\/v2\/types\/post"}],"author":[{"embeddable":true,"href":"https:\/\/www.europesays.com\/fr\/wp-json\/wp\/v2\/users\/2"}],"replies":[{"embeddable":true,"href":"https:\/\/www.europesays.com\/fr\/wp-json\/wp\/v2\/comments?post=572103"}],"version-history":[{"count":0,"href":"https:\/\/www.europesays.com\/fr\/wp-json\/wp\/v2\/posts\/572103\/revisions"}],"wp:featuredmedia":[{"embeddable":true,"href":"https:\/\/www.europesays.com\/fr\/wp-json\/wp\/v2\/media\/187675"}],"wp:attachment":[{"href":"https:\/\/www.europesays.com\/fr\/wp-json\/wp\/v2\/media?parent=572103"}],"wp:term":[{"taxonomy":"category","embeddable":true,"href":"https:\/\/www.europesays.com\/fr\/wp-json\/wp\/v2\/categories?post=572103"},{"taxonomy":"post_tag","embeddable":true,"href":"https:\/\/www.europesays.com\/fr\/wp-json\/wp\/v2\/tags?post=572103"}],"curies":[{"name":"wp","href":"https:\/\/api.w.org\/{rel}","templated":true}]}}