{"id":572104,"date":"2025-12-02T01:45:22","date_gmt":"2025-12-02T01:45:22","guid":{"rendered":"https:\/\/www.europesays.com\/fr\/572104\/"},"modified":"2025-12-02T01:45:22","modified_gmt":"2025-12-02T01:45:22","slug":"la-fete-des-lumieres-de-lyon-soffre-stranger-things-et-declenche-une-polemique","status":"publish","type":"post","link":"https:\/\/www.europesays.com\/fr\/572104\/","title":{"rendered":"La F\u00eate des Lumi\u00e8res de Lyon s&rsquo;offre Stranger Things et d\u00e9clenche une pol\u00e9mique"},"content":{"rendered":"<p>                    <b>Netflix s&rsquo;invite \u00e0 la F\u00eate des Lumi\u00e8res de Lyon du 5 au 8 d\u00e9cembre 2025 avec une installation immersive inspir\u00e9e de Stranger Things. Un m\u00e9c\u00e9nat de 152 000 euros qui fait grincer des dents l&rsquo;opposition municipale, d\u00e9non\u00e7ant une op\u00e9ration commerciale \u00e0 peine d\u00e9guis\u00e9e sous le mandat d&rsquo;un maire \u00e9cologiste. La pol\u00e9mique tombe \u00e0 quelques mois des municipales.<\/b><\/p>\n<p>                                                                                                                                                        <img decoding=\"async\" src=\"https:\/\/www.europesays.com\/fr\/wp-content\/uploads\/2025\/12\/fe72958c0f_la-fete-des-lumieres-de-lyon-s-offre-stranger-things-et-declenche-une-polemique.webp.webp\" alt=\"La F\u00eate des Lumi\u00e8res de Lyon s'offre Stranger Things et d\u00e9clenche une pol\u00e9mique\" width=\"1200\" height=\"675\" loading=\"lazy\"\/>        <\/p>\n<p>Une installation qui ne passe pas inaper\u00e7ue<\/p>\n<p>Place Sathonay, les visiteurs pourront plonger dans l&rsquo;univers de Hawkins gr\u00e2ce \u00e0 Stranger Lights, une exp\u00e9rience immersive m\u00ealant <b>n\u00e9ons et ambiance ann\u00e9es 80<\/b>. Le timing n&rsquo;est pas anodin\u00a0: la cinqui\u00e8me et derni\u00e8re saison de la s\u00e9rie <a href=\"https:\/\/www.mac4ever.com\/gaming\/193021-netflix-a-t-elle-enfin-trouve-sa-voie-dans-le-gaming\" target=\"_blank\" rel=\"noopener\">Netflix<\/a> vient de sortir, et la plateforme profite de l&rsquo;\u00e9v\u00e9nement qui attire chaque ann\u00e9e plusieurs millions de visiteurs. La Ville de Lyon pr\u00e9sente cette op\u00e9ration comme du m\u00e9c\u00e9nat, Netflix finan\u00e7ant l&rsquo;artiste \u00e0 hauteur de 152 000 euros sans que son logo n&rsquo;apparaisse sur la place.<\/p>\n<p>L&rsquo;opposition crie au sponsoring d\u00e9guis\u00e9<\/p>\n<p>C&rsquo;est Nathalie Perrin-Gilbert, ancienne adjointe \u00e0 la culture et candidate aux municipales 2026, qui a ouvert le d\u00e9bat au conseil municipal du 20 novembre. Pour elle, il ne s&rsquo;agit pas d&rsquo;un m\u00e9c\u00e9nat mais d&rsquo;une <b>mise en avant commerciale pure et simple<\/b>. L&rsquo;\u00e9lue B\u00e9atrice Gailliout a rench\u00e9ri en pointant du doigt la premi\u00e8re collaboration commerciale de ce niveau avec une entreprise am\u00e9ricaine reconnue pour son optimisation fiscale. Nathalie Perrin-Gilbert a annonc\u00e9 qu&rsquo;elle saisirait le tribunal administratif et la pr\u00e9fecture, estimant que la ville s&rsquo;expose \u00e0 un risque juridique.<\/p>\n<p>                                                                                                                                                        <img decoding=\"async\" src=\"https:\/\/www.europesays.com\/fr\/wp-content\/uploads\/2025\/12\/784a6bb1bc_la-fete-des-lumieres-de-lyon-s-offre-stranger-things-et-declenche-une-polemique.webp.webp\" alt=\"La F\u00eate des Lumi\u00e8res de Lyon s'offre Stranger Things et d\u00e9clenche une pol\u00e9mique\" width=\"1200\" height=\"673\" loading=\"lazy\"\/>        <\/p>\n<p>La mairie d\u00e9fend sa position<\/p>\n<p>L&rsquo;adjointe aux grands \u00e9v\u00e9nements Audrey H\u00e9nocque a r\u00e9pliqu\u00e9 que les contreparties restent <b>inf\u00e9rieures \u00e0 25% de la valeur du don<\/b>, ce qui correspond bien \u00e0 la d\u00e9finition l\u00e9gale du m\u00e9c\u00e9nat. Le maire Gr\u00e9gory Doucet a rappel\u00e9 qu&rsquo;il n&rsquo;y aurait aucune publicit\u00e9 visible sur place et a cit\u00e9 un pr\u00e9c\u00e9dent\u00a0: l&rsquo;\u0153uvre <a href=\"https:\/\/www.mac4ever.com\/gaming\/177396-que-dites-vous-de-cette-borne-arcade-pac-man-en-lego\" target=\"_blank\" rel=\"noopener\">Pac-Man<\/a> financ\u00e9e par Bandai Namco en 2017 n&rsquo;avait suscit\u00e9 aucune pol\u00e9mique. Le contexte budg\u00e9taire p\u00e8se aussi dans la balance\u00a0: avec 800 000 euros de moins cette ann\u00e9e, la F\u00eate des Lumi\u00e8res passe de 32 \u00e0 23 installations et doit multiplier les m\u00e9c\u00e9nats priv\u00e9s.<\/p>\n<p>                                                                                                                                                        <img decoding=\"async\" src=\"https:\/\/www.europesays.com\/fr\/wp-content\/uploads\/2025\/12\/cbba44d3f6_la-fete-des-lumieres-de-lyon-s-offre-stranger-things-et-declenche-une-polemique.webp.webp\" alt=\"La F\u00eate des Lumi\u00e8res de Lyon s'offre Stranger Things et d\u00e9clenche une pol\u00e9mique\" width=\"1200\" height=\"665\" loading=\"lazy\"\/>        <\/p>\n<p>        On en dit quoi\u00a0?<\/p>\n<p>On voit bien que cette pol\u00e9mique tombe \u00e0 pic, \u00e0 quelques mois des municipales. Le fait que ce partenariat arrive sous un mandat \u00e9cologiste avec une <b>multinationale am\u00e9ricaine<\/b> ajoute un peu de sel \u00e0 l&rsquo;affaire, c&rsquo;est vrai. Par contre, difficile de ne pas remarquer que Pac-Man avait eu droit au m\u00eame traitement sans d\u00e9clencher la moindre vague. La vraie question, c&rsquo;est peut-\u00eatre moins <a href=\"https:\/\/www.mac4ever.com\/culture\/193287-netflix-s-ecroule-brievement-sous-le-poids-de-la-saison-5-de-stranger-things\" target=\"_blank\" rel=\"noopener\">Stranger Things<\/a> que le budget en berne qui oblige Lyon \u00e0 tendre la main aux sponsors priv\u00e9s.<\/p>\n","protected":false},"excerpt":{"rendered":"Netflix s&rsquo;invite \u00e0 la F\u00eate des Lumi\u00e8res de Lyon du 5 au 8 d\u00e9cembre 2025 avec une installation&hellip;\n","protected":false},"author":2,"featured_media":572105,"comment_status":"","ping_status":"","sticky":false,"template":"","format":"standard","meta":{"footnotes":""},"categories":[1889],"tags":[1111,11,2430,1777,674,1011,27,2428,127,12,25,68695],"class_list":{"0":"post-572104","1":"post","2":"type-post","3":"status-publish","4":"format-standard","5":"has-post-thumbnail","7":"category-lyon","8":"tag-actu","9":"tag-actualites","10":"tag-auvergne-rhone-alpes","11":"tag-eu","12":"tag-europe","13":"tag-fr","14":"tag-france","15":"tag-lyon","16":"tag-netflix","17":"tag-news","18":"tag-republique-francaise","19":"tag-strangerthings"},"share_on_mastodon":{"url":"https:\/\/pubeurope.com\/@fr\/115647449229151473","error":""},"_links":{"self":[{"href":"https:\/\/www.europesays.com\/fr\/wp-json\/wp\/v2\/posts\/572104","targetHints":{"allow":["GET"]}}],"collection":[{"href":"https:\/\/www.europesays.com\/fr\/wp-json\/wp\/v2\/posts"}],"about":[{"href":"https:\/\/www.europesays.com\/fr\/wp-json\/wp\/v2\/types\/post"}],"author":[{"embeddable":true,"href":"https:\/\/www.europesays.com\/fr\/wp-json\/wp\/v2\/users\/2"}],"replies":[{"embeddable":true,"href":"https:\/\/www.europesays.com\/fr\/wp-json\/wp\/v2\/comments?post=572104"}],"version-history":[{"count":0,"href":"https:\/\/www.europesays.com\/fr\/wp-json\/wp\/v2\/posts\/572104\/revisions"}],"wp:featuredmedia":[{"embeddable":true,"href":"https:\/\/www.europesays.com\/fr\/wp-json\/wp\/v2\/media\/572105"}],"wp:attachment":[{"href":"https:\/\/www.europesays.com\/fr\/wp-json\/wp\/v2\/media?parent=572104"}],"wp:term":[{"taxonomy":"category","embeddable":true,"href":"https:\/\/www.europesays.com\/fr\/wp-json\/wp\/v2\/categories?post=572104"},{"taxonomy":"post_tag","embeddable":true,"href":"https:\/\/www.europesays.com\/fr\/wp-json\/wp\/v2\/tags?post=572104"}],"curies":[{"name":"wp","href":"https:\/\/api.w.org\/{rel}","templated":true}]}}