{"id":572110,"date":"2025-12-02T01:49:21","date_gmt":"2025-12-02T01:49:21","guid":{"rendered":"https:\/\/www.europesays.com\/fr\/572110\/"},"modified":"2025-12-02T01:49:21","modified_gmt":"2025-12-02T01:49:21","slug":"a-paris-un-centre-de-radiologie-au-coeur-daccusations-de-violences-sexuelles-liberation","status":"publish","type":"post","link":"https:\/\/www.europesays.com\/fr\/572110\/","title":{"rendered":"A Paris, un centre de radiologie au c\u0153ur d\u2019accusations de violences sexuelles \u2013 Lib\u00e9ration"},"content":{"rendered":"<p class=\"sc-cPiKLX AiZTS text-element\">L\u2019\u00e9tau judiciaire se resserre autour d\u2019un praticien officiant dans un centre de radiologie du XVIIe arrondissement de Paris. La structure dans laquelle il travaille, Imagerie Cardinet, un groupement sp\u00e9cialis\u00e9 dans la sant\u00e9 de la femme, du couple et de l\u2019enfant, est au c\u0153ur d\u2019une s\u00e9rie de d\u00e9nonciations d\u2019agressions sexuelles et viols. Onze plaintes visant un radiologue, aujourd\u2019hui octog\u00e9naire, ont \u00e9t\u00e9 d\u00e9pos\u00e9es. Les faits se seraient produits entre 2015 et 2024, selon le parquet de Paris qui a communiqu\u00e9 ce lundi 1er d\u00e9cembre.<\/p>\n<p class=\"sc-cPiKLX AiZTS text-element\">Ce radiologue r\u00e9put\u00e9, d\u00e9finitivement radi\u00e9 de l\u2019Ordre des m\u00e9decins le 28 octobre 2025, se voit reprocher des attouchements sur la poitrine accompagn\u00e9s de propos d\u00e9plac\u00e9s. Il est convoqu\u00e9 devant le tribunal judiciaire de Paris fin septembre 2026, selon son avocate, Me Delphine Driguez.<\/p>\n<p class=\"sc-cPiKLX AiZTS text-element\">Il sera jug\u00e9 \u00abpour agression sexuelle par personne abusant de l\u2019autorit\u00e9 conf\u00e9r\u00e9e par ses fonctions, au pr\u00e9judice de cinq victimes\u00bb. \u00abLes gestes d\u00e9nonc\u00e9s par d\u2019autres patientes sont prescrits\u00bb, selon le parquet. Dans sa proc\u00e9dure, l\u2019Ordre des m\u00e9decins avait fait \u00e9tat de comportements d\u00e9plac\u00e9s d\u00e8s 2006.<\/p>\n<p class=\"sc-cPiKLX AiZTS text-element\">\u00abIl n\u2019a rien fait\u00bb, le d\u00e9fend son avocate : \u00able probl\u00e8me\u00bb, soutient-elle, tient en partie \u00e0 ses \u00abpetites blagues pour d\u00e9tendre l\u2019atmosph\u00e8re parce que les patientes arrivent avec la peur au ventre d\u2019avoir un cancer\u00bb. Certaines patientes ont \u00abassoci\u00e9\u00bb ces \u00abblagues\u00bb au fait de \u00abtoucher la poitrine\u00bb, que l\u2019avocate pr\u00e9sente comme un \u00abgeste m\u00e9dical\u00bb. Elles ont \u00abconsid\u00e9r\u00e9 que c\u2019\u00e9taient des agressions sexuelles\u00bb, avance encore Me Driguez.<\/p>\n<p class=\"sc-cPiKLX AiZTS text-element\">Un autre praticien int\u00e9resse \u00e9galement la justice : un kin\u00e9sith\u00e9rapeute \u00e0 la retraite. Avec ce radiologue, il a co\u00e9crit l\u2019ouvrage, les Dialogues du p\u00e9rin\u00e9e. L\u2019homme se targue au passage d\u2019avoir introduit la r\u00e9\u00e9ducation de ce muscle en France dans les ann\u00e9es 1980. A l\u2019origine de cette enqu\u00eate, \u00abtrois patientes [qui] ont d\u00e9pos\u00e9 plainte en juin 2023, janvier 2024 et mai 2025, d\u00e9non\u00e7ant avoir subi [\u2026] des gestes m\u00e9dicaux intrusifs assez violents et sans demande pr\u00e9alable de leur consentement\u00bb, d\u00e9taille le parquet.<\/p>\n<p class=\"sc-cPiKLX AiZTS text-element\">Ce sont en tout huit plaintes qui ont \u00e9t\u00e9 d\u00e9pos\u00e9es contre cet homme, pour des faits allant de 2017 \u00e0 2023, alors qu\u2019il \u00e9tait \u00abpourtant retrait\u00e9 depuis 2011\u00bb, Ces actes auraient \u00e9t\u00e9 commis lors de bilans urodynamiques, des examens du fonctionnement de l\u2019appareil urinaire, pr\u00e9cise le parquet.<\/p>\n<p class=\"sc-cPiKLX AiZTS text-element\">\u00abUne information judiciaire a \u00e9t\u00e9 ouverte le 12 septembre 2024 des chefs de viol, agression sexuelle, exercice ill\u00e9gal de la m\u00e9decine et exercice ill\u00e9gal de la masso-kin\u00e9sith\u00e9rapie\u00bb, mais aucune mise en examen n\u2019a pour l\u2019instant \u00e9t\u00e9 prononc\u00e9e, a-t-il poursuivi, confirmant <a href=\"https:\/\/www.leparisien.fr\/faits-divers\/viol-agressions-sexuelles-et-argent-facile-un-centre-de-radiologie-parisien-vise-par-une-serie-de-plaintes-23-11-2025-SOARMNG3Q5GNXBOX3SRI4RRTFQ.php#:~:text=Miss%20France%202026-,Viol%2C%20agressions%20sexuelles%20et%20argent%20facile%20%3A%20un%20centre%20de%20radiologie,viols%20et%20d&#039;agressions%20sexuelles.\" target=\"_blank\" rel=\"noreferrer noopener\" title=\"https:\/\/www.leparisien.fr\/faits-divers\/viol-agressions-sexuelles-et-argent-facile-un-centre-de-radiologie-parisien-vise-par-une-serie-de-plaintes-23-11-2025-SOARMNG3Q5GNXBOX3SRI4RRTFQ.php#:~:text=Miss%20France%202026-,Viol%2C%20agressions%20sexuelles%20et%20argent%20facile%20%3A%20un%20centre%20de%20radiologie,viols%20et%20d&#039;agressions%20sexuelles.\">des informations du Parisien<\/a>. L\u2019employeur pourrait se voir reprocher une \u00abcomplicit\u00e9\u00bb.<\/p>\n<p class=\"sc-cPiKLX AiZTS text-element\">La direction du groupement Imagerie Cardinet (5 centres \u00e0 Paris, 29 en r\u00e9gion parisienne et un en Loz\u00e8re) a indiqu\u00e9 qu\u2019elle comptait se constituer partie civile. En novembre, le groupement avait annonc\u00e9 \u00e0 l\u2019AFP avoir port\u00e9 plainte contre X pour des viols et agressions sexuelles d\u2019anciens professionnels de sant\u00e9 envers des patientes, dans son centre du XVIIe arrondissement de Paris. Imagerie Cardinet voulait ainsi montrer \u00abson soutien\u00bb aux patientes et son \u00abenti\u00e8re collaboration, la plus active possible, pour la recherche de la v\u00e9rit\u00e9\u00bb, avait indiqu\u00e9 \u00e0 l\u2019AFP son avocat, Me Georges Lacoeuilhe.<\/p>\n<p class=\"sc-cPiKLX AiZTS text-element\">Une ligne de d\u00e9fense qui r\u00e9volte les plaignantes. Elles jugent que le centre Cardinet a tir\u00e9 profit de la situation et cherch\u00e9 \u00e0 dissuader des femmes de porter plainte. Elles s\u2019appuient notamment sur une d\u00e9cision de l\u2019Ordre d\u00e9partemental des m\u00e9decins, qui a constat\u00e9 qu\u2019en d\u00e9l\u00e9guant les actes d\u2019examen \u00e0 l\u2019ancien kin\u00e9, pr\u00e9sent\u00e9 comme \u00abconsultant p\u00e9rin\u00e9ologie\u00bb, un m\u00e9decin du centre avait particip\u00e9 \u00e0 un \u00absyst\u00e8me [\u2026] facilitant l\u2019exercice ill\u00e9gal de la m\u00e9decine\u00bb.<\/p>\n<p class=\"sc-cPiKLX AiZTS text-element\">Elles annoncent une s\u00e9rie d\u2019autres plaintes, devant l\u2019Ordre des m\u00e9decins et en justice, et r\u00e9fl\u00e9chissent \u00e0 saisir la Caisse primaire d\u2019assurance maladie (CPAM). Selon leurs calculs, ce \u00absyst\u00e8me\u00bb par lequel l\u2019ancien kin\u00e9sith\u00e9rapeute aurait fait passer quelque 1 500 examens par an \u00e0 des femmes, aurait co\u00fbt\u00e9 3,5 millions d\u2019euros \u00e0 la S\u00e9cu.<\/p>\n","protected":false},"excerpt":{"rendered":"L\u2019\u00e9tau judiciaire se resserre autour d\u2019un praticien officiant dans un centre de radiologie du XVIIe arrondissement de Paris.&hellip;\n","protected":false},"author":2,"featured_media":572111,"comment_status":"","ping_status":"","sticky":false,"template":"","format":"standard","meta":{"footnotes":""},"categories":[1888],"tags":[1111,1928,11,1927,1777,674,1011,27,12,1926,626,1925,25,797,799],"class_list":{"0":"post-572110","1":"post","2":"type-post","3":"status-publish","4":"format-standard","5":"has-post-thumbnail","7":"category-paris","8":"tag-actu","9":"tag-actu-paris","10":"tag-actualites","11":"tag-actualites-paris","12":"tag-eu","13":"tag-europe","14":"tag-fr","15":"tag-france","16":"tag-news","17":"tag-news-paris","18":"tag-paris","19":"tag-paris-news","20":"tag-republique-francaise","21":"tag-violences-faites-aux-femmes","22":"tag-violences-sexuelles"},"share_on_mastodon":{"url":"https:\/\/pubeurope.com\/@fr\/115647464417947488","error":""},"_links":{"self":[{"href":"https:\/\/www.europesays.com\/fr\/wp-json\/wp\/v2\/posts\/572110","targetHints":{"allow":["GET"]}}],"collection":[{"href":"https:\/\/www.europesays.com\/fr\/wp-json\/wp\/v2\/posts"}],"about":[{"href":"https:\/\/www.europesays.com\/fr\/wp-json\/wp\/v2\/types\/post"}],"author":[{"embeddable":true,"href":"https:\/\/www.europesays.com\/fr\/wp-json\/wp\/v2\/users\/2"}],"replies":[{"embeddable":true,"href":"https:\/\/www.europesays.com\/fr\/wp-json\/wp\/v2\/comments?post=572110"}],"version-history":[{"count":0,"href":"https:\/\/www.europesays.com\/fr\/wp-json\/wp\/v2\/posts\/572110\/revisions"}],"wp:featuredmedia":[{"embeddable":true,"href":"https:\/\/www.europesays.com\/fr\/wp-json\/wp\/v2\/media\/572111"}],"wp:attachment":[{"href":"https:\/\/www.europesays.com\/fr\/wp-json\/wp\/v2\/media?parent=572110"}],"wp:term":[{"taxonomy":"category","embeddable":true,"href":"https:\/\/www.europesays.com\/fr\/wp-json\/wp\/v2\/categories?post=572110"},{"taxonomy":"post_tag","embeddable":true,"href":"https:\/\/www.europesays.com\/fr\/wp-json\/wp\/v2\/tags?post=572110"}],"curies":[{"name":"wp","href":"https:\/\/api.w.org\/{rel}","templated":true}]}}