{"id":572112,"date":"2025-12-02T01:50:13","date_gmt":"2025-12-02T01:50:13","guid":{"rendered":"https:\/\/www.europesays.com\/fr\/572112\/"},"modified":"2025-12-02T01:50:13","modified_gmt":"2025-12-02T01:50:13","slug":"deux-policiers-plaident-laccident-involontaire","status":"publish","type":"post","link":"https:\/\/www.europesays.com\/fr\/572112\/","title":{"rendered":"deux policiers plaident l&rsquo;accident involontaire"},"content":{"rendered":"<p>                    Par<br \/>\n        <strong><br \/>\n            <a href=\"https:\/\/actu.fr\/auteur\/antoine-blanchet\" title=\"Consulter tous les articles de Antoine Blanchet\" target=\"_blank\" rel=\"noopener\">Antoine Blanchet<\/a><br \/>\n                    <\/strong><\/p>\n<p>        Publi\u00e9 le<\/p>\n<p>            1 d\u00e9c. 2025 \u00e0 20h00        <\/p>\n<p>\u00ab\u2009Je me demande ce qu\u2019on aurait jug\u00e9 si on n\u2019avait pas eu ces vid\u00e9os\u2009\u00bb. La phrase teint\u00e9e de pragmatisme prononc\u00e9e par la pr\u00e9sidente de la 10\u1d49 chambre correctionnelle du tribunal de <a href=\"https:\/\/actu.fr\/ile-de-france\/seine-saint-denis_93\" target=\"_blank\" rel=\"noopener\">Cr\u00e9teil<\/a> r\u00e9sume toute l\u2019affaire qui se joue ce 1\u1d49\u02b3 d\u00e9cembre\u00a02025. Il faut dire que sans ces images, o\u00f9 l\u2019on <a href=\"https:\/\/actu.fr\/faits-divers\/motard-percute-sur-l-a4-pres-de-paris-deux-policiers-vont-etre-juges-l-avocat-denonce-une-manoeuvre_63382301.html\" target=\"_blank\" rel=\"noopener\">voit une voiture de police percuter un motard<\/a> sur<strong> l\u2019autoroute A4,<\/strong> les deux policiers \u00e0 la barre des pr\u00e9venus auraient continu\u00e9 leurs activit\u00e9s. Le motard percut\u00e9 et hant\u00e9 par ce \u00ab\u2009sentiment de mort imminente\u2009\u00bb n\u2019aurait jamais pouss\u00e9 les portes du commissariat.<\/p>\n<p>Percut\u00e9 en pleine autoroute<\/p>\n<p class=\" wall-content\">C\u2019est le 14\u00a0octobre, en l\u2019espace de quelques minutes, que les faits se sont produits. Ce jour-l\u00e0, vers 17\u00a0heures, Hugo rentre chez lui en <a href=\"https:\/\/actu.fr\/ile-de-france\/seine-saint-denis_93\" target=\"_blank\" rel=\"noopener\">Seine-Saint-Denis<\/a>. Au niveau du quai de Bercy, il a un l\u00e9ger accrochage avec une voiture de police qu\u2019il vient de d\u00e9passer sur la droite. Les minutes passent et sur l\u2019autoroute A4, \u00e0 hauteur de <a href=\"https:\/\/actu.fr\/ile-de-france\/charenton-le-pont_94018\" target=\"_blank\" rel=\"noopener\">Charenton-le-Pont<\/a>, le deux-roues <strong>est subitement percut\u00e9 sur la gauche<\/strong> par le v\u00e9hicule banalis\u00e9. Le policier passager sort m\u00eame son bras pour taper la moto. Le motard parvient \u00e0 r\u00e9tablir son \u00e9quilibre pour ne pas chuter et trouver une mort quasi certaine sur cet axe routier tr\u00e8s fr\u00e9quent\u00e9. Les deux agents prennent la tangente.<\/p>\n<p class=\" wall-content\">Ces quelques secondes de violence sur l\u2019asphalte auraient pu passer inaper\u00e7ue si au m\u00eame moment, un v\u00e9hicule Tesla n\u2019avait pas film\u00e9 la sc\u00e8ne. La vid\u00e9o se met \u00e0 circuler sur les r\u00e9seaux sociaux. Plus de deux millions de personnes la visionnent. Hugo d\u00e9cide de porter plainte pour tentative de meurtre. Une enqu\u00eate est ouverte par l\u2019Inspection g\u00e9n\u00e9rale de la police nationale.<\/p>\n<p class=\" wall-content\">\n<p>Intoxication ou intox\u2009?<\/p>\n<p class=\" wall-content\">\u00c0 la barre ce lundi, le major B., 53 ans, n\u2019est pas tr\u00e8s \u00e0 l\u2019aise. Son jeune coll\u00e8gue de 26 ans encore moins. Il chancelle dans cette atmosph\u00e8re judiciaire \u00e9touffante, au sens propre comme au figur\u00e9. On lui propose une chaise pour s\u2019asseoir. De leurs voix mal-assur\u00e9es, les deux pr\u00e9venus racontent leur version de cette affaire, qui d\u00e9bute par un mal de ventre.<\/p>\n<p class=\" wall-content\">Les deux agents sont en effet appel\u00e9s pour intervenir \u00e0 l\u2019ambassade d\u2019Iran, pr\u00e8s de l\u2019Assembl\u00e9e Nationale. Au moment d\u2019arriver sur la route, Nils A., le conducteur, aurait commenc\u00e9 \u00e0 se sentir mal. \u00ab\u2009Je me suis dit qu\u2019il avait mang\u00e9 un mauvais truc, puis il a eu des fourmillements dans les doigts. \u00c7a m\u2019a inqui\u00e9t\u00e9\u2009\u00bb, assure son coll\u00e8gue. Ce dernier prend le volant et met le deux-tons. La police se change en ambulance. Non pour se rendre \u00e0 l\u2019h\u00f4pital, mais vers leur lieu de travail.<\/p>\n<p class=\" wall-content\">D\u00e9j\u00e0, il y a des incoh\u00e9rences. Nils A., dont le n\u0153ud \u00e0 l\u2019estomac l\u2019emp\u00eachait de prendre le volant\u2026 n\u2019a jamais vu de m\u00e9decin. Apr\u00e8s les faits, il est rentr\u00e9 chez lui. \u00ab\u2009J\u2019ai pris un spasfond\u2009\u00bb, d\u00e9clare-t-il \u00e0 la pr\u00e9sidente suspicieuse. Un sup\u00e9rieur l\u2019aurait vu vomir dans les toilettes, mais on n\u2019en saura pas plus. Pour<strong> Me Ari\u00e9 Alimi<\/strong>, avocat de la victime, la maladie aurait \u00e9t\u00e9 invent\u00e9e comme excuse pour justifier la conduite plus que sportive du pr\u00e9venu.<\/p>\n<p>\u00ab\u2009Je ne pensais pas l\u2019avoir touch\u00e9\u2009\u00bb<\/p>\n<p class=\" wall-content\">On arrive sur les quais de Bercy. Le major B. affirme ne pas avoir relev\u00e9 le d\u00e9passement par la droite. \u00ab\u2009\u00c7a fait 30\u00a0ans que je suis \u00e0 Paris. Je sais que les motos le font souvent\u2009\u00bb, d\u00e9clare ce policier de m\u00e9tier qui a d\u00e9j\u00e0 servi<strong> \u00e0 l\u2019arri\u00e8re des motos de la <a href=\"https:\/\/actu.fr\/ile-de-france\/bobigny_93008\/seine-saint-denis-des-policiers-de-la-brav-m-juges-pour-des-violences-racistes-sur-un-etudiant-interpelle_62457008.html\" target=\"_blank\" rel=\"noopener\">Brav-M<\/a><\/strong>. Il r\u00e9fute donc avoir percut\u00e9 le deux-roues par col\u00e8re apr\u00e8s ce d\u00e9passement.<\/p>\n<p>Votre r\u00e9gion, votre actu !<\/p>\n<p>Recevez chaque jour les infos qui comptent pour vous.<\/p>\n<p>\t<a href=\"https:\/\/actu.fr\/newsletter\" class=\"ac-btn ac-btn--corner ac-btn--medium ac-btn--blue800\" target=\"_blank\" rel=\"noopener\">S&rsquo;incrire<\/a><\/p>\n<p class=\" wall-content\">Sur l\u2019A4, le pr\u00e9venu explique s\u2019\u00eatre d\u00e9port\u00e9 sur la droite pour aller sur la file o\u00f9 le trafic est plus fluide. \u00ab\u2009Je voulais m\u2019ins\u00e9rer devant la moto. Il \u00e9tait dans mon angle mort. Je ne pensais pas du tout l\u2019avoir touch\u00e9\u2009\u00bb, abonde le fonctionnaire, qui reconna\u00eet avoir pris une d\u00e9cision \u00ab\u2009soudaine et brutale\u2009\u00bb. Sans avoir mis son clignotant. Quant \u00e0 son coll\u00e8gue, la pr\u00e9sidente lui demande pourquoi il a sorti son bras par la fen\u00eatre. \u00ab\u2009C\u2019est un geste que je fais par instinct pour dire aux v\u00e9hicules derri\u00e8re de nous laisser le passage\u2009\u00bb, d\u00e9clare l\u2019int\u00e9ress\u00e9. Des explications qui laissent le tribunal circonspect.<\/p>\n<p class=\" wall-content\">Il y a le pendant, mais aussi l\u2019apr\u00e8s qui interroge. Alors que la vid\u00e9o devient virale, les deux policiers \u00e9changent par t\u00e9l\u00e9phone sur la situation. L\u2019inqui\u00e9tude est loin d\u2019\u00eatre palpable. \u00ab\u2009J\u2019ai chass\u00e9 un deux-roues, je l\u2019ai pas trouv\u00e9\u2009\u00bb, lance le major B. en concluant son message par une \u00e9motic\u00f4ne souriant. \u00ab\u2009Je suis peut-\u00eatre devenu froid\u2009\u00bb, conc\u00e8de le policier. Quant \u00e0 son coll\u00e8gue, il n\u2019h\u00e9site pas \u00e0 qualifier la victime \u00ab\u2009d\u2019enc\u2026\u2009\u00bb apr\u00e8s qu\u2019elle s\u2019est exprim\u00e9e dans les m\u00e9dias.<\/p>\n<p>\u00ab\u2009Si je tombe, je meurs\u2009\u00bb<\/p>\n<p class=\" wall-content\">\u00c0 la barre, cette derni\u00e8re a un tout autre r\u00e9cit. Hugo reste persuad\u00e9 que les policiers l\u2019ont volontairement percut\u00e9, apr\u00e8s l\u2019accrochage quai de Bercy. Le jeune homme revoit encore l\u2019instant fatidique. \u00ab\u2009Si je tombe, je meurs vu le trafic. Je ne suis pas pass\u00e9 loin\u2009\u00bb, souffle la partie civile \u00e0 la barre. Ces quelques secondes, il les ressasse. Son sommeil est troubl\u00e9 par ce choc qui aurait pu \u00eatre fatal.<\/p>\n<p class=\" wall-content\">Son avocat va plus loin. Il d\u00e9plore que les faits aient \u00e9t\u00e9 requalifi\u00e9s en violences volontaires. \u00ab\u2009Il y aurait m\u00eame pu avoir une plainte pour tentative d\u2019assassinat\u2009\u00bb, fustige le p\u00e9naliste. Il pointe du doigt la totale impunit\u00e9 des deux agents\u2009: \u00ab\u2009Le moment o\u00f9 ils d\u00e9cident de percuter ou de mettre un coup de pression, ils savent que la sc\u00e8ne n\u2019aura pas de suites\u2009\u00bb.<\/p>\n<p class=\" wall-content\">Le procureur a aussi du mal \u00e0 croire \u00e0 la version des deux pr\u00e9venus. \u00ab\u2009Aucune cr\u00e9dibilit\u00e9 ne peut leur \u00eatre accord\u00e9e. Il y a tout un tas de petites incoh\u00e9rences qui viennent fragiliser la version des fonctionnaires de police\u2009\u00bb, d\u00e9clare le magistrat. \u00c9voquant des faits \u00ab\u2009d\u2019une extr\u00eame gravit\u00e9\u2009\u00bb, il requiert<strong> 18\u00a0mois de prison avec sursis<\/strong> contre les deux agents, ainsi qu\u2019une interdiction d\u2019exercer leur profession pendant un an.<\/p>\n<p class=\" wall-content\">L\u2019audience a \u00e9t\u00e9 mise en d\u00e9lib\u00e9r\u00e9 pour le 18\u00a0d\u00e9cembre.<\/p>\n<p class=\" wall-content\">Personnalisez votre actualit\u00e9 en ajoutant vos villes et m\u00e9dias en favori avec <a href=\"https:\/\/moncompte.actu.fr\" title=\"D\u00e9couvez Mon Actu\" rel=\"nofollow noopener\" data-trk=\"{&quot;cta&quot;:{&quot;action&quot;:&quot;https:\\\/\\\/moncompte.actu.fr&quot;,&quot;category&quot;:&quot;mon compte&quot;,&quot;from&quot;:&quot;article footer&quot;,&quot;name&quot;:&quot;Mon actu&quot;,&quot;type&quot;:&quot;cta&quot;}}\" target=\"_blank\">Mon Actu<\/a>.<\/p>\n","protected":false},"excerpt":{"rendered":"Par Antoine Blanchet Publi\u00e9 le 1 d\u00e9c. 2025 \u00e0 20h00 \u00ab\u2009Je me demande ce qu\u2019on aurait jug\u00e9 si&hellip;\n","protected":false},"author":2,"featured_media":572113,"comment_status":"","ping_status":"","sticky":false,"template":"","format":"standard","meta":{"footnotes":""},"categories":[1888],"tags":[11,1777,674,118,1011,27,12,626,25,7374],"class_list":{"0":"post-572112","1":"post","2":"type-post","3":"status-publish","4":"format-standard","5":"has-post-thumbnail","7":"category-paris","8":"tag-actualites","9":"tag-eu","10":"tag-europe","11":"tag-faits-divers","12":"tag-fr","13":"tag-france","14":"tag-news","15":"tag-paris","16":"tag-republique-francaise","17":"tag-violences-policieres"},"share_on_mastodon":{"url":"https:\/\/pubeurope.com\/@fr\/115647468285388376","error":""},"_links":{"self":[{"href":"https:\/\/www.europesays.com\/fr\/wp-json\/wp\/v2\/posts\/572112","targetHints":{"allow":["GET"]}}],"collection":[{"href":"https:\/\/www.europesays.com\/fr\/wp-json\/wp\/v2\/posts"}],"about":[{"href":"https:\/\/www.europesays.com\/fr\/wp-json\/wp\/v2\/types\/post"}],"author":[{"embeddable":true,"href":"https:\/\/www.europesays.com\/fr\/wp-json\/wp\/v2\/users\/2"}],"replies":[{"embeddable":true,"href":"https:\/\/www.europesays.com\/fr\/wp-json\/wp\/v2\/comments?post=572112"}],"version-history":[{"count":0,"href":"https:\/\/www.europesays.com\/fr\/wp-json\/wp\/v2\/posts\/572112\/revisions"}],"wp:featuredmedia":[{"embeddable":true,"href":"https:\/\/www.europesays.com\/fr\/wp-json\/wp\/v2\/media\/572113"}],"wp:attachment":[{"href":"https:\/\/www.europesays.com\/fr\/wp-json\/wp\/v2\/media?parent=572112"}],"wp:term":[{"taxonomy":"category","embeddable":true,"href":"https:\/\/www.europesays.com\/fr\/wp-json\/wp\/v2\/categories?post=572112"},{"taxonomy":"post_tag","embeddable":true,"href":"https:\/\/www.europesays.com\/fr\/wp-json\/wp\/v2\/tags?post=572112"}],"curies":[{"name":"wp","href":"https:\/\/api.w.org\/{rel}","templated":true}]}}