{"id":572118,"date":"2025-12-02T01:53:19","date_gmt":"2025-12-02T01:53:19","guid":{"rendered":"https:\/\/www.europesays.com\/fr\/572118\/"},"modified":"2025-12-02T01:53:19","modified_gmt":"2025-12-02T01:53:19","slug":"guerre-en-ukraine-epaule-par-les-europeens-zelensky-espere-discuter-avec-trump","status":"publish","type":"post","link":"https:\/\/www.europesays.com\/fr\/572118\/","title":{"rendered":"Guerre en Ukraine\u00a0: \u00e9paul\u00e9 par les Europ\u00e9ens, Zelensky esp\u00e8re discuter avec Trump"},"content":{"rendered":"<p>\u00ab\u00a0La rencontre a permis de faire avancer la concertation entre tous les Europ\u00e9ens, de coordonner aussi nos vues avec les n\u00e9gociateurs et de rappeler l\u2019importance de la mobilisation de tous pour une paix juste et durable\u00a0\u00bb, a soulign\u00e9 le pr\u00e9sident fran\u00e7ais, lors d\u2019une conf\u00e9rence de presse avec son homologue ukrainien.<\/p>\n<p>Les Europ\u00e9ens veulent \u00eatre \u00ab autour de la table \u00bb<\/p>\n<p>S\u2019il a salu\u00e9 \u00ab\u00a0l\u2019effort de m\u00e9diation\u00a0\u00bb des \u00c9tats-Unis, Emmanuel Macron a d\u00e9clar\u00e9 qu\u2019il n\u2019y avait \u00ab\u00a0pas aujourd\u2019hui, \u00e0 proprement parler, un plan qui soit finalis\u00e9\u00a0\u00bb. \u00ab\u00a0Nous sommes encore \u00e0 une phase pr\u00e9alable\u00a0\u00bb, a-t-il dit, martelant que le plan avanc\u00e9 par Washington \u00ab\u00a0ne peut \u00eatre finalis\u00e9 qu\u2019avec les Europ\u00e9ens autour de la table\u00a0\u00bb.<\/p>\n<p>\u00c0 l\u2019issue de ces \u00e9changes, le pr\u00e9sident fran\u00e7ais s\u2019est entretenu au t\u00e9l\u00e9phone avec Donald Trump \u00ab\u00a0sur les conditions d\u2019une paix robuste et durable\u00a0\u00bb et sur \u00ab\u00a0la dimension centrale des garanties de s\u00e9curit\u00e9 n\u00e9cessaires pour l\u2019Ukraine\u00a0\u00bb, selon l\u2019\u00c9lys\u00e9e. Les Europ\u00e9ens esp\u00e8rent que l\u2019administration Trump, soup\u00e7onn\u00e9e de complaisance vis-\u00e0-vis de Vladimir Poutine, ne sacrifiera pas l\u2019Ukraine, consid\u00e9r\u00e9e comme un rempart face aux ambitions russes.<\/p>\n<p>La Maison Blanche, pour sa part, s\u2019est d\u00e9clar\u00e9e, lundi, \u00ab\u00a0tr\u00e8s optimiste\u00a0\u00bb sur les chances de parvenir \u00e0 un accord visant \u00e0 mettre fin \u00e0 la guerre en Ukraine. Donald Trump et son \u00e9quipe \u00ab\u00a0ont travaill\u00e9 tr\u00e8s dur sur ce dossier et souhaitent tous sinc\u00e8rement voir cette guerre prendre fin\u00a0\u00bb, a d\u00e9clar\u00e9 la porte-parole de la Maison Blanche, Karoline Leavitt.<\/p>\n<p>Des \u00ab progr\u00e8s significatifs \u00bb selon l&rsquo;Ukraine<\/p>\n<p>De son c\u00f4t\u00e9, le pr\u00e9sident ukrainien a affirm\u00e9, lundi, s\u2019attendre d\u00e9sormais \u00ab\u00a0\u00e0 une discussion avec le pr\u00e9sident des \u00c9tats-Unis sur des questions cl\u00e9s\u00a0\u00bb apr\u00e8s que le n\u00e9gociateur ukrainien Roustem Oumerov a fait \u00e9tat de \u00ab\u00a0progr\u00e8s significatifs\u00a0\u00bb sur le projet de plan am\u00e9ricain, bien que des \u00ab\u00a0ajustements\u00a0\u00bb soient encore n\u00e9cessaires.<\/p>\n<p>Lundi, Emmanuel Macron et Volodymyr Zelensky se sont \u00e9galement entretenus avec le Premier ministre britannique, Keir Starmer, et plusieurs dirigeants europ\u00e9ens (Allemagne, Pologne, Italie, Norv\u00e8ge, Finlande, Danemark, Pays-Bas), ainsi qu\u2019avec les pr\u00e9sidents des institutions europ\u00e9ennes, Antonio Costa et Ursula von der Leyen, et le secr\u00e9taire g\u00e9n\u00e9ral de l\u2019Otan, Mark Rutte.<\/p>\n<p>Volodymyr Zelensky, qui se rendra, mardi, en Irlande pour sa premi\u00e8re visite dans ce pays neutre, a rapidement visit\u00e9 l\u2019usine du groupe de d\u00e9fense Dassault Aviation en r\u00e9gion parisienne, deux semaines apr\u00e8s avoir sign\u00e9 une lettre d\u2019intention pour acheter jusqu\u2019\u00e0 100 avions de combat Rafale, destin\u00e9s \u00e0 plus long terme \u00e0 prot\u00e9ger le ciel du pays.<\/p>\n<p><a href=\"https:\/\/www.letelegramme.fr\/monde\/guerre-ukraine-russie\/la-semaine-a-venir-sannonce-cruciale-pour-lukraine-estime-kallas-6938494.php\" target=\"_blank\" rel=\"noopener\">La semaine qui s\u2019ouvre s\u2019annonce \u00ab\u00a0cruciale\u00a0\u00bb pour l\u2019Ukraine, a estim\u00e9 la cheffe de la diplomatie de l\u2019Union europ\u00e9enne Kaja Kallas.<\/a> \u00ab\u00a0Je crains que toute la pression soit exerc\u00e9e sur le c\u00f4t\u00e9 le plus faible, car la reddition de l\u2019Ukraine, c\u2019est la mani\u00e8re la plus facile de mettre fin \u00e0 cette guerre\u00a0\u00bb, a-t-elle d\u00e9clar\u00e9.<\/p>\n<p>Trump affiche son optimisme<\/p>\n<p>Les \u00c9tats-Unis ont pr\u00e9sent\u00e9, il y a dix jours, un premier projet en 28 points tr\u00e8s favorable \u00e0 Moscou, r\u00e9dig\u00e9 sans les alli\u00e9s europ\u00e9ens de Kiev, cens\u00e9 mettre fin au conflit d\u00e9clench\u00e9 par l\u2019offensive russe contre l\u2019Ukraine en f\u00e9vrier 2022.<\/p>\n<p>Washington a ensuite amend\u00e9 ce projet avec Ukrainiens et Europ\u00e9ens, avant de le retravailler en bilat\u00e9ral avec les Ukrainiens, dimanche, en Floride. Les discussions am\u00e9ricano-ukrainiennes ont \u00e9t\u00e9 jug\u00e9es \u00ab\u00a0productives\u00a0\u00bb par les deux parties, <a href=\"https:\/\/www.letelegramme.fr\/monde\/guerre-ukraine-russie\/ukraine-des-discussions-en-floride-productives-mais-il-reste-encore-du-travail-selon-marco-rubio-6938418.php\" target=\"_blank\" rel=\"noopener\">mais le secr\u00e9taire d\u2019\u00c9tat Marco Rubio a pr\u00e9venu qu&rsquo;\u00ab\u00a0il restait encore du travail\u00a0\u00bb<\/a>.<\/p>\n<p>Le pr\u00e9sident Donald Trump a, lui, affich\u00e9 son optimisme, estimant que Russie et Ukraine souhaitaient mettre fin au conflit, tout en soulignant que Kiev n\u2019\u00e9tait pas en position de force en raison du scandale de corruption.<\/p>\n<p>Pour Emmanuel Macron, les frappes de la Russie contre l\u2019Ukraine d\u00e9montrent au contraire que Moscou n\u2019est pas dispos\u00e9 \u00e0 faire la paix.<\/p>\n<p>En France, Volodymyr Zelensky \u00e9tait accompagn\u00e9 par son \u00e9pouse, Olena Zelenska, pour un \u00e9v\u00e9nement autour de l\u2019initiative \u00ab\u00a0Bring kids back\u00a0\u00bb (\u00ab\u00a0Ramenez les enfants\u00a0\u00bb), dont elle est la marraine.<\/p>\n<p>Cette initiative \u00ab\u00a0a permis de ramener pr\u00e8s de 2\u00a0000 enfants ukrainiens arrach\u00e9s \u00e0 leur famille par la Russie\u00a0\u00bb, s\u2019est f\u00e9licit\u00e9 le ministre fran\u00e7ais des Affaires \u00e9trang\u00e8res, Jean-No\u00ebl Barrot.<\/p>\n","protected":false},"excerpt":{"rendered":"\u00ab\u00a0La rencontre a permis de faire avancer la concertation entre tous les Europ\u00e9ens, de coordonner aussi nos vues&hellip;\n","protected":false},"author":2,"featured_media":572119,"comment_status":"","ping_status":"","sticky":false,"template":"","format":"standard","meta":{"footnotes":""},"categories":[1590],"tags":[11,1073,1777,674,131,2069,74,12,132,220,134],"class_list":{"0":"post-572118","1":"post","2":"type-post","3":"status-publish","4":"format-standard","5":"has-post-thumbnail","7":"category-ukraine","8":"tag-actualites","9":"tag-emmanuel-macron","10":"tag-eu","11":"tag-europe","12":"tag-guerre-en-ukraine","13":"tag-guerre-ukraine-russie","14":"tag-monde","15":"tag-news","16":"tag-russie","17":"tag-ukraine","18":"tag-volodymyr-zelensky"},"share_on_mastodon":{"url":"https:\/\/pubeurope.com\/@fr\/115647480065207719","error":""},"_links":{"self":[{"href":"https:\/\/www.europesays.com\/fr\/wp-json\/wp\/v2\/posts\/572118","targetHints":{"allow":["GET"]}}],"collection":[{"href":"https:\/\/www.europesays.com\/fr\/wp-json\/wp\/v2\/posts"}],"about":[{"href":"https:\/\/www.europesays.com\/fr\/wp-json\/wp\/v2\/types\/post"}],"author":[{"embeddable":true,"href":"https:\/\/www.europesays.com\/fr\/wp-json\/wp\/v2\/users\/2"}],"replies":[{"embeddable":true,"href":"https:\/\/www.europesays.com\/fr\/wp-json\/wp\/v2\/comments?post=572118"}],"version-history":[{"count":0,"href":"https:\/\/www.europesays.com\/fr\/wp-json\/wp\/v2\/posts\/572118\/revisions"}],"wp:featuredmedia":[{"embeddable":true,"href":"https:\/\/www.europesays.com\/fr\/wp-json\/wp\/v2\/media\/572119"}],"wp:attachment":[{"href":"https:\/\/www.europesays.com\/fr\/wp-json\/wp\/v2\/media?parent=572118"}],"wp:term":[{"taxonomy":"category","embeddable":true,"href":"https:\/\/www.europesays.com\/fr\/wp-json\/wp\/v2\/categories?post=572118"},{"taxonomy":"post_tag","embeddable":true,"href":"https:\/\/www.europesays.com\/fr\/wp-json\/wp\/v2\/tags?post=572118"}],"curies":[{"name":"wp","href":"https:\/\/api.w.org\/{rel}","templated":true}]}}