{"id":572122,"date":"2025-12-02T01:55:17","date_gmt":"2025-12-02T01:55:17","guid":{"rendered":"https:\/\/www.europesays.com\/fr\/572122\/"},"modified":"2025-12-02T01:55:17","modified_gmt":"2025-12-02T01:55:17","slug":"royaume-uni-les-militants-travaillistes-hostiles-a-la-reforme-de-limmigration","status":"publish","type":"post","link":"https:\/\/www.europesays.com\/fr\/572122\/","title":{"rendered":"Royaume-Uni: les militants travaillistes hostiles \u00e0 la r\u00e9forme de l&rsquo;immigration"},"content":{"rendered":"<p><a class=\"m-item-image m-item-image--1x1 o-podcast-header__image\" href=\"https:\/\/www.rfi.fr\/fr\/podcasts\/reportage-international\/\" title=\"Reportage international\" data-article-item-link=\"\" aria-hidden=\"true\" tabindex=\"-1\" target=\"_blank\" rel=\"noopener\"><\/p>\n<p><img decoding=\"async\" fetchpriority=\"high\" src=\"https:\/\/www.europesays.com\/fr\/wp-content\/uploads\/2025\/09\/carre-3000-reportage-international.jpg\"   width=\"480\" height=\"480\" alt=\"Image carr\u00e9e\" loading=\"eager\" class=\"a-img \"\/><br \/>\n                                <\/a>                <\/p>\n<p class=\"t-content__chapo\">\n                                                Depuis son arriv\u00e9e au pouvoir en juillet 2024, le gouvernement travailliste a mis en place des politiques qui ont surpris \u00e0 gauche au Royaume-Uni. La plus r\u00e9cente est la remise \u00e0 plat du statut de r\u00e9fugi\u00e9s, qui durcit radicalement l&rsquo;acc\u00e8s au droit d&rsquo;asile et au regroupement familial. Le Labour a-t-il chang\u00e9 d&rsquo;identit\u00e9 ? Beaucoup de militants peinent en tout cas \u00e0 se reconna\u00eetre dans cette nouvelle gauche britannique.                    <\/p>\n<p><img decoding=\"async\" fetchpriority=\"low\" src=\"https:\/\/www.europesays.com\/fr\/wp-content\/uploads\/2025\/12\/000-84B38LU.jpg\"   width=\"1024\" height=\"576\" alt=\"Dans cet extrait vid\u00e9o tir\u00e9 d'une retransmission du 17 novembre 2025, diffus\u00e9e par le service d'enregistrement du Parlement britannique (PRU) sur le site web de Parliament TV, la ministre de l'Int\u00e9rieur britannique, Shabana Mahmood, s'exprime sur les nouvelles r\u00e9formes du syst\u00e8me d'asile au Royaume-Uni.\" loading=\"eager\" class=\"a-img \"\/><\/p>\n<p>                Dans cet extrait vid\u00e9o tir\u00e9 d&rsquo;une retransmission du 17 novembre 2025, diffus\u00e9e par le service d&rsquo;enregistrement du Parlement britannique (PRU) sur le site web de Parliament TV, la ministre de l&rsquo;Int\u00e9rieur britannique, Shabana Mahmood, s&rsquo;exprime sur les nouvelles r\u00e9formes du syst\u00e8me d&rsquo;asile au Royaume-Uni.                \u00a9 AFP &#8211;            <\/p>\n","protected":false},"excerpt":{"rendered":"Depuis son arriv\u00e9e au pouvoir en juillet 2024, le gouvernement travailliste a mis en place des politiques qui&hellip;\n","protected":false},"author":2,"featured_media":572123,"comment_status":"","ping_status":"","sticky":false,"template":"","format":"standard","meta":{"footnotes":""},"categories":[1588],"tags":[11,1777,674,1061,12,2436,473,1853,1851,1850,1852],"class_list":{"0":"post-572122","1":"post","2":"type-post","3":"status-publish","4":"format-standard","5":"has-post-thumbnail","7":"category-royaume-uni","8":"tag-actualites","9":"tag-eu","10":"tag-europe","11":"tag-immigration","12":"tag-news","13":"tag-reportage-international","14":"tag-royaume-uni","15":"tag-royaume-uni-de-grande-bretagne-et-dirlande-du-nord","16":"tag-uk","17":"tag-united-kingdom","18":"tag-united-kingdom-of-great-britain-and-northern-ireland"},"share_on_mastodon":{"url":"https:\/\/pubeurope.com\/@fr\/115647488505333165","error":""},"_links":{"self":[{"href":"https:\/\/www.europesays.com\/fr\/wp-json\/wp\/v2\/posts\/572122","targetHints":{"allow":["GET"]}}],"collection":[{"href":"https:\/\/www.europesays.com\/fr\/wp-json\/wp\/v2\/posts"}],"about":[{"href":"https:\/\/www.europesays.com\/fr\/wp-json\/wp\/v2\/types\/post"}],"author":[{"embeddable":true,"href":"https:\/\/www.europesays.com\/fr\/wp-json\/wp\/v2\/users\/2"}],"replies":[{"embeddable":true,"href":"https:\/\/www.europesays.com\/fr\/wp-json\/wp\/v2\/comments?post=572122"}],"version-history":[{"count":0,"href":"https:\/\/www.europesays.com\/fr\/wp-json\/wp\/v2\/posts\/572122\/revisions"}],"wp:featuredmedia":[{"embeddable":true,"href":"https:\/\/www.europesays.com\/fr\/wp-json\/wp\/v2\/media\/572123"}],"wp:attachment":[{"href":"https:\/\/www.europesays.com\/fr\/wp-json\/wp\/v2\/media?parent=572122"}],"wp:term":[{"taxonomy":"category","embeddable":true,"href":"https:\/\/www.europesays.com\/fr\/wp-json\/wp\/v2\/categories?post=572122"},{"taxonomy":"post_tag","embeddable":true,"href":"https:\/\/www.europesays.com\/fr\/wp-json\/wp\/v2\/tags?post=572122"}],"curies":[{"name":"wp","href":"https:\/\/api.w.org\/{rel}","templated":true}]}}