{"id":572124,"date":"2025-12-02T01:56:19","date_gmt":"2025-12-02T01:56:19","guid":{"rendered":"https:\/\/www.europesays.com\/fr\/572124\/"},"modified":"2025-12-02T01:56:19","modified_gmt":"2025-12-02T01:56:19","slug":"un-suspect-de-crimes-de-guerre-libyen-transfere-dallemagne-a-la-haye-annonce-la-cpi","status":"publish","type":"post","link":"https:\/\/www.europesays.com\/fr\/572124\/","title":{"rendered":"Un suspect de crimes de guerre libyen transf\u00e9r\u00e9 d&rsquo;Allemagne \u00e0 La Haye, annonce la CPI"},"content":{"rendered":"<p>Un suspect de crimes de guerre libyen a \u00e9t\u00e9 transf\u00e9r\u00e9 d&rsquo;Allemagne \u00e0 La Haye et plac\u00e9 sous la garde de la Cour p\u00e9nale internationale (CPI), a indiqu\u00e9 lundi l&rsquo;institution.<\/p>\n<p>\nKhaled Mohamed Ali Al Hishri est soup\u00e7onn\u00e9 d&rsquo;avoir appartenu au groupe arm\u00e9 Force sp\u00e9ciale de dissuasion durant la guerre civile en Libye. Il est accus\u00e9 d&rsquo;avoir \u00e9t\u00e9 un haut responsable d&rsquo;une prison tristement c\u00e9l\u00e8bre, o\u00f9 les d\u00e9tenus \u00e9taient r\u00e9guli\u00e8rement tortur\u00e9s et parfois victimes d&rsquo;abus sexuels.<\/p>\n<p>\nLe proc\u00e8s n&rsquo;est pas attendu avant la fin de l&rsquo;ann\u00e9e 2026.<\/p>\n","protected":false},"excerpt":{"rendered":"Un suspect de crimes de guerre libyen a \u00e9t\u00e9 transf\u00e9r\u00e9 d&rsquo;Allemagne \u00e0 La Haye et plac\u00e9 sous la&hellip;\n","protected":false},"author":2,"featured_media":572125,"comment_status":"","ping_status":"","sticky":false,"template":"","format":"standard","meta":{"footnotes":""},"categories":[1587],"tags":[11,672,340,1804,1805,1803,1777,674,1801,12,1802],"class_list":{"0":"post-572124","1":"post","2":"type-post","3":"status-publish","4":"format-standard","5":"has-post-thumbnail","7":"category-allemagne","8":"tag-actualites","9":"tag-allemagne","10":"tag-bourse","11":"tag-bundesrepublik-deutschland","12":"tag-de","13":"tag-deutschland","14":"tag-eu","15":"tag-europe","16":"tag-germany","17":"tag-news","18":"tag-republique-federale-dallemagne"},"share_on_mastodon":{"url":"https:\/\/pubeurope.com\/@fr\/115647491818872680","error":""},"_links":{"self":[{"href":"https:\/\/www.europesays.com\/fr\/wp-json\/wp\/v2\/posts\/572124","targetHints":{"allow":["GET"]}}],"collection":[{"href":"https:\/\/www.europesays.com\/fr\/wp-json\/wp\/v2\/posts"}],"about":[{"href":"https:\/\/www.europesays.com\/fr\/wp-json\/wp\/v2\/types\/post"}],"author":[{"embeddable":true,"href":"https:\/\/www.europesays.com\/fr\/wp-json\/wp\/v2\/users\/2"}],"replies":[{"embeddable":true,"href":"https:\/\/www.europesays.com\/fr\/wp-json\/wp\/v2\/comments?post=572124"}],"version-history":[{"count":0,"href":"https:\/\/www.europesays.com\/fr\/wp-json\/wp\/v2\/posts\/572124\/revisions"}],"wp:featuredmedia":[{"embeddable":true,"href":"https:\/\/www.europesays.com\/fr\/wp-json\/wp\/v2\/media\/572125"}],"wp:attachment":[{"href":"https:\/\/www.europesays.com\/fr\/wp-json\/wp\/v2\/media?parent=572124"}],"wp:term":[{"taxonomy":"category","embeddable":true,"href":"https:\/\/www.europesays.com\/fr\/wp-json\/wp\/v2\/categories?post=572124"},{"taxonomy":"post_tag","embeddable":true,"href":"https:\/\/www.europesays.com\/fr\/wp-json\/wp\/v2\/tags?post=572124"}],"curies":[{"name":"wp","href":"https:\/\/api.w.org\/{rel}","templated":true}]}}