{"id":572126,"date":"2025-12-02T01:57:12","date_gmt":"2025-12-02T01:57:12","guid":{"rendered":"https:\/\/www.europesays.com\/fr\/572126\/"},"modified":"2025-12-02T01:57:12","modified_gmt":"2025-12-02T01:57:12","slug":"macron-se-rend-en-chine-alors-que-leurope-oscille-entre-rivalite-et-dependance","status":"publish","type":"post","link":"https:\/\/www.europesays.com\/fr\/572126\/","title":{"rendered":"Macron se rend en Chine alors que l&rsquo;Europe oscille entre rivalit\u00e9 et d\u00e9pendance"},"content":{"rendered":"<p>Le pr\u00e9sident fran\u00e7ais Emmanuel Macron effectuera cette semaine sa quatri\u00e8me visite d&rsquo;\u00c9tat en Chine, \u00e0 l&rsquo;heure o\u00f9 l&rsquo;Europe cherche \u00e0 trouver un \u00e9quilibre entre les menaces \u00e9conomiques et s\u00e9curitaires \u00e9manant de P\u00e9kin et sa d\u00e9pendance envers la deuxi\u00e8me \u00e9conomie mondiale, dans un contexte de turbulences commerciales mondiales.<\/p>\n<p>Par le pass\u00e9, Emmanuel Macron a tent\u00e9 d&rsquo;afficher un front europ\u00e9en solide face \u00e0 la Chine, tout en veillant \u00e0 ne pas froisser P\u00e9kin, dont l&rsquo;affirmation croissante met \u00e0 l&rsquo;\u00e9preuve les relations commerciales, s\u00e9curitaires et diplomatiques, estiment les analystes.<\/p>\n<p>\u00ab Il doit faire comprendre \u00e0 la direction chinoise que l&rsquo;Europe r\u00e9agira face \u00e0 la mont\u00e9e des menaces \u00e9conomiques et s\u00e9curitaires venant de P\u00e9kin, tout en \u00e9vitant une escalade des tensions qui conduirait \u00e0 une v\u00e9ritable guerre commerciale et \u00e0 une rupture diplomatique \u00bb, a d\u00e9clar\u00e9 Noah Barkin, analyste Chine au sein du Rhodium Group, \u00e0 Reuters.<\/p>\n<p>\u00ab Ce n&rsquo;est pas un message facile \u00e0 faire passer \u00bb, a-t-il ajout\u00e9.<\/p>\n<p><b>LES EXPORTATIONS CHINOISES FRAGILISENT L&rsquo;INDUSTRIE EUROP\u00c9ENNE<\/b><\/p>\n<p>Macron d\u00e9butera son d\u00e9placement par une visite de la Cit\u00e9 interdite de P\u00e9kin mercredi. Il rencontrera le pr\u00e9sident Xi Jinping jeudi dans la capitale, puis \u00e0 nouveau vendredi lors d&rsquo;un d\u00e9placement \u00e0 Chengdu, dans la province du Sichuan, au sud-ouest du pays.<\/p>\n<p>\nCette visite intervient apr\u00e8s un d\u00e9placement tendu de la pr\u00e9sidente de la Commission europ\u00e9enne, Ursula von der Leyen, en juillet, au cours duquel elle avait affirm\u00e9 que les relations entre l&rsquo;UE et la Chine \u00e9taient \u00e0 un \u00ab point d&rsquo;inflexion \u00bb.<\/p>\n<p>Le Premier ministre britannique Keir Starmer et le chancelier allemand Friedrich Merz effectueront une visite au d\u00e9but de l&rsquo;ann\u00e9e prochaine.<\/p>\n<p>\nLes tensions commerciales entre la Chine et l&rsquo;Europe se sont accentu\u00e9es, les exportations chinoises \u00e0 bas co\u00fbt, notamment dans le secteur de l&rsquo;acier &#8212; apr\u00e8s avoir \u00e9t\u00e9 \u00e9vinc\u00e9es du march\u00e9 am\u00e9ricain &#8211;, frappant de plein fouet de larges pans de l&rsquo;industrie europ\u00e9enne.<\/p>\n<p>\nL&rsquo;Europe s&rsquo;inqui\u00e8te \u00e9galement de la sup\u00e9riorit\u00e9 technologique croissante de la Chine dans le secteur des v\u00e9hicules \u00e9lectriques (VE) et de sa domination dans le traitement des terres rares, ce qui pourrait menacer l&rsquo;approvisionnement de secteurs industriels europ\u00e9ens strat\u00e9giques.<\/p>\n<p>Alors que les droits de douane impos\u00e9s par Washington p\u00e8sent sur le commerce mondial, P\u00e9kin tente de se pr\u00e9senter comme un partenaire d&rsquo;affaires, esp\u00e9rant ainsi apaiser les inqui\u00e9tudes europ\u00e9ennes concernant le soutien de la Chine \u00e0 la Russie et son mod\u00e8le industriel subventionn\u00e9 par l&rsquo;\u00c9tat.<\/p>\n<p>Avant le d\u00e9placement, les conseillers de Macron ont indiqu\u00e9 qu&rsquo;il plaiderait pour un r\u00e9\u00e9quilibrage des dynamiques commerciales afin que la Chine stimule sa consommation int\u00e9rieure, tout en esp\u00e9rant que \u00ab les b\u00e9n\u00e9fices de l&rsquo;innovation puissent \u00eatre partag\u00e9s \u00bb, permettant ainsi \u00e0 l&rsquo;Europe d&rsquo;acc\u00e9der aux technologies chinoises.<\/p>\n<p>\nPour r\u00e9pondre \u00e0 l&rsquo;inqui\u00e9tude croissante face au commerce chinois, l&rsquo;Union europ\u00e9enne devrait d\u00e9voiler une nouvelle doctrine de s\u00e9curit\u00e9 \u00e9conomique, qui pourrait amener le bloc \u00e0 utiliser de mani\u00e8re plus offensive sa panoplie d&rsquo;instruments commerciaux \u00e0 l&rsquo;\u00e9gard de la Chine.<\/p>\n<p>La France, dont les constructeurs automobiles r\u00e9alisent des ventes n\u00e9gligeables en Chine mais sont sous pression pour r\u00e9ussir leur transition vers le VE sur le march\u00e9 domestique, a soutenu l&rsquo;initiative de la Commission europ\u00e9enne visant \u00e0 relever les droits de douane sur les importations de voitures \u00e9lectriques chinoises.<\/p>\n<p>\nParis s&rsquo;est \u00e9galement retrouv\u00e9 impliqu\u00e9 pendant plus d&rsquo;un an dans un diff\u00e9rend avec P\u00e9kin concernant une enqu\u00eate chinoise sur les importations de cognac, une mesure largement per\u00e7ue comme des repr\u00e9sailles de la Chine apr\u00e8s le soutien de la France aux droits de douane sur les VE, avant d&rsquo;obtenir une tr\u00eave.<\/p>\n<p>\nMalgr\u00e9 l&rsquo;ouverture r\u00e9cente d&rsquo;une nouvelle ligne d&rsquo;assemblage en Chine, Airbus ne devrait probablement pas d\u00e9crocher, lors de la visite de Macron, la tr\u00e8s attendue commande pouvant aller jusqu&rsquo;\u00e0 500 avions, selon des sources industrielles. De tels contrats donnent \u00e0 P\u00e9kin un levier face \u00e0 Washington, qui fait pression pour de nouveaux engagements d&rsquo;achat de Boeing.<\/p>\n<p><b>MACRON NE PEUT SE PERMETTRE UNE NOUVELLE SORTIE SOLO<\/b><\/p>\n<p>Macron veillera \u00e9galement \u00e0 ne pas r\u00e9p\u00e9ter les faux pas de son dernier voyage en 2023, lorsque ses propos sur Ta\u00efwan lors d&rsquo;une interview dans l&rsquo;avion du retour avaient suscit\u00e9 une vive r\u00e9action aux \u00c9tats-Unis.<\/p>\n<p>\n\u00ab Macron ne peut pas se permettre de partir en roue libre comme en 2023 \u00bb, estime Noah Barkin, ajoutant que ces d\u00e9clarations, dans lesquelles il semblait refuser de choisir entre la Chine et les \u00c9tats-Unis, avaient \u00ab donn\u00e9 une image trompeuse de la politique fran\u00e7aise envers la Chine \u00bb.<\/p>\n<p>\nLes conseillers fran\u00e7ais pr\u00e9cisent que Macron insistera sur le maintien du statu quo concernant Ta\u00efwan et exhortera la Chine \u00e0 ne pas alimenter les tensions, dans la foul\u00e9e de r\u00e9cents commentaires japonais sur l&rsquo;\u00eele qui ont d\u00e9clench\u00e9 une passe d&rsquo;armes diplomatique avec P\u00e9kin.<\/p>\n<p>\u00ab Je m&rsquo;attends \u00e0 ce qu&rsquo;il soit plus disciplin\u00e9 cette fois-ci \u00bb, conclut Barkin. \u00ab L&rsquo;enjeu est bien plus important pour la France et pour l&rsquo;Europe. \u00bb<\/p>\n<p>\n(Reportage de Michel Rose ; avec la contribution d&rsquo;Elizabeth Pineau et Tim Hepher \u00e0 Paris, et Joe Cash \u00e0 P\u00e9kin ; \u00e9dition par Sharon Singleton)<\/p>\n","protected":false},"excerpt":{"rendered":"Le pr\u00e9sident fran\u00e7ais Emmanuel Macron effectuera cette semaine sa quatri\u00e8me visite d&rsquo;\u00c9tat en Chine, \u00e0 l&rsquo;heure o\u00f9 l&rsquo;Europe&hellip;\n","protected":false},"author":2,"featured_media":572127,"comment_status":"","ping_status":"","sticky":false,"template":"","format":"standard","meta":{"footnotes":""},"categories":[1586],"tags":[11,340,1777,674,1011,27,12,25],"class_list":{"0":"post-572126","1":"post","2":"type-post","3":"status-publish","4":"format-standard","5":"has-post-thumbnail","7":"category-europe","8":"tag-actualites","9":"tag-bourse","10":"tag-eu","11":"tag-europe","12":"tag-fr","13":"tag-france","14":"tag-news","15":"tag-republique-francaise"},"share_on_mastodon":{"url":"https:\/\/pubeurope.com\/@fr\/115647495869357902","error":""},"_links":{"self":[{"href":"https:\/\/www.europesays.com\/fr\/wp-json\/wp\/v2\/posts\/572126","targetHints":{"allow":["GET"]}}],"collection":[{"href":"https:\/\/www.europesays.com\/fr\/wp-json\/wp\/v2\/posts"}],"about":[{"href":"https:\/\/www.europesays.com\/fr\/wp-json\/wp\/v2\/types\/post"}],"author":[{"embeddable":true,"href":"https:\/\/www.europesays.com\/fr\/wp-json\/wp\/v2\/users\/2"}],"replies":[{"embeddable":true,"href":"https:\/\/www.europesays.com\/fr\/wp-json\/wp\/v2\/comments?post=572126"}],"version-history":[{"count":0,"href":"https:\/\/www.europesays.com\/fr\/wp-json\/wp\/v2\/posts\/572126\/revisions"}],"wp:featuredmedia":[{"embeddable":true,"href":"https:\/\/www.europesays.com\/fr\/wp-json\/wp\/v2\/media\/572127"}],"wp:attachment":[{"href":"https:\/\/www.europesays.com\/fr\/wp-json\/wp\/v2\/media?parent=572126"}],"wp:term":[{"taxonomy":"category","embeddable":true,"href":"https:\/\/www.europesays.com\/fr\/wp-json\/wp\/v2\/categories?post=572126"},{"taxonomy":"post_tag","embeddable":true,"href":"https:\/\/www.europesays.com\/fr\/wp-json\/wp\/v2\/tags?post=572126"}],"curies":[{"name":"wp","href":"https:\/\/api.w.org\/{rel}","templated":true}]}}