{"id":572128,"date":"2025-12-02T01:58:12","date_gmt":"2025-12-02T01:58:12","guid":{"rendered":"https:\/\/www.europesays.com\/fr\/572128\/"},"modified":"2025-12-02T01:58:12","modified_gmt":"2025-12-02T01:58:12","slug":"une-manifestation-massive-contre-le-projet-de-budget-des-heurts-avec-la-police","status":"publish","type":"post","link":"https:\/\/www.europesays.com\/fr\/572128\/","title":{"rendered":"une manifestation massive contre le projet de budget, des heurts avec la police"},"content":{"rendered":"<p>                      <img loading=\"lazy\" decoding=\"async\" src=\"https:\/\/www.europesays.com\/fr\/wp-content\/uploads\/2025\/12\/4d67cf2_ftp-1-xwycog87q3lt-5573928-01-06.jpg\" alt=\"Une photo a\u00e9rienne montre la foule lors d\u2019une manifestation antigouvernementale, \u00e0 Sofia, le 1\u1d49\u02b3 d\u00e9cembre 2025.\"   width=\"664\" height=\"443\"\/>    Une photo a\u00e9rienne montre la foule lors d\u2019une manifestation antigouvernementale, \u00e0 Sofia, le 1\u1d49\u02b3 d\u00e9cembre 2025.  NIKOLAY DOYCHINOV\/AFP                          <\/p>\n<p class=\"article__paragraph  \">Des dizaines de milliers de personnes ont manifest\u00e9, lundi 1\u1d49\u02b3 d\u00e9cembre, \u00e0 Sofia, contre le gouvernement bulgare, marquant ainsi l\u2019intensification d\u2019un mouvement anticorruption dans le pays le plus pauvre de l\u2019Union europ\u00e9enne (UE), qui se cristallise autour du budget 2026.<\/p>\n<p class=\"article__paragraph  \">Des heurts avec la police ont \u00e9clat\u00e9 \u00e0 la fin du rassemblement, apr\u00e8s que des manifestants ont pris pour cible le si\u00e8ge d\u2019une formation politique (le DPS) qui soutient le gouvernement et un bureau du parti au pouvoir (le GERB). Mercredi 26\u00a0novembre, ils \u00e9taient d\u00e9j\u00e0 descendus dans les rues de la capitale pour protester contre le projet de budget pr\u00e9voyant une augmentation des salaires du secteur public et des hausses d\u2019imp\u00f4ts.<\/p>\n<p class=\"article__paragraph  \">Dans un contexte de d\u00e9fiance des institutions, les d\u00e9tracteurs du texte estiment que les finances publiques sont si corrompues que ces mesures ne feront que renforcer la corruption.<\/p>\n<p>                                       Lire aussi |  Article r\u00e9serv\u00e9 \u00e0 nos abonn\u00e9s  <a href=\"https:\/\/www.lemonde.fr\/economie\/article\/2025\/06\/04\/la-bulgarie-a-marche-forcee-vers-l-euro_6610509_3234.html\" class=\"js-article-read-also catcher--favoris__link\" data-premium=\"1\" id=\"article-title-3425411\" target=\"_blank\" rel=\"noopener\">La Bulgarie \u00e0 marche forc\u00e9e vers l\u2019euro<\/a>    <\/p>\n<p>   Lire plus tard  <\/p>\n<p class=\"article__paragraph  \">Lors du rassemblement de lundi, le plus important depuis des ann\u00e9es, les manifestants se sont rassembl\u00e9s sur la grande place devant le Parlement, brandissant des pancartes et appelant \u00e0\u00a0un changement de gouvernement, tout en scandant \u00ab\u00a0mafia\u00a0!\u00a0\u00bb ou \u00ab\u00a0d\u00e9mission\u00a0!\u00a0\u00bb, selon un journaliste de l\u2019Agence France-Presse (AFP). Des manifestations similaires ont eu lieu dans d\u2019autres villes du pays, selon les m\u00e9dias locaux.<\/p>\n<p>                    La Bulgarie entre dans la zone euro le 1\u1d49\u02b3 janvier                    <\/p>\n<p class=\"article__paragraph  \">A l\u2019issue du rassemblement, des affrontements avec la police ont \u00e9clat\u00e9 lorsque des manifestants masqu\u00e9s ont attaqu\u00e9 le si\u00e8ge du DPS \u2013 un parti qui soutient le gouvernement \u2013, en lan\u00e7ant des pierres et des bouteilles, ainsi que des p\u00e9tards sur les policiers. Les forces de l\u2019ordre ont r\u00e9pliqu\u00e9 avec des grenades lacrymog\u00e8nes et ont interpell\u00e9 plusieurs personnes, ont constat\u00e9 des journalistes de l\u2019AFP. Non loin de l\u00e0, un bureau du GERB \u2013 parti au pouvoir \u2013 a\u00a0\u00e9galement \u00e9t\u00e9 la cible de manifestants.<\/p>\n<p class=\"article__paragraph  \">Le pr\u00e9sident bulgare, Roumen Radev, a appel\u00e9 \u00e0 l\u2019arr\u00eat des violences en les qualifiant de \u00ab\u00a0provocation\u00a0\u00bb et a demand\u00e9 au gouvernement de d\u00e9missionner. \u00ab\u00a0Il n\u2019y a qu\u2019une mani\u00e8re de s\u2019en sortir\u00a0: la d\u00e9mission et des \u00e9lections anticip\u00e9es\u00a0\u00bb, a-t-il dit sur le r\u00e9seau social Facebook.<\/p>\n<p>                                       Lire aussi |  Article r\u00e9serv\u00e9 \u00e0 nos abonn\u00e9s  <a href=\"https:\/\/www.lemonde.fr\/economie\/article\/2025\/11\/27\/en-bulgarie-le-gouvernement-retire-le-budget-2026-sous-la-pression-de-la-rue_6655102_3234.html\" class=\"js-article-read-also catcher--favoris__link\" data-premium=\"1\" id=\"article-title-3448531\" target=\"_blank\" rel=\"noopener\">En Bulgarie, le gouvernement retire le budget\u00a02026 sous la pression de la rue<\/a>    <\/p>\n<p>   Lire plus tard  <\/p>\n<p class=\"article__paragraph  \">Le gouvernement devrait proposer cette semaine des amendements au projet de budget, apr\u00e8s avoir promis de ne pas adopter les points contest\u00e9s, comme l\u2019augmentation des cotisations sociales.<\/p>\n<p class=\"article__paragraph  \">Avec l\u2019entr\u00e9e de la Bulgarie dans la zone euro le 1\u1d49\u02b3 janvier, ce budget sera le premier \u00e0 \u00eatre calcul\u00e9 en euros. Le pays figure parmi les Etats membres de l\u2019UE les plus corrompus, avec la Hongrie et la Roumanie, selon l\u2019indice de perception de la corruption de l\u2019organisation Transparency International.<\/p>\n<p class=\"author__detail\">  Le Monde avec AFP  <\/p>\n<p>                <a href=\"https:\/\/www.lemonde.fr\/syndication\/\" class=\"reuse__content\" title=\"R\u00e9utiliser ce contenu\" target=\"_blank\" rel=\"noopener\">R\u00e9utiliser ce contenu<\/a>      <\/p>\n","protected":false},"excerpt":{"rendered":"Une photo a\u00e9rienne montre la foule lors d\u2019une manifestation antigouvernementale, \u00e0 Sofia, le 1\u1d49\u02b3 d\u00e9cembre 2025. NIKOLAY DOYCHINOV\/AFP&hellip;\n","protected":false},"author":2,"featured_media":572129,"comment_status":"","ping_status":"","sticky":false,"template":"","format":"standard","meta":{"footnotes":""},"categories":[1586],"tags":[11,1777,674,1779,1011,27,12,25,1778,364],"class_list":{"0":"post-572128","1":"post","2":"type-post","3":"status-publish","4":"format-standard","5":"has-post-thumbnail","7":"category-europe","8":"tag-actualites","9":"tag-eu","10":"tag-europe","11":"tag-european-union","12":"tag-fr","13":"tag-france","14":"tag-news","15":"tag-republique-francaise","16":"tag-ue","17":"tag-union-europeenne"},"share_on_mastodon":{"url":"https:\/\/pubeurope.com\/@fr\/115647500946270260","error":""},"_links":{"self":[{"href":"https:\/\/www.europesays.com\/fr\/wp-json\/wp\/v2\/posts\/572128","targetHints":{"allow":["GET"]}}],"collection":[{"href":"https:\/\/www.europesays.com\/fr\/wp-json\/wp\/v2\/posts"}],"about":[{"href":"https:\/\/www.europesays.com\/fr\/wp-json\/wp\/v2\/types\/post"}],"author":[{"embeddable":true,"href":"https:\/\/www.europesays.com\/fr\/wp-json\/wp\/v2\/users\/2"}],"replies":[{"embeddable":true,"href":"https:\/\/www.europesays.com\/fr\/wp-json\/wp\/v2\/comments?post=572128"}],"version-history":[{"count":0,"href":"https:\/\/www.europesays.com\/fr\/wp-json\/wp\/v2\/posts\/572128\/revisions"}],"wp:featuredmedia":[{"embeddable":true,"href":"https:\/\/www.europesays.com\/fr\/wp-json\/wp\/v2\/media\/572129"}],"wp:attachment":[{"href":"https:\/\/www.europesays.com\/fr\/wp-json\/wp\/v2\/media?parent=572128"}],"wp:term":[{"taxonomy":"category","embeddable":true,"href":"https:\/\/www.europesays.com\/fr\/wp-json\/wp\/v2\/categories?post=572128"},{"taxonomy":"post_tag","embeddable":true,"href":"https:\/\/www.europesays.com\/fr\/wp-json\/wp\/v2\/tags?post=572128"}],"curies":[{"name":"wp","href":"https:\/\/api.w.org\/{rel}","templated":true}]}}