{"id":572143,"date":"2025-12-02T02:11:16","date_gmt":"2025-12-02T02:11:16","guid":{"rendered":"https:\/\/www.europesays.com\/fr\/572143\/"},"modified":"2025-12-02T02:11:16","modified_gmt":"2025-12-02T02:11:16","slug":"cdf-32e-le-rc-lens-se-deplacera-a-feignies-aulnoye","status":"publish","type":"post","link":"https:\/\/www.europesays.com\/fr\/572143\/","title":{"rendered":"[CdF-32e] Le RC Lens se d\u00e9placera \u00e0 Feignies-Aulnoye"},"content":{"rendered":"<p data-start=\"60\" data-end=\"229\">Ce lundi soir, le tirage au sort des 32es de finale de la Coupe de France a \u00e9t\u00e9 effectu\u00e9. <strong>Le Racing Club de Lens jouera Feignies-Aulnoye, pensionnaire de National 2.<\/strong><\/p>\n<p data-start=\"231\" data-end=\"476\"><strong>Feignies-Aulnoye sera donc au programme du Racing le week-end du 20 d\u00e9cembre<\/strong>. Apr\u00e8s les 15e et 16e journ\u00e9es de Ligue 1, qui se d\u00e9rouleront lors des deux prochains week-ends, le RC Lens fera son entr\u00e9e dans la comp\u00e9tition face \u00e0 Feignies-Aulnoye. Le club du Pas-de-Calais retrouvera quelques anciens de ses pensionnaires : Tommy Plumain, Souleymane Diarra, Yassine Chah, Adam Abeddou ou encore Nolan Bonte.<\/p>\n<p data-start=\"231\" data-end=\"476\"><img loading=\"lazy\" decoding=\"async\" class=\"alignnone size-medium wp-image-239119 lazyload\" alt=\"nolan bonte Lens PSV Youth League\" width=\"600\" height=\"400\" src=\"https:\/\/www.europesays.com\/fr\/wp-content\/uploads\/2025\/12\/nolan-bonte-Lens-PSV-Youth-League-e1698152110279-600x400.jpg\"  data- data-eio-rwidth=\"600\" data-eio-rheight=\"400\"\/><\/p>\n<p data-start=\"231\" data-end=\"476\">Pensionnaire de National 2, <strong>Feignies-Aulnoye est entr\u00e9 dans la comp\u00e9tition il y a quatre tours<\/strong>. Pour son premier tour, le 12 octobre, ils se sont impos\u00e9s contre l\u2019US Biache (0-4). Deux semaines plus tard, le FC Montigny-en-Gohelle \u00e9tait sorti aux tirs au but (2-2, 3 tab 5). Au cours du mois de novembre, Feignies-Aulnoye a \u00e9limin\u00e9 successivement l\u2019AC Cambrai (0-4) et l\u2019APM Metz (0-2).<\/p>\n<p data-start=\"478\" data-end=\"917\"><strong>Pour rappel, lors des deux \u00e9ditions pr\u00e9c\u00e9dentes, le RC Lens a \u00e9t\u00e9 \u00e9limin\u00e9 d\u00e8s son entr\u00e9e dans la comp\u00e9tition<\/strong>. En 2023-2024, c\u2019est l\u2019AS Monaco qui \u00e9tait venu se qualifier au stade Bollaert. La saison derni\u00e8re, c\u2019est le Paris SG qui s\u2019\u00e9tait qualifi\u00e9, \u00e9galement \u00e0 Bollaert. Les deux rencontres s\u2019\u00e9taient sold\u00e9es par des matchs nuls, respectivement 2-2 et 1-1, et les Sang et Or s\u2019\u00e9taient inclin\u00e9s lors des s\u00e9ances de tirs au but (5-6 et 3-4).<\/p>\n<p data-start=\"919\" data-end=\"1083\">\u00c0 noter que le Stade B\u00e9thunois de l\u2019ancien entra\u00eeneur et joueur du RCL, Jean-Guy Wallemme, \u00e9galement dans le groupe B, affrontera Sochaux, pensionnaire de National.<\/p>\n<p>Les 32e de finale de la Coupe de France :<\/p>\n<p><strong>Groupe A :<\/strong><br \/>Saint-Cyr-Collonges-Mont-d\u2019Or (R\u00e9gional 1) \u2013 Lyon (Ligue 1)<br \/>Grenoble (Ligue 2) \u2013 Nancy (Ligue 2)<br \/>Bourg-en-Bresse (National) \u2013 Marseille (Ligue 1)<br \/>M\u00e9rignac (R\u00e9gional 1) \u2013 Istres (National 2)<br \/>Lyon-la-Duch\u00e8re (National 3) \u2013 Toulouse (Ligue 1)<br \/>Nice (Ligue 1) \u2013 Saint-Etienne (Ligue 2)<br \/>Le Puy (National) \u2013 Bordeaux (National 2)<br \/>Auxerre (Ligue 1) \u2013 Monaco (Ligue 1)<br \/>Bassin d\u2019Arcachon (National 3) \u2013 Haut-Lyonnais (National 3)<br \/>Canet (National 3) \u2013 Montpellier (Ligue 2)<\/p>\n<p><strong>Groupe B :<\/strong><br \/>Freyming (R\u00e9gional 2) \u2013 Chantilly (National 2)<br \/>Biesheim (National 2) \u2013\u00a0Metz (Ligue 1)<br \/>Marcq-en-Baroeul (R\u00e9gional 1) \u2013 Troyes (Ligue 2)<br \/>B\u00e9thune (R\u00e9gional 1) \u2013 Sochaux (National 1)<br \/>Feignies-Aulnoye (National 2) \u2013 RC Lens (Ligue 1)<br \/>Croix (National 3) \u2013 Reims (Ligue 2)<br \/>Strasbourg (Ligue 1) \u2013 Dunkerque (Ligue 2)<br \/>Raon-l\u2019Etape (R\u00e9gional 1) \u2013 Paris FC (Ligue 1)<br \/>Orl\u00e9ans (National) \u2013 Dieppe (National 2)<br \/>Le Havre (Ligue 1) \u2013 Amiens (Ligue 2)<br \/>Saint-Maur (National 2) \u2013 Lille (Ligue 1)<\/p>\n<p><strong>Groupe C :<\/strong><br \/>Concarneau (National) \u2013 Nantes (Ligue 1)<br \/>Vend\u00e9e-Fontenay (National 3) \u2013 Paris SG (Ligue 1)<br \/>Perigny (R\u00e9gional 1) \u2013 Le Mans (Ligue 2)<br \/>Les Herbiers (National 2) \u2013 Angers (Ligue 1)<br \/>Bayeux (R\u00e9gional 1) \u2013 Blois (National 2)<br \/>Le Gosier (R\u00e9gional 1) \u2013 Lorient (Ligue 1)<br \/>Montreuil (R\u00e9gional 1) ou US Granvillaise (National 2) \u2013 Chauvigny (National 3)<br \/>Les Sables (National 3) \u2013 Rennes (Ligue 1)<br \/>Pontivy-Garde-Saint-Ivy (National 3) \u2013 Bastia (Ligue 2)<br \/>Avranches (National 2) \u2013 Brest (Ligue 1)<br \/>Guingamp (Ligue 2) \u2013 Laval (Ligue 2)<\/p>\n","protected":false},"excerpt":{"rendered":"Ce lundi soir, le tirage au sort des 32es de finale de la Coupe de France a \u00e9t\u00e9&hellip;\n","protected":false},"author":2,"featured_media":572144,"comment_status":"","ping_status":"","sticky":false,"template":"","format":"standard","meta":{"footnotes":""},"categories":[1410],"tags":[63,1011,27,60],"class_list":{"0":"post-572143","1":"post","2":"type-post","3":"status-publish","4":"format-standard","5":"has-post-thumbnail","7":"category-football","8":"tag-football","9":"tag-fr","10":"tag-france","11":"tag-sports"},"share_on_mastodon":{"url":"https:\/\/pubeurope.com\/@fr\/115647551823076649","error":""},"_links":{"self":[{"href":"https:\/\/www.europesays.com\/fr\/wp-json\/wp\/v2\/posts\/572143","targetHints":{"allow":["GET"]}}],"collection":[{"href":"https:\/\/www.europesays.com\/fr\/wp-json\/wp\/v2\/posts"}],"about":[{"href":"https:\/\/www.europesays.com\/fr\/wp-json\/wp\/v2\/types\/post"}],"author":[{"embeddable":true,"href":"https:\/\/www.europesays.com\/fr\/wp-json\/wp\/v2\/users\/2"}],"replies":[{"embeddable":true,"href":"https:\/\/www.europesays.com\/fr\/wp-json\/wp\/v2\/comments?post=572143"}],"version-history":[{"count":0,"href":"https:\/\/www.europesays.com\/fr\/wp-json\/wp\/v2\/posts\/572143\/revisions"}],"wp:featuredmedia":[{"embeddable":true,"href":"https:\/\/www.europesays.com\/fr\/wp-json\/wp\/v2\/media\/572144"}],"wp:attachment":[{"href":"https:\/\/www.europesays.com\/fr\/wp-json\/wp\/v2\/media?parent=572143"}],"wp:term":[{"taxonomy":"category","embeddable":true,"href":"https:\/\/www.europesays.com\/fr\/wp-json\/wp\/v2\/categories?post=572143"},{"taxonomy":"post_tag","embeddable":true,"href":"https:\/\/www.europesays.com\/fr\/wp-json\/wp\/v2\/tags?post=572143"}],"curies":[{"name":"wp","href":"https:\/\/api.w.org\/{rel}","templated":true}]}}