{"id":572149,"date":"2025-12-02T02:15:38","date_gmt":"2025-12-02T02:15:38","guid":{"rendered":"https:\/\/www.europesays.com\/fr\/572149\/"},"modified":"2025-12-02T02:15:38","modified_gmt":"2025-12-02T02:15:38","slug":"jai-tout-quitte-cede-mon-cabinet-cette-aventuriere-de-koh-lanta-a-totalement-change-de-vie-depuis-sa-participation-a-lemission","status":"publish","type":"post","link":"https:\/\/www.europesays.com\/fr\/572149\/","title":{"rendered":"\u00ab\u00a0J&rsquo;ai tout quitt\u00e9, c\u00e9d\u00e9 mon cabinet\u00a0\u00bb : Cette aventuri\u00e8re de Koh-Lanta a totalement chang\u00e9 de vie depuis sa participation \u00e0 l&rsquo;\u00e9mission"},"content":{"rendered":"<p>                <img loading=\"lazy\" decoding=\"async\" src=\"https:\/\/www.europesays.com\/fr\/wp-content\/uploads\/2025\/04\/67-60dc2d2db82b7-35x35-1.jpg\" class=\"author-article-picture\" width=\"35\" height=\"35\"\/><\/p>\n<p>                    Par<\/p>\n<p>                                            <a class=\"author-article-bio-link\" href=\"https:\/\/www.purepeople.com\/auteur\/hiba-semali_a67\" target=\"_blank\" rel=\"noopener\">Hiba Semali<\/a><\/p>\n<p>                    |<\/p>\n<p>                                            R\u00e9dactrice<\/p>\n<p>\n                Rattach\u00e9e \u00e0 la rubrique t\u00e9l\u00e9, Hiba Semali se consacre au petit \u00e9cran. The Voice, Koh-Lanta, Top Chef, Secret Story, Star Academy ou encore Les Marseillais n&rsquo;ont aucun secret pour elle.\n            <\/p>\n<p>\n    Sur les r\u00e9seaux sociaux, cette aventuri\u00e8re de \u00ab\u00a0Koh-Lanta\u00a0\u00bb dresse le bilan de sa vie professionnelle. Et elle en profite pour raconter avoir v\u00e9cu un tournant lorsqu&rsquo;elle a pris la d\u00e9cision de tout plaquer.\n<\/p>\n<p>                            <img loading=\"lazy\" decoding=\"async\" class=\"player-thumbnail\" src=\"https:\/\/www.europesays.com\/fr\/wp-content\/uploads\/2025\/12\/818f7b1d3046ac0e-580x326-2.png\" width=\"580\" height=\"326\"\/><\/p>\n<p>                            \u00ab\u00a0J&rsquo;ai tout quitt\u00e9, c\u00e9d\u00e9 mon cabinet\u00a0\u00bb : Cette aventuri\u00e8re de Koh-Lanta a totalement chang\u00e9 de vie depuis sa participation \u00e0 l&rsquo;\u00e9mission<\/p>\n<p>La suite apr\u00e8s la publicit\u00e9<\/p>\n<p>C&rsquo;est en 2022 que les t\u00e9l\u00e9spectateurs ont d\u00e9couvert <strong>C\u00e9line<\/strong>. Elle participait ainsi \u00e0 <strong>Koh-Lanta, Le Totem maudit<\/strong>. <a href=\"https:\/\/www.purepeople.com\/article\/koh-lanta-la-finale-le-nom-du-grand-gagnant-revele_a493254\/1\" target=\"_blank\" rel=\"noopener\">Une \u00e9dition finalement remport\u00e9e par \u00e0 \u00e9galit\u00e9 par Fran\u00e7ois et Bastien<\/a>. De son c\u00f4t\u00e9, celle qui avait \u00e9t\u00e9 pr\u00e9sent\u00e9e comme <a href=\"https:\/\/www.purepeople.com\/article\/koh-lanta-2022-celine-et-lili-eliminees-un-aventurier-intoxique-et-deja-un-clash-au-conseil_a477070\/1\" target=\"_blank\" rel=\"noopener\">l&rsquo;infirmi\u00e8re altruiste de la saison avait \u00e9t\u00e9 \u00e9limin\u00e9e la premi\u00e8re<\/a>. Mais elle n&rsquo;en reste pas moins une figure du jeu de survie. D&rsquo;autant que son histoire avait marqu\u00e9 les t\u00e9l\u00e9spectateurs. <a href=\"https:\/\/www.purepeople.com\/article\/celine-koh-lanta-2022-revele-etre-veuve-message-bouleversant-a-ses-enfants_a476404\/1\" target=\"_blank\" rel=\"noopener\">C\u00e9line r\u00e9v\u00e9lait ainsi avoir perdu le p\u00e8re de ses enfants<\/a>, policier de m\u00e9tier. Et aujourd&rsquo;hui, elle fait une autre r\u00e9v\u00e9lation sur sa vie priv\u00e9e, ou plut\u00f4t professionnelle.<\/p>\n<p>Samedi 29 novembre 2025, C\u00e9line s&rsquo;est saisie de son compte Instagram. Elle y partage ainsi une photo d&rsquo;elle en noir elle blanc. Elle appara\u00eet un masque chirurgical sur le nez et la bouche ainsi qu&rsquo;une charlotte sur la t\u00eate. Un clich\u00e9 visiblement pris en milieu hospitalier. Et en l\u00e9gende, elle fait le bilan. \u00ab\u00a020 ans de carri\u00e8re aujourd\u2019hui mais aussi 20 ans \u00e0 d\u00e9couvrir les ficelles de ce monde du m\u00e9dical dans un pays \u00e0 la d\u00e9rive\u00a0\u00bb, se souvient-elle. \u00ab\u00a0<a href=\"https:\/\/www.purepeople.com\/article\/celine-koh-lanta-bouleversee-par-la-mort-d-un-proche-son-message-dechirant_a484714\/1\" target=\"_blank\" rel=\"noopener\">Et puis ce jour o\u00f9 tout a bascul\u00e9, des coll\u00e8gues d\u00e9c\u00e8dent<\/a>, ma meilleure amie finit en Covid long dans le silence mais on oublie. Eh bien merci \u00e0 cette \u00e9tape car elle m\u2019a ouvert les yeux, poursuit-elle. <strong>J&rsquo;ai tout quitt\u00e9, c\u00e9d\u00e9 mon cabinet<\/strong>.\u00a0\u00bb Une d\u00e9cision qui lui a alors chang\u00e9 la vie ! \u00ab\u00a0Ne plus \u00eatre titulaire mais rempla\u00e7ante, ne plus laisser le boulot prendre mon temps personnel, libre de mes choix. M\u2019ouvrir \u00e0 d\u2019autre chose donner un peu de temps en volontariat au SDIS. Tout simplement <strong>vivre une vie diff\u00e9rente dans les hautes Pyr\u00e9n\u00e9es<\/strong>\u00ab\u00a0, se r\u00e9jouit-elle.<\/p>\n<p>Apr\u00e8s Koh-Lanta, C\u00e9line a pris une grande d\u00e9cision : arr\u00eater de fumer<\/p>\n<p>Apr\u00e8s le Covid, C\u00e9line a choisi de devenir infirmi\u00e8re lib\u00e9rale. Puis, apr\u00e8s Koh-Lanta, elle a pris une autre d\u00e9cision importante dans sa vie. Et cette fois, elle concerne sa sant\u00e9. En exclusivit\u00e9 pour Purepeople.com, <a href=\"https:\/\/www.purepeople.com\/article\/celine-eliminee-de-koh-lanta-le-totem-maudit-j-ai-eu-une-place-delicate-des-le-debut_a477742\/1\" target=\"_blank\" rel=\"noopener\">l&rsquo;aventuri\u00e8re confiait alors avoir arr\u00eat\u00e9 de fumer<\/a>. \u00ab\u00a0J&rsquo;ai gagn\u00e9 300 euros de budget mensuel dans la poche\u00a0\u00bb, avait-elle alors soulign\u00e9. Autre avantage de l&rsquo;aventure : \u00ab\u00a0Aussi, on retourne \u00e0 l&rsquo;essentiel. Avec le confinement et le rythme de travail, je m&rsquo;\u00e9tais un peu \u00e9loign\u00e9e humainement des gens. Maintenant, je pr\u00e9f\u00e8re inviter mes proches, \u00eatre plus en contact avec eux. L&rsquo;humain m&rsquo;a tellement manqu\u00e9 que je pr\u00e9f\u00e8re d\u00e9sormais les voir en vrai, limiter le t\u00e9l\u00e9phone.\u00a0\u00bb Elle n&rsquo;a pas gagn\u00e9 les 100 000 euros promis au vainqueur, mais C\u00e9line est ressortie chang\u00e9e de Koh-Lanta.<\/p>\n","protected":false},"excerpt":{"rendered":"Par Hiba Semali | R\u00e9dactrice Rattach\u00e9e \u00e0 la rubrique t\u00e9l\u00e9, Hiba Semali se consacre au petit \u00e9cran. The&hellip;\n","protected":false},"author":2,"featured_media":572150,"comment_status":"","ping_status":"","sticky":false,"template":"","format":"standard","meta":{"footnotes":""},"categories":[1356],"tags":[58,59,1011,27,252,1364],"class_list":{"0":"post-572149","1":"post","2":"type-post","3":"status-publish","4":"format-standard","5":"has-post-thumbnail","7":"category-television","8":"tag-divertissement","9":"tag-entertainment","10":"tag-fr","11":"tag-france","12":"tag-television","13":"tag-tv"},"share_on_mastodon":{"url":"https:\/\/pubeurope.com\/@fr\/115647567215037125","error":""},"_links":{"self":[{"href":"https:\/\/www.europesays.com\/fr\/wp-json\/wp\/v2\/posts\/572149","targetHints":{"allow":["GET"]}}],"collection":[{"href":"https:\/\/www.europesays.com\/fr\/wp-json\/wp\/v2\/posts"}],"about":[{"href":"https:\/\/www.europesays.com\/fr\/wp-json\/wp\/v2\/types\/post"}],"author":[{"embeddable":true,"href":"https:\/\/www.europesays.com\/fr\/wp-json\/wp\/v2\/users\/2"}],"replies":[{"embeddable":true,"href":"https:\/\/www.europesays.com\/fr\/wp-json\/wp\/v2\/comments?post=572149"}],"version-history":[{"count":0,"href":"https:\/\/www.europesays.com\/fr\/wp-json\/wp\/v2\/posts\/572149\/revisions"}],"wp:featuredmedia":[{"embeddable":true,"href":"https:\/\/www.europesays.com\/fr\/wp-json\/wp\/v2\/media\/572150"}],"wp:attachment":[{"href":"https:\/\/www.europesays.com\/fr\/wp-json\/wp\/v2\/media?parent=572149"}],"wp:term":[{"taxonomy":"category","embeddable":true,"href":"https:\/\/www.europesays.com\/fr\/wp-json\/wp\/v2\/categories?post=572149"},{"taxonomy":"post_tag","embeddable":true,"href":"https:\/\/www.europesays.com\/fr\/wp-json\/wp\/v2\/tags?post=572149"}],"curies":[{"name":"wp","href":"https:\/\/api.w.org\/{rel}","templated":true}]}}