{"id":572151,"date":"2025-12-02T02:17:23","date_gmt":"2025-12-02T02:17:23","guid":{"rendered":"https:\/\/www.europesays.com\/fr\/572151\/"},"modified":"2025-12-02T02:17:23","modified_gmt":"2025-12-02T02:17:23","slug":"helene-rolles-annule-un-concert-a-la-derniere-minute-son-producteur-revele-pourquoi","status":"publish","type":"post","link":"https:\/\/www.europesays.com\/fr\/572151\/","title":{"rendered":"H\u00e9l\u00e8ne Roll\u00e8s annule un concert \u00e0 la derni\u00e8re minute, son producteur r\u00e9v\u00e8le pourquoi"},"content":{"rendered":"<p>\n        H\u00e9l\u00e8ne Roll\u00e8s devait se produire en concert en Belgique ce week-end. Sauf que la chanteuse a \u00e9t\u00e9 contrainte d&rsquo;annuler au dernier moment, provoquant la col\u00e8re des fans. Son producteur a pris la parole pour invoquer \u00ab\u00a0une raison m\u00e9dicale\u00a0\u00bb.\n    <\/p>\n<p class=\"content-paragraph\"><img decoding=\"async\" src=\"https:\/\/www.europesays.com\/fr\/wp-content\/uploads\/2025\/12\/photo_1764596861.jpg\" class=\"textcenter img-content\" loading=\"lazy\" style=\"margin-bottom: 0;\"\/>Bestimage <br \/>H\u00e9l\u00e8ne Roll\u00e8s reste au coeur de l&rsquo;actualit\u00e9. 33 ans apr\u00e8s avoir fait ses premiers pas dans \u00ab\u00a0H\u00e9l\u00e8ne et les gar\u00e7ons\u00a0\u00bb, la chanteuse et com\u00e9dienne continue de tisser un lien fort avec le public gr\u00e2ce notamment aux <a href=\"https:\/\/www.chartsinfrance.net\/actualite\/news-134073.html\" class=\"articlepage-link\" target=\"_blank\" rel=\"noopener\">\u00ab\u00a0Myst\u00e8res de l&rsquo;amour\u00a0\u00bb<\/a>. Alors que <a href=\"https:\/\/www.chartsinfrance.net\/actualite\/news-134039.html\" class=\"articlepage-link\" target=\"_blank\" rel=\"noopener\">la s\u00e9rie s&rsquo;arr\u00eate sur TMC<\/a>, elle devrait basculer sur une autre cha\u00eene de la TNT prochainement. En parall\u00e8le, celle qui a <a href=\"https:\/\/www.chartsinfrance.net\/actualite\/news-132533.html\" class=\"articlepage-link\" target=\"_blank\" rel=\"noopener\">particip\u00e9 \u00e0 \u00ab\u00a0Mask Singer\u00a0\u00bb<\/a> a publi\u00e9 <a href=\"https:\/\/www.chartsinfrance.net\/Helene-Rolles\/news-128339.html\" class=\"articlepage-link\" target=\"_blank\" rel=\"noopener\">un nouvel album<\/a>, emmen\u00e9 par les singles <a href=\"https:\/\/www.chartsinfrance.net\/Helene-Rolles\/news-129841.html\" class=\"articlepage-link\" target=\"_blank\" rel=\"noopener\">\u00ab\u00a0Oh la la la vie est belle\u00a0\u00bb<\/a> et \u00ab\u00a0Tu n&rsquo;es plus l\u00e0\u00a0\u00bb. Des chansons qu&rsquo;elle a d\u00e9fendues <a href=\"https:\/\/www.chartsinfrance.net\/Helene-Rolles\/news-130442.html\" class=\"articlepage-link\" target=\"_blank\" rel=\"noopener\">sur sc\u00e8ne \u00e0 Paris<\/a> en mars dernier, avant d&rsquo;annoncer d&rsquo;autres dates au compte-gouttes. Sauf que monter sur sc\u00e8ne reste un supplice pour H\u00e9l\u00e8ne Roll\u00e8s. \u00ab Une fois que je suis sur sc\u00e8ne, au bout de la deuxi\u00e8me chanson \u00e7a va, mais avant c&rsquo;est affreux, je pleure et tout. J&rsquo;en suis malade. C&rsquo;est le trac quoi ! \u00bb confiait-elle en <a href=\"https:\/\/www.chartsinfrance.net\/Helene-Rolles\/news-130305.html\" class=\"articlepage-link\" target=\"_blank\" rel=\"noopener\">interview sur Purecharts<\/a>.<\/p>\n<p>\u00ab\u00a0Une mauvaise grippe, plus de voix\u00a0\u00bb<\/p>\n<p class=\"content-paragraph\"> Ainsi, ce dimanche 30 novembre, H\u00e9l\u00e8ne Roll\u00e8s devait donner un concert au Th\u00e9\u00e2tre Royal de Mons, en Belgique. Sauf que le concert a \u00e9t\u00e9 annul\u00e9 \u00e0 la derni\u00e8re minute et il \u00ab ne sera pas report\u00e9 \u00bb. Une v\u00e9ritable d\u00e9ception pour les fans d&rsquo;autant qu&rsquo;aucune explication n&rsquo;a \u00e9t\u00e9 avanc\u00e9e pour justifier ce faux bond. Certains ont alors suspect\u00e9 un faible taux de remplissage. Face aux messages des fans en col\u00e8re, son producteur Jean-Luc Azoulay a pris la parole afin de r\u00e9pondre aux critiques. \u00ab Si H\u00e9l\u00e8ne a annul\u00e9 le concert qu&rsquo;elle devait donner \u00e0 Mons, demain, c&rsquo;est pour une raison m\u00e9dicale \u00bb \u00e9crit-il avant d&rsquo;en dire plus sur la sant\u00e9 d&rsquo;H\u00e9l\u00e8ne Roll\u00e8s : \u00ab Une mauvaise grippe, plus de voix, difficile de chanter dans ces cas-l\u00e0 \u00bb. Et d&rsquo;ajouter : \u00ab Si le concert n&rsquo;a pas \u00e9t\u00e9 report\u00e9, c&rsquo;est parce que le planning d&rsquo;H\u00e9l\u00e8ne ne le permet pas pour le moment. Mais nos amis Belges retrouveront H\u00e9l\u00e8ne tr\u00e8s vite ! \u00bb.<\/p>\n<blockquote class=\"instagram-media\" data-instgrm-captioned=\"\" data-instgrm-permalink=\"https:\/\/www.instagram.com\/p\/DRplS7mDE9K\/?utm_source=ig_embed&amp;utm_campaign=loading\" data-instgrm-version=\"14\" style=\" background:#FFF; border:0; border-radius:3px; box-shadow:0 0 1px 0 rgba(0,0,0,0.5),0 1px 10px 0 rgba(0,0,0,0.15); margin: 1px; max-width:540px; min-width:326px; padding:0; width:99.375%; width:-webkit-calc(100% - 2px); width:calc(100% - 2px);\"\/><p> <\/p>\n<p>                <img loading=\"lazy\" decoding=\"async\" src=\"https:\/\/www.europesays.com\/fr\/wp-content\/uploads\/2025\/10\/favicon.png\" class=\"author-article-picture\" width=\"35\" height=\"35\"\/><\/p>\n<p>                    Par<\/p>\n<p>                                            <a class=\"author-article-bio-link\" href=\"https:\/\/www.chartsinfrance.net\/auteur\/54\/\" target=\"_blank\" rel=\"noopener\">Julien GONCALVES<\/a><\/p>\n<p>                    |<\/p>\n<p>                                            R\u00e9dacteur en chef<\/p>\n<p>\n                    Enfant des ann\u00e9es 80 et ex-collectionneur de CD 2 titres, il se passionne tr\u00e8s t\u00f4t pour la musique, notamment la pop anglaise et la chanson fran\u00e7aise dont il est devenu un expert.\n                <\/p>\n<p>                        <script async src=\"\/\/www.instagram.com\/embed.js\"><\/script><\/p>\n","protected":false},"excerpt":{"rendered":"H\u00e9l\u00e8ne Roll\u00e8s devait se produire en concert en Belgique ce week-end. Sauf que la chanteuse a \u00e9t\u00e9 contrainte&hellip;\n","protected":false},"author":2,"featured_media":572152,"comment_status":"","ping_status":"","sticky":false,"template":"","format":"standard","meta":{"footnotes":""},"categories":[1355],"tags":[58,59,1011,27,1361,873],"class_list":{"0":"post-572151","1":"post","2":"type-post","3":"status-publish","4":"format-standard","5":"has-post-thumbnail","7":"category-musique","8":"tag-divertissement","9":"tag-entertainment","10":"tag-fr","11":"tag-france","12":"tag-music","13":"tag-musique"},"share_on_mastodon":{"url":"https:\/\/pubeurope.com\/@fr\/115647575208624077","error":""},"_links":{"self":[{"href":"https:\/\/www.europesays.com\/fr\/wp-json\/wp\/v2\/posts\/572151","targetHints":{"allow":["GET"]}}],"collection":[{"href":"https:\/\/www.europesays.com\/fr\/wp-json\/wp\/v2\/posts"}],"about":[{"href":"https:\/\/www.europesays.com\/fr\/wp-json\/wp\/v2\/types\/post"}],"author":[{"embeddable":true,"href":"https:\/\/www.europesays.com\/fr\/wp-json\/wp\/v2\/users\/2"}],"replies":[{"embeddable":true,"href":"https:\/\/www.europesays.com\/fr\/wp-json\/wp\/v2\/comments?post=572151"}],"version-history":[{"count":0,"href":"https:\/\/www.europesays.com\/fr\/wp-json\/wp\/v2\/posts\/572151\/revisions"}],"wp:featuredmedia":[{"embeddable":true,"href":"https:\/\/www.europesays.com\/fr\/wp-json\/wp\/v2\/media\/572152"}],"wp:attachment":[{"href":"https:\/\/www.europesays.com\/fr\/wp-json\/wp\/v2\/media?parent=572151"}],"wp:term":[{"taxonomy":"category","embeddable":true,"href":"https:\/\/www.europesays.com\/fr\/wp-json\/wp\/v2\/categories?post=572151"},{"taxonomy":"post_tag","embeddable":true,"href":"https:\/\/www.europesays.com\/fr\/wp-json\/wp\/v2\/tags?post=572151"}],"curies":[{"name":"wp","href":"https:\/\/api.w.org\/{rel}","templated":true}]}}