{"id":572155,"date":"2025-12-02T02:19:20","date_gmt":"2025-12-02T02:19:20","guid":{"rendered":"https:\/\/www.europesays.com\/fr\/572155\/"},"modified":"2025-12-02T02:19:20","modified_gmt":"2025-12-02T02:19:20","slug":"vih-chlamydia-syphillis-les-contaminations-sont-en-hausse-en-provence-alpes-cote-dazur","status":"publish","type":"post","link":"https:\/\/www.europesays.com\/fr\/572155\/","title":{"rendered":"VIH, chlamydia, syphillis&#8230; Les contaminations sont en hausse en Provence-Alpes-C\u00f4te d&rsquo;Azur"},"content":{"rendered":"<p class=\"article__intro\">Le 1er d\u00e9cembre est la journ\u00e9e mondiale de lutte contre le sida. En Provence-Alpes-C\u00f4te d&rsquo;Azur, le nombre d\u2019infections continue d\u2019augmenter, qu&rsquo;il s&rsquo;agisse du VIH ou d&rsquo;autres infections sexuellement transmissibles. Si les d\u00e9pistages sont plus fr\u00e9quents, la d\u00e9sinformation joue aussi dans cette hausse des contaminations.<\/p>\n<p>\n      La Quotidienne Soci\u00e9t\u00e9\n    <\/p>\n<p>\n      De la vie quotidienne aux grands enjeux, recevez tous les jours les sujets qui font la soci\u00e9t\u00e9 locale, comme la justice, l\u2019\u00e9ducation, la sant\u00e9 et la famille.\n    <\/p>\n<p>    France T\u00e9l\u00e9visions utilise votre adresse e-mail afin de vous envoyer la newsletter \u00ab\u00a0La Quotidienne Soci\u00e9t\u00e9\u00a0\u00bb. Vous pouvez vous d\u00e9sinscrire \u00e0 tout moment via le lien en bas de cette newsletter. <a target=\"_blank\" href=\"https:\/\/www.francetelevisions.fr\/groupe\/confidentialite\/politique-de-confidentialite\/politique-de-confidentialite-de-france-televisions-6503\" rel=\"noopener\">Notre politique de confidentialit\u00e9<\/a><\/p>\n<p>Sant\u00e9 Publique France est en alerte. Dans son <a href=\"https:\/\/www.santepubliquefrance.fr\/regions\/provence-alpes-cote-d-azur-et-corse\/documents\/bulletin-regional\/2025\/vih-et-ist-bacteriennes-en-paca.-bilan-2024\" target=\"_blank\" rel=\"noopener noreferrer nofollow\" data-tooltip-url=\"https:\/\/www.santepubliquefrance.fr\/regions\/provence-alpes-cote-d-azur-et-corse\/documents\/bulletin-regional\/2025\/vih-et-ist-bacteriennes-en-paca.-bilan-2024\">dernier bulletin de surveillance du VIH et des IST<\/a> pour la r\u00e9gion Provence-Alpes-C\u00f4te d\u2019Azur, elle fait \u00e9tat d\u2019un taux d\u2019incidence du VIH qui \u00ab\u00a0ne diminue plus au cours des trois derni\u00e8res ann\u00e9es\u00a0\u00bb. M\u00eame chose pour les infections sexuellement transmissibles (IST).<\/p>\n<p>Il faut d\u2019abord distinguer le VIH, du sida. Le premier est le virus de l\u2019immunod\u00e9ficience humaine, et le second est l\u2019acronyme du syndrome de l\u2019immunod\u00e9ficience humaine acquise. En clair\u00a0: c\u2019est la phase o\u00f9 les d\u00e9fenses immunitaires peuvent \u00eatre d\u00e9truites et causer des maladies opportunistes parfois mortelles. En 2024, les nouveaux cas recens\u00e9s de sida concernent surtout les hommes ayant des relations h\u00e9t\u00e9rosexuelles. Sant\u00e9 Publique France note aussi que \u00ab\u00a0les hommes repr\u00e9sentaient 68% des cas de sida\u00a0\u00bb, dans la r\u00e9gion.<\/p>\n<p>Le diagnostic du VIH est qualifi\u00e9 de \u00ab\u00a0stable\u00a0\u00bb par Sant\u00e9 Publique France. SPF \u00e9voque 333 \u00ab\u00a0d\u00e9couvertes de s\u00e9ropositivit\u00e9 en 2024\u00a0\u00bb, dans notre r\u00e9gion. Ce qui repr\u00e9sente, selon l\u2019indicateur de l\u2019agence de sant\u00e9, un taux de\u00a0\u00ab\u00a063,8 au million d\u2019habitants\u00a0\u00bb.<\/p>\n<p>Pour d\u00e9tecter les contaminations, des tests sanguins sont faits. Ils donnent lieu \u00e0 des analyses en laboratoire, appel\u00e9es \u00ab\u00a0s\u00e9rologies\u00a0\u00bb. En 2024, pour 1.000 s\u00e9rologies effectu\u00e9es, 1 ressortait positive dans la r\u00e9gion Provence-Alpes-C\u00f4te d\u2019Azur. C\u2019est proche du niveau du reste de la France, hors \u00cele-de-France (0,9 positives pour 1.000 s\u00e9rologies). Dans le d\u00e9tail, 1 s\u00e9rologie sur 1.000 ressort positive dans les Alpes-Maritimes. Ce taux atteint 1,2 dans les Bouches-du-Rh\u00f4ne et 0,8 pour le Var.<\/p>\n<p>Outre le VIH et le sida, les contaminations augmentent aussi pour ce qui est des infections sexuellement transmissibles. La chlamydia circule davantage \u00e0 l\u2019\u00e9chelle de la r\u00e9gion. Sant\u00e9 Publique France \u00e9voque un taux de diagnostic de \u00ab\u00a091,4 pour 100.000 habitants\u00a0\u00bb pour 2024. Soit 2,9 points de plus qu\u2019en 2023. C\u2019est bien plus que la moyenne du reste de la France, sans la r\u00e9gion parisienne, qui est \u00e0 un taux de diagnostic de \u00ab\u00a077,7 pour 100 000 habitants\u00a0\u00bb.<\/p>\n<p>Viennent ensuite les infections \u00e0 gonocoques. Le taux de diagnostic pour la r\u00e9gion en 2024 est de \u00ab\u00a029 pour 100.000 habitants\u00a0\u00bb. Il \u00e9tait de \u00ab\u00a025,9 pour 100 000 habitants\u00a0\u00bb en 2023. Une statistique qui reste plus haute que le taux de diagnostic au niveau national, toujours sans l\u2019\u00cele-de-France\u00a0: \u00ab\u00a026,7 pour 100 000 habitants.\u00a0\u00bb<\/p>\n<p>La syphilis conclut enfin ce triste classement des IST en hausse. L\u2019agence de sant\u00e9 fait \u00e9tat d\u2019un taux de diagnostic de \u00ab\u00a08,8 pour 100.000 habitants\u00a0\u00bb en 2024. Il \u00e9tait de \u00ab\u00a07,3 pour 100.000 habitants\u00a0\u00bb, un an auparavant. Ce taux reste bien plus \u00e9lev\u00e9 que la moyenne nationale, sans l\u2019\u00cele-de-France. Par comparaison, il \u00e9tait de \u00ab\u00a06,5 pour 100 000 habitants\u00a0\u00bb.<\/p>\n<p>Dans ces trois cas de figure, Sant\u00e9 Publique France \u00e9voque des infections diagnostiqu\u00e9es surtout chez les hommes.<\/p>\n<p>Pour Pascale Bastiani, pr\u00e9sidente de l\u2019association locale \u00ab\u00a0Agissons contre le Sida\u00a0\u00bb, la tendance est inqui\u00e9tante. \u00ab\u00a0Je reviens d\u2019un congr\u00e8s de la soci\u00e9t\u00e9 fran\u00e7aise de lutte contre le sida. Il y a une hausse de la contamination de 41% chez les jeunes pour le VIH. Cela p\u00eache parce que certains pensent que la trith\u00e9rapie est un antibiotique, que la <a href=\"https:\/\/www.aides.org\/prep\" target=\"_blank\" rel=\"noopener noreferrer nofollow\" data-tooltip-url=\"https:\/\/www.aides.org\/prep\">Prep<\/a> est trop ch\u00e8re et qu\u2019elle ne prot\u00e8ge pas des IST. Sans compter les mauvaises informations que peuvent propager les r\u00e9seaux sociaux. J\u2019ai pu lire ce matin, par exemple, qu\u2019il y a des perturbateurs endocriniens dans les pr\u00e9servatifs\u00a0\u00bb, relate cette habitante de Cagnes-sur-Mer de 65 ans et vivant avec le VIH depuis 40 ans.<\/p>\n<p>Son constat pour l\u2019avenir est plut\u00f4t\u00a0sombre. \u00ab\u00a0Il y a 30% de budget en moins pour les associations, sans compter les r\u00e9formes pour l\u2019Aide m\u00e9dicale d\u2019\u00c9tat, mais aussi l\u2019acc\u00e8s \u00e0 la Prep qui p\u00eache pour les femmes ainsi que les travailleurs et travailleuses du sexe.\u00a0\u00bb<\/p>\n<blockquote class=\"ftvi_content_quote\">\n<p class=\"ftvi_citation_quote\">Nous sommes dans un moment de bascule\u00a0: nous avons fait le job, mais maintenant, il y a une question d\u00a0\u00bb\u00e2gisme&rsquo;. L\u2019id\u00e9e que, nous, les &lsquo;boomers&rsquo;, ne sommes plus trop en phase pour communiquer avec les plus jeunes.<\/p>\n<p>Pascale Bastiani, pr\u00e9sidente de l\u2019association locale \u00ab\u00a0Agissons contre le Sida\u00a0\u00bb<\/p>\n<p class=\"ftvi_citation_source\">\u00e0 France 3 C\u00f4te d&rsquo;Azur<\/p>\n<\/blockquote>\n<p>Pascale Bastiani poursuit : \u00ab\u00a0nous, nous sommes toujours l\u00e0, nous ne l\u00e2chons rien, mais cela risque de ne pas tenir avec le budget qui baisse pour les associations\u00a0\u00bb\u00a0!<\/p>\n<p>En France, au moins 40.000 morts sont recens\u00e9s depuis 1982, <a href=\"https:\/\/www.hcsp.fr\/Explore.cgi\/Telecharger?NomFichier=ad401752.pdf\" target=\"_blank\" rel=\"noopener noreferrer nofollow\" data-tooltip-url=\"https:\/\/www.hcsp.fr\/Explore.cgi\/Telecharger?NomFichier=ad401752.pdf\">d&rsquo;apr\u00e8s les chiffres du Haut Conseil de la sant\u00e9 publique<\/a>.<\/p>\n","protected":false},"excerpt":{"rendered":"Le 1er d\u00e9cembre est la journ\u00e9e mondiale de lutte contre le sida. En Provence-Alpes-C\u00f4te d&rsquo;Azur, le nombre d\u2019infections&hellip;\n","protected":false},"author":2,"featured_media":572156,"comment_status":"","ping_status":"","sticky":false,"template":"","format":"standard","meta":{"footnotes":""},"categories":[10],"tags":[1011,27,72,71],"class_list":{"0":"post-572155","1":"post","2":"type-post","3":"status-publish","4":"format-standard","5":"has-post-thumbnail","7":"category-sante","8":"tag-fr","9":"tag-france","10":"tag-health","11":"tag-sante"},"share_on_mastodon":{"url":"https:\/\/pubeurope.com\/@fr\/115647582296601261","error":""},"_links":{"self":[{"href":"https:\/\/www.europesays.com\/fr\/wp-json\/wp\/v2\/posts\/572155","targetHints":{"allow":["GET"]}}],"collection":[{"href":"https:\/\/www.europesays.com\/fr\/wp-json\/wp\/v2\/posts"}],"about":[{"href":"https:\/\/www.europesays.com\/fr\/wp-json\/wp\/v2\/types\/post"}],"author":[{"embeddable":true,"href":"https:\/\/www.europesays.com\/fr\/wp-json\/wp\/v2\/users\/2"}],"replies":[{"embeddable":true,"href":"https:\/\/www.europesays.com\/fr\/wp-json\/wp\/v2\/comments?post=572155"}],"version-history":[{"count":0,"href":"https:\/\/www.europesays.com\/fr\/wp-json\/wp\/v2\/posts\/572155\/revisions"}],"wp:featuredmedia":[{"embeddable":true,"href":"https:\/\/www.europesays.com\/fr\/wp-json\/wp\/v2\/media\/572156"}],"wp:attachment":[{"href":"https:\/\/www.europesays.com\/fr\/wp-json\/wp\/v2\/media?parent=572155"}],"wp:term":[{"taxonomy":"category","embeddable":true,"href":"https:\/\/www.europesays.com\/fr\/wp-json\/wp\/v2\/categories?post=572155"},{"taxonomy":"post_tag","embeddable":true,"href":"https:\/\/www.europesays.com\/fr\/wp-json\/wp\/v2\/tags?post=572155"}],"curies":[{"name":"wp","href":"https:\/\/api.w.org\/{rel}","templated":true}]}}