{"id":572157,"date":"2025-12-02T02:20:14","date_gmt":"2025-12-02T02:20:14","guid":{"rendered":"https:\/\/www.europesays.com\/fr\/572157\/"},"modified":"2025-12-02T02:20:14","modified_gmt":"2025-12-02T02:20:14","slug":"dossevi-promet-lenfer-au-psg","status":"publish","type":"post","link":"https:\/\/www.europesays.com\/fr\/572157\/","title":{"rendered":"Dossevi promet l&rsquo;enfer au PSG"},"content":{"rendered":"<p><b>Pour quelques minutes, l&rsquo;OM a rat\u00e9 l&rsquo;occasion de prendre la premi\u00e8re place du classement de <a href=\"https:\/\/www.foot01.com\/ligue1\" title=\"Ligue 1\" target=\"_blank\" rel=\"noopener\">Ligue 1<\/a>. Si les supporters se d\u00e9sesp\u00e8rent, Matthieu Dossevi pense lui que cela rendra service \u00e0 Marseille. <\/b>En \u00e9galisant en toute fin de match pour le TFC, Hidlago, le bien nomm\u00e9, a mis un coup de climatisation aux fans de l&rsquo;Olympique de Marseille et a r\u00e9joui ceux du Paris Saint-Germain. Encore une fois, le club phoc\u00e9en a craqu\u00e9 dans les ultimes minutes, et une nouvelle fois l&rsquo;OM a rat\u00e9 une belle occasion de passer aux commandes du championnat de Ligue 1. Si certains pensent que ce d\u00e9faut est r\u00e9dhibitoire, Matthieu Dossevi est lui persuad\u00e9 que cela va permettre aux joueurs de Roberto De Zerbi de progresser encore. Et m\u00eame de devenir un vrai s\u00e9rieux concurrent pour le <a href=\"https:\/\/www.foot01.com\/paris\" title=\"PSG\" target=\"_blank\" rel=\"noopener\">PSG<\/a> dans la course au titre. Car l&rsquo;ancien joueur, qui a pris sa retraite en 2023, voit Marseille \u00eatre \u00e0 la lutte jusqu&rsquo;\u00e0 la derni\u00e8re journ\u00e9e de Ligue 1.L&rsquo;OM va s&rsquo;am\u00e9liorer au fil de la saison<\/p>\n<p>Consultant pour la cha\u00eene L&rsquo;Equipe, Matthieu Dossevi ne masque pas la confiance qu&rsquo;il a cette saison pour l&rsquo;Olympique de Marseille en Ligue 1. \u00ab\u00a0Tu sens qu\u2019il y a l\u2019enjeu de la premi\u00e8re place qui commence petit \u00e0 petit \u00e0 se faire ressentir. Et tu vois qu\u2019il y a une sorte de nervosit\u00e9 qui s\u2019installe, elle est palpable. Sur la touche qui aboutit au but de Toulouse, on ne sait pas pourquoi Egan Riley d\u00e9gage en touche alors qu\u2019il n\u2019y a pas de danger. C\u2019est vraiment une succession de choses qui sont totalement incoh\u00e9rentes, constate l\u2019ancien milieu international togolais, qui n\u2019a aucun doute sur la capacit\u00e9 de l\u2019OM \u00e0 r\u00e9gler tout cela. Ils ne sont pas largu\u00e9s au classement, bien au contraire. Ils ne sont pas largu\u00e9s, ils sont \u00e0 la lutte. Le but, c\u2019\u00e9tait que Marseille soit \u00e0 la lutte, soit au contact du PSG et ils le sont. Louper quelques occasions \u00e0 ce moment-l\u00e0 de la saison, ce n\u2019est pas si grave. Ils vont apprendre de ces choses-l\u00e0 et \u00e7a va peut-\u00eatre m\u00eame leur servir pour \u00eatre plut\u00f4t clutch sur la fin de saison. \u00bb<\/p>\n","protected":false},"excerpt":{"rendered":"Pour quelques minutes, l&rsquo;OM a rat\u00e9 l&rsquo;occasion de prendre la premi\u00e8re place du classement de Ligue 1. Si&hellip;\n","protected":false},"author":2,"featured_media":572158,"comment_status":"","ping_status":"","sticky":false,"template":"","format":"standard","meta":{"footnotes":""},"categories":[9],"tags":[1011,27,66,149,93,60],"class_list":{"0":"post-572157","1":"post","2":"type-post","3":"status-publish","4":"format-standard","5":"has-post-thumbnail","7":"category-sports","8":"tag-fr","9":"tag-france","10":"tag-ligue-1","11":"tag-om","12":"tag-psg","13":"tag-sports"},"share_on_mastodon":{"url":"https:\/\/pubeurope.com\/@fr\/115647586260843762","error":""},"_links":{"self":[{"href":"https:\/\/www.europesays.com\/fr\/wp-json\/wp\/v2\/posts\/572157","targetHints":{"allow":["GET"]}}],"collection":[{"href":"https:\/\/www.europesays.com\/fr\/wp-json\/wp\/v2\/posts"}],"about":[{"href":"https:\/\/www.europesays.com\/fr\/wp-json\/wp\/v2\/types\/post"}],"author":[{"embeddable":true,"href":"https:\/\/www.europesays.com\/fr\/wp-json\/wp\/v2\/users\/2"}],"replies":[{"embeddable":true,"href":"https:\/\/www.europesays.com\/fr\/wp-json\/wp\/v2\/comments?post=572157"}],"version-history":[{"count":0,"href":"https:\/\/www.europesays.com\/fr\/wp-json\/wp\/v2\/posts\/572157\/revisions"}],"wp:featuredmedia":[{"embeddable":true,"href":"https:\/\/www.europesays.com\/fr\/wp-json\/wp\/v2\/media\/572158"}],"wp:attachment":[{"href":"https:\/\/www.europesays.com\/fr\/wp-json\/wp\/v2\/media?parent=572157"}],"wp:term":[{"taxonomy":"category","embeddable":true,"href":"https:\/\/www.europesays.com\/fr\/wp-json\/wp\/v2\/categories?post=572157"},{"taxonomy":"post_tag","embeddable":true,"href":"https:\/\/www.europesays.com\/fr\/wp-json\/wp\/v2\/tags?post=572157"}],"curies":[{"name":"wp","href":"https:\/\/api.w.org\/{rel}","templated":true}]}}