{"id":572159,"date":"2025-12-02T02:21:14","date_gmt":"2025-12-02T02:21:14","guid":{"rendered":"https:\/\/www.europesays.com\/fr\/572159\/"},"modified":"2025-12-02T02:21:14","modified_gmt":"2025-12-02T02:21:14","slug":"laurent-et-laurence-lamour-est-dans-le-pre-en-couple-depuis-peu-ils-annoncent-une-belle-surprise-prevue-pour-lete-prochain","status":"publish","type":"post","link":"https:\/\/www.europesays.com\/fr\/572159\/","title":{"rendered":"Laurent et Laurence (L\u2019amour est dans le pr\u00e9) : en couple depuis peu, ils annoncent une belle surprise \u00ab\u00a0pr\u00e9vue pour l\u2019\u00e9t\u00e9 prochain\u00a0\u00bb"},"content":{"rendered":"<p>Dans quelques mois, Laurence devrait pouvoir \u00e9pauler Laurent et s\u2019occuper des 400 brebis et 70 vaches de l\u2019agriculteur. En effet, depuis leur passage dans <strong><a href=\"https:\/\/www.public.fr\/tag\/l-amour-est-dans-le-pre\" rel=\"nofollow noopener\" target=\"_blank\">L\u2019amour est dans le pr\u00e9<\/a><\/strong>, le couple nage en plein bonheur et a d\u00e9j\u00e0 plusieurs projets en t\u00eate : \u00e0 commencer par le fait de vivre ensemble.<\/p>\n<p>Il va n\u00e9anmoins falloir se montrer patient pour vivre sous le m\u00eame toit comme a pr\u00e9venu la pr\u00e9tendante de l\u2019agriculteur au cours d\u2019un entretien avec <a href=\"https:\/\/www.purepeople.com\/article\/exclu-cest-prevu-pour-lete-prochain-laurent-et-laurence-lamour-est-dans-le-pre-preparent-un-grand-projet-je-finis-dabord-lannee_a545137\/1\" rel=\"nofollow noopener\" target=\"_blank\">Purepeople<\/a>. Lors de cet \u00e9change avec nos confr\u00e8res, le duo s\u2019est confi\u00e9 sur ses projets et l\u2019agriculteur a souhait\u00e9 clarifier la situation concernant son autre pr\u00e9tendante : Fran\u00e7oise.<\/p>\n<p>Laurent regrette que sa \u00ab\u00a0s\u00e9paration\u00a0\u00bb avec Fran\u00e7oise n&rsquo;ait pas \u00e9t\u00e9 d\u00e9voil\u00e9e dans son int\u00e9gralit\u00e9<\/p>\n<p>En effet, \u00e0 la t\u00e9l\u00e9vision et <a href=\"https:\/\/www.public.fr\/cest-definitif-un-duo-de-lamour-est-dans-le-pre-venu-en-couple-annonce-sa-rupture-a-karine-le-marchand-en-plein-bilan-spoiler\" rel=\"nofollow noopener\" target=\"_blank\">lors des \u00e9pisodes diffus\u00e9s sur M6<\/a>, Laurent a donn\u00e9 l\u2019impression d\u2019exp\u00e9dier son repas et sa conversation avec la \u00ab\u00a0rivale\u00a0\u00bb de Laurence lorsqu\u2019il lui a annonc\u00e9 qu\u2019elle devait repartir chez elle.<\/p>\n<p>Selon les dires du candidat de <strong>L\u2019amour est dans le pr\u00e9<\/strong>, la situation ne se serait pas d\u00e9roul\u00e9e comme \u00e0 la t\u00e9l\u00e9vision. \u00ab\u00a0Ce qui est montr\u00e9 \u00e0 la t\u00e9l\u00e9 ne refl\u00e8te pas la totalit\u00e9 de cette s\u00e9paration, m\u00eame si ce n&rsquo;est pas une s\u00e9paration. Le repas au restaurant, on peut en dire ce qu&rsquo;on veut : il peut \u00eatre \u00e9l\u00e9gant comme pas \u00e9l\u00e9gant\u00a0\u00bb, se d\u00e9fend Laurent dans un premier temps.<\/p>\n<p>Avant de poursuivre : \u00ab\u00a0Pour moi, c&rsquo;est une forme d&rsquo;\u00e9l\u00e9gance que de l&#8217;emmener au restaurant. Je n&rsquo;ai pas du tout \u00e0 me justifier l\u00e0-dessus. Par contre, le d\u00e9bat dure trois heures. (&#8230;) J&rsquo;y ai mis beaucoup de formes, beaucoup d&rsquo;arguments. (&#8230;) C&rsquo;est tr\u00e8s dur pour elle, je le comprends.\u00a0\u00bb<\/p>\n<p>D\u00e9sormais, c\u2019est aux c\u00f4t\u00e9s de Laurence que le candidat de L\u2019amour est dans le pr\u00e9, qui a perdu sa femme il y a quelques ann\u00e9es, se projette pleinement. N\u00e9anmoins, les tourtereaux pourront pleinement vivre leur amour lorsqu\u2019ils seront r\u00e9unis sous le m\u00eame toit. Une situation qui pourrait arriver plus vite que pr\u00e9vu.\u00a0<\/p>\n<p>Le couple de \u00ab\u00a0L&rsquo;amour est dans le pr\u00e9\u00a0\u00bb, r\u00e9uni pour de bon \u00e0 \u00ab\u00a0l&rsquo;\u00e9t\u00e9 2026\u00a0\u00bb<\/p>\n<p>Au micro de Purepeople, Laurence a en effet indiqu\u00e9 qu\u2019elle allait quitter Bordeaux pour s\u2019installer chez son agriculteur. \u00ab\u00a0On a le projet que j&rsquo;arrive en Ard\u00e8che. J&#8217;emm\u00e8ne d\u00e9j\u00e0 des affaires, je commence \u00e0 projeter, je suis beaucoup sur les sites de d\u00e9co. Laurent habite une partie de sa ferme qui est tr\u00e8s jolie, et il y en a une autre \u00e0 r\u00e9investir\u00a0\u00bb, se r\u00e9jouit-elle.<\/p>\n<p>Par la suite, la jeune maman r\u00e9v\u00e8le avoir d\u00e9j\u00e0 plusieurs projets professionnels avec son compagnon :\u00a0\u00ab\u00a0<strong>On envisage peut-\u00eatre de faire des g\u00eetes<\/strong>, donc il y a de quoi bien s\u2019amuser\u00a0\u00bb, confie-t-elle. Mais le v\u00e9ritable projet des amoureux reste bel et bien le fait de vivre ensemble : \u00ab\u00a0<strong>Mais le projet que nous avons d&rsquo;abord, c&rsquo;est de vivre ensemble\u00a0\u00bb.\u00a0<\/strong><\/p>\n<p>\u00ab\u00a0Etant dans le milieu scolaire,\u00a0je finis d&rsquo;abord l&rsquo;ann\u00e9e scolaire dans l&rsquo;\u00e9tablissement dans lequel je suis. <strong>\u00c0 l&rsquo;\u00e9t\u00e9 2026, j&rsquo;arriverai d\u00e9finitivement chez Laurent<\/strong>\u00ab\u00a0, pr\u00e9vient la compagne du candidat de L\u2019amour est dans le pr\u00e9, avant de conclure : \u00ab\u00a0Mais avant, nous nous voyons toutes les deux ou trois semaines. Il d\u00e9couvre les plages de Biscarosse et me fait d\u00e9couvrir des superbes cascades dans sa montagne. C&rsquo;est vraiment un \u00e9change de nos deux mondes qui se t\u00e9lescopent.\u00a0\u00bb<\/p>\n<p>\n          Hits &amp; People en continu\n        <\/p>\n<p>\n          Public Radio\n        <\/p>\n<p>      Mentionn\u00e9s dans cet article<\/p>\n<p>      Sur le m\u00eame sujet<\/p>\n","protected":false},"excerpt":{"rendered":"Dans quelques mois, Laurence devrait pouvoir \u00e9pauler Laurent et s\u2019occuper des 400 brebis et 70 vaches de l\u2019agriculteur.&hellip;\n","protected":false},"author":2,"featured_media":572160,"comment_status":"","ping_status":"","sticky":false,"template":"","format":"standard","meta":{"footnotes":""},"categories":[8],"tags":[58,59,1011,27,9307,494],"class_list":{"0":"post-572159","1":"post","2":"type-post","3":"status-publish","4":"format-standard","5":"has-post-thumbnail","7":"category-divertissement","8":"tag-divertissement","9":"tag-entertainment","10":"tag-fr","11":"tag-france","12":"tag-lamour-est-dans-le-pre","13":"tag-m6"},"share_on_mastodon":{"url":"https:\/\/pubeurope.com\/@fr\/115647590186756186","error":""},"_links":{"self":[{"href":"https:\/\/www.europesays.com\/fr\/wp-json\/wp\/v2\/posts\/572159","targetHints":{"allow":["GET"]}}],"collection":[{"href":"https:\/\/www.europesays.com\/fr\/wp-json\/wp\/v2\/posts"}],"about":[{"href":"https:\/\/www.europesays.com\/fr\/wp-json\/wp\/v2\/types\/post"}],"author":[{"embeddable":true,"href":"https:\/\/www.europesays.com\/fr\/wp-json\/wp\/v2\/users\/2"}],"replies":[{"embeddable":true,"href":"https:\/\/www.europesays.com\/fr\/wp-json\/wp\/v2\/comments?post=572159"}],"version-history":[{"count":0,"href":"https:\/\/www.europesays.com\/fr\/wp-json\/wp\/v2\/posts\/572159\/revisions"}],"wp:featuredmedia":[{"embeddable":true,"href":"https:\/\/www.europesays.com\/fr\/wp-json\/wp\/v2\/media\/572160"}],"wp:attachment":[{"href":"https:\/\/www.europesays.com\/fr\/wp-json\/wp\/v2\/media?parent=572159"}],"wp:term":[{"taxonomy":"category","embeddable":true,"href":"https:\/\/www.europesays.com\/fr\/wp-json\/wp\/v2\/categories?post=572159"},{"taxonomy":"post_tag","embeddable":true,"href":"https:\/\/www.europesays.com\/fr\/wp-json\/wp\/v2\/tags?post=572159"}],"curies":[{"name":"wp","href":"https:\/\/api.w.org\/{rel}","templated":true}]}}