{"id":572163,"date":"2025-12-02T02:23:15","date_gmt":"2025-12-02T02:23:15","guid":{"rendered":"https:\/\/www.europesays.com\/fr\/572163\/"},"modified":"2025-12-02T02:23:15","modified_gmt":"2025-12-02T02:23:15","slug":"votre-enfant-fait-il-partie-des-favorises-letude-sur-lepargne-parentale-qui-fait-grincer-des-dents","status":"publish","type":"post","link":"https:\/\/www.europesays.com\/fr\/572163\/","title":{"rendered":"Votre enfant fait-il partie des \u201cfavoris\u00e9s\u201d ? L&rsquo;\u00e9tude sur l\u2019\u00e9pargne parentale qui fait grincer des dents"},"content":{"rendered":"<p>\u00c0 l&rsquo;approche de No\u00ebl, la question du cadeau id\u00e9al occupe d\u00e9j\u00e0 les discussions au pied du sapin et dans les all\u00e9es des grands magasins. Mais pendant que certains enfants attendent impatiemment leurs paquets, d&rsquo;autres voient un autre \u00ab pr\u00e9sent \u00bb grandir en silence : <strong>l&rsquo;\u00e9pargne constitu\u00e9e \u00e0 leur nom<\/strong>. Un pactole secret, bien moins visible qu&rsquo;une console ou une trottinette \u00e9lectrique mais dont le montant, pour une frange d&rsquo;\u00e9lus, atteint des sommets. Cette r\u00e9alit\u00e9, mise en lumi\u00e8re par une vaste analyse des pratiques parentales, r\u00e9v\u00e8le une face cach\u00e9e de l&rsquo;in\u00e9galit\u00e9 en France : et si le v\u00e9ritable privil\u00e8ge ne se trouvait pas sous le sapin mais dans un petit livret bancaire au nom de l&rsquo;enfant ? D\u00e9cryptage d&rsquo;une enqu\u00eate qui interroge sur la notion m\u00eame d&rsquo;\u00eatre \u00ab\u00a0favoris\u00e9\u00a0\u00bb d\u00e8s la naissance&#8230;<\/p>\n<p>Comprendre l&rsquo;\u00e9pargne parentale : bien plus qu&rsquo;une tirelire<\/p>\n<p>Ouvrir un livret pour son b\u00e9b\u00e9 dans les semaines qui suivent l&rsquo;arriv\u00e9e \u00e0 la maternit\u00e9 : derri\u00e8re ce geste anodin, se joue un v\u00e9ritable choix de soci\u00e9t\u00e9. En France, <strong>accumuler une r\u00e9serve d&rsquo;argent pour ses enfants<\/strong> est devenu un r\u00e9flexe familial, \u00e0 la crois\u00e9e du pragmatisme et du symbole d&rsquo;anticipation.<\/p>\n<p>Pourquoi cet engouement pr\u00e9coce ? Les raisons sont multiples. Pour beaucoup de parents, il s&rsquo;agit d&rsquo;offrir un coup de pouce pour le permis, les \u00e9tudes, l&rsquo;installation dans la vie adulte. <strong>Certains voient dans l&rsquo;\u00e9pargne une fa\u00e7on de transmettre<\/strong> discr\u00e8tement un capital de s\u00e9curit\u00e9. D&rsquo;autres y trouvent l&rsquo;occasion d&rsquo;inculquer la gestion financi\u00e8re d\u00e8s le plus jeune \u00e2ge.<\/p>\n<p>Mais derri\u00e8re cette g\u00e9n\u00e9rosit\u00e9, des diff\u00e9rences majeures \u00e9mergent. <strong>D\u00e8s la naissance, l&rsquo;argent devient un marqueur invisible d&rsquo;in\u00e9galit\u00e9<\/strong>. Les chiffres sont \u00e9loquents : d\u00e8s l&rsquo;\u00e2ge de 0 \u00e0 1 an, seuls 35% des enfants disposent d\u00e9j\u00e0 d&rsquo;un produit d&rsquo;\u00e9pargne. Ce taux grimpe \u00e0 72% chez les adolescents de 16 \u00e0 17 ans, mais laisse donc un quart des jeunes \u00e0 l&rsquo;\u00e9cart. Loin de la simple tirelire, le livret devient un vecteur d&rsquo;ascenseur social&#8230; pour certains.<\/p>\n<p>\u00catre \u00ab\u00a0favoris\u00e9\u00a0\u00bb, qu&rsquo;est-ce que cela signifie vraiment aujourd&rsquo;hui ?<\/p>\n<p>Avoir de l&rsquo;\u00e9pargne \u00e0 son nom n&rsquo;ouvre pas seulement la porte du Livret A. Une minorit\u00e9 d&rsquo;enfants b\u00e9n\u00e9ficie d&rsquo;une v\u00e9ritable <strong>palette d&rsquo;outils financiers<\/strong> : assurance-vie, \u00e9pargne logement, voire placements en actions. \u00c0 16-17 ans, seuls 2% des mineurs cumulent livret + \u00e9pargne-logement + produit financier sophistiqu\u00e9, mais ce sont eux qui accaparent la plus large part de la cagnotte globale.<\/p>\n<p>Si, en moyenne, un enfant dispose de 1 300 euros de c\u00f4t\u00e9, la moiti\u00e9 n&rsquo;a que quelques euros&#8230; voire rien du tout. \u00c0 l&rsquo;inverse, <strong>10% d&rsquo;enfants d\u00e9passent la barre des 3 150 euros<\/strong> sur leurs comptes, et parmi eux, certains affichent d\u00e9j\u00e0 plus de 6 000 euros \u00e0 la veille de leur majorit\u00e9. Le contraste est aussi saisissant que la diff\u00e9rence entre un chocolat chaud instantan\u00e9 et un v\u00e9ritable chocolat de ma\u00eetre artisan.<\/p>\n<tr>\nTranche d&rsquo;\u00e2ge<br \/>\n% ayant un produit d&rsquo;\u00e9pargne<br \/>\nMoyenne d&rsquo;\u00e9pargne (\u20ac)<br \/>\n10% les plus dot\u00e9s (\u20ac)<br \/>\n<\/tr>\n<tr>\n<td>0-1 an<\/td>\n<td>35 %<\/td>\n<td>350<\/td>\n<td>850<\/td>\n<\/tr>\n<tr>\n<td>10-11 ans<\/td>\n<td>53 %<\/td>\n<td>1 470<\/td>\n<td>4 000<\/td>\n<\/tr>\n<tr>\n<td>16-17 ans<\/td>\n<td>72 %<\/td>\n<td>2 330<\/td>\n<td>6 000<\/td>\n<\/tr>\n<p>Ce petit tableau met en lumi\u00e8re <strong>l&rsquo;\u00e9cart grandissant qui s&rsquo;installe d\u00e8s l&rsquo;enfance<\/strong> et s&rsquo;accentue \u00e0 l&rsquo;adolescence. Pour les moins dot\u00e9s, les f\u00eates de fin d&rsquo;ann\u00e9e peuvent ressembler \u00e0 la fois \u00e0 un moment de r\u00eave et \u00e0 un rappel cuisant des r\u00e9alit\u00e9s \u00e9conomiques familiales.<\/p>\n<p>Quand l&rsquo;argent fa\u00e7onne l&rsquo;avenir d\u00e8s l&rsquo;enfance : impacts discrets mais d\u00e9cisifs<\/p>\n<p>Une r\u00e9serve d&rsquo;\u00e9pargne, ce n&rsquo;est pas qu&rsquo;une jolie somme sur un compte. C&rsquo;est aussi, parfois, le ticket d&rsquo;entr\u00e9e pour <strong>\u00e9tudier plus sereinement, se loger plus facilement, prendre son ind\u00e9pendance plus vite<\/strong>. Pour les parents, c&rsquo;est la satisfaction de \u00ab\u00a0pr\u00e9parer l&rsquo;avenir\u00a0\u00bb ; pour les enfants, un matelas de s\u00e9curit\u00e9 qui ne dit pas son nom.<\/p>\n<p>\u00c0 l&rsquo;inverse, l&rsquo;absence d&rsquo;\u00e9pargne peut cristalliser les obstacles : choisir un cursus plus court, reporter un projet d&rsquo;\u00e9tudes \u00e0 l&rsquo;\u00e9tranger, ou renoncer au logement autonome. <strong>Les parcours se dessinent d\u00e8s l&rsquo;enfance<\/strong> et tout s&rsquo;acc\u00e9l\u00e8re au moment du grand saut vers la majorit\u00e9. Deux jeunes du m\u00eame \u00e2ge, selon leur milieu, n&rsquo;auront pas le m\u00eame point de d\u00e9part le 1er janvier suivant leurs 18 ans&#8230;<\/p>\n<p>La comparaison avec la g\u00e9n\u00e9ration pr\u00e9c\u00e9dente est \u00e9loquente. Autrefois, le Livret A suffisait. D\u00e9sormais, une minorit\u00e9 accumule de v\u00e9ritables \u00ab\u00a0petits tr\u00e9sors\u00a0\u00bb, quand d&rsquo;autres familles peinent \u00e0 \u00e9pargner, rattrap\u00e9es par la hausse du co\u00fbt de la vie, surtout en cette p\u00e9riode hivernale o\u00f9 les budgets chauffage et cadeaux sont d\u00e9j\u00e0 mis \u00e0 rude \u00e9preuve.<\/p>\n<p>L&rsquo;\u00e9tude qui bouscule : pourquoi elle ne laisse personne indiff\u00e9rent<\/p>\n<p>Les statistiques sont parfois crues mais \u00e9clairantes. \u00c0 peine 20% des enfants accaparent pr\u00e8s de 90% de l&rsquo;\u00e9pargne d\u00e9tenue au nom des mineurs. <strong>Le chiffre qui secoue : plus de la moiti\u00e9 des enfants fran\u00e7ais n&rsquo;ont aucune \u00e9pargne \u00e0 leur nom<\/strong>. \u00c0 tous les \u00e2ges, les \u00e9carts persistent : d\u00e8s les premiers mois, les diff\u00e9rences sont flagrantes, et la situation \u00e9volue peu \u00e0 l&rsquo;adolescence.<\/p>\n<p>Ce que les chiffres taisent, c&rsquo;est la r\u00e9alit\u00e9 du sentiment parental. Chez certains, la fiert\u00e9 d&rsquo;avoir pu constituer un capital. Chez d&rsquo;autres, un malaise palpable, la peur d&rsquo;en faire trop&#8230; ou pas assez. <strong>La transmission du patrimoine se heurte aux questions de l\u00e9gitimit\u00e9<\/strong>, d&rsquo;\u00e9galit\u00e9, de justice sociale, surtout lorsqu&rsquo;on sait que 40% des enfants de familles modestes de 16 \u00e0 17 ans n&rsquo;ont aucun produit d&rsquo;\u00e9pargne, contre seulement 13% dans les m\u00e9nages les plus riches.<\/p>\n<p>Entre privil\u00e8ge et justice : repenser la solidarit\u00e9 d\u00e8s le berceau<\/p>\n<p>Faut-il changer notre regard sur l&rsquo;\u00e9pargne pr\u00e9coce ? Face \u00e0 la concentration des montants chez une minorit\u00e9, la question se pose : <strong>plus qu&rsquo;un simple avantage, l&rsquo;\u00e9pargne enfantine devient un v\u00e9ritable privil\u00e8ge<\/strong>. Les dispositifs d&rsquo;aide actuels (comme la prime \u00e0 la naissance ou le soutien aux familles modestes) suffisent-ils, ou doit-on imaginer d&rsquo;autres formes de redistribution ? Peut-on vraiment \u00e9galiser les chances lorsque les \u00e9carts de patrimoine se jouent d\u00e8s la sortie de la maternit\u00e9 ?<\/p>\n<p>Cette grande analyse soul\u00e8ve des interrogations profondes sans pour autant porter de jugement. Il ne s&rsquo;agit ni de culpabiliser les familles qui n&rsquo;auraient pas pu remplir la tirelire familiale, ni d&rsquo;\u00e9tablir une nouvelle norme inatteignable. <strong>Elle nous invite plut\u00f4t \u00e0 une r\u00e9flexion collective<\/strong> : comment offrir \u00e0 chaque enfant, quels que soient ses d\u00e9buts dans la vie, une r\u00e9elle opportunit\u00e9 de tracer son chemin, d\u00e8s les premiers pas ?<\/p>\n<p>L&rsquo;enjeu fondamental n&rsquo;est-il pas de garantir que le plus beau cadeau, en ce mois de d\u00e9cembre, ne se mesure pas uniquement \u00e0 l&rsquo;\u00e9paisseur d&rsquo;un livret, mais \u00e0 la possibilit\u00e9 donn\u00e9e \u00e0 chaque enfant d&rsquo;envisager son avenir sans contrainte ? Une r\u00e9flexion qui, bien au-del\u00e0 des paquets qui s&rsquo;accumulent sous le sapin, m\u00e9rite d&rsquo;\u00eatre partag\u00e9e et approfondie par notre soci\u00e9t\u00e9 tout enti\u00e8re.<\/p>\n","protected":false},"excerpt":{"rendered":"\u00c0 l&rsquo;approche de No\u00ebl, la question du cadeau id\u00e9al occupe d\u00e9j\u00e0 les discussions au pied du sapin et&hellip;\n","protected":false},"author":2,"featured_media":572164,"comment_status":"","ping_status":"","sticky":false,"template":"","format":"standard","meta":{"footnotes":""},"categories":[6],"tags":[35,33,34,1011,27,56],"class_list":{"0":"post-572163","1":"post","2":"type-post","3":"status-publish","4":"format-standard","5":"has-post-thumbnail","7":"category-economie","8":"tag-business","9":"tag-economie","10":"tag-economy","11":"tag-fr","12":"tag-france","13":"tag-push"},"share_on_mastodon":{"url":"https:\/\/pubeurope.com\/@fr\/115647598080120004","error":""},"_links":{"self":[{"href":"https:\/\/www.europesays.com\/fr\/wp-json\/wp\/v2\/posts\/572163","targetHints":{"allow":["GET"]}}],"collection":[{"href":"https:\/\/www.europesays.com\/fr\/wp-json\/wp\/v2\/posts"}],"about":[{"href":"https:\/\/www.europesays.com\/fr\/wp-json\/wp\/v2\/types\/post"}],"author":[{"embeddable":true,"href":"https:\/\/www.europesays.com\/fr\/wp-json\/wp\/v2\/users\/2"}],"replies":[{"embeddable":true,"href":"https:\/\/www.europesays.com\/fr\/wp-json\/wp\/v2\/comments?post=572163"}],"version-history":[{"count":0,"href":"https:\/\/www.europesays.com\/fr\/wp-json\/wp\/v2\/posts\/572163\/revisions"}],"wp:featuredmedia":[{"embeddable":true,"href":"https:\/\/www.europesays.com\/fr\/wp-json\/wp\/v2\/media\/572164"}],"wp:attachment":[{"href":"https:\/\/www.europesays.com\/fr\/wp-json\/wp\/v2\/media?parent=572163"}],"wp:term":[{"taxonomy":"category","embeddable":true,"href":"https:\/\/www.europesays.com\/fr\/wp-json\/wp\/v2\/categories?post=572163"},{"taxonomy":"post_tag","embeddable":true,"href":"https:\/\/www.europesays.com\/fr\/wp-json\/wp\/v2\/tags?post=572163"}],"curies":[{"name":"wp","href":"https:\/\/api.w.org\/{rel}","templated":true}]}}