{"id":572168,"date":"2025-12-02T02:26:24","date_gmt":"2025-12-02T02:26:24","guid":{"rendered":"https:\/\/www.europesays.com\/fr\/572168\/"},"modified":"2025-12-02T02:26:24","modified_gmt":"2025-12-02T02:26:24","slug":"le-rassemblement-national-devoile-sa-charte-et-son-petit-chantage-pour-les-candidats","status":"publish","type":"post","link":"https:\/\/www.europesays.com\/fr\/572168\/","title":{"rendered":"Le Rassemblement national d\u00e9voile sa charte (et son petit chantage) pour les candidats"},"content":{"rendered":"<p>        <img decoding=\"async\" loading=\"lazy\" src=\"https:\/\/www.europesays.com\/fr\/wp-content\/uploads\/2025\/12\/98ab724_sirius-fs-upload-1-jwyvecwk7o3u-1743509108549-000-36g89yr.jpg\"  width=\"728\" height=\"409\" alt=\"Marine Le Pen et Jordan Bardella photographi\u00e9s ensemble \u00e0 l\u2019Assembl\u00e9e nationale au mois de septembre 2024 (illustration)\"\/>  <\/p>\n<p>LUDOVIC MARIN \/ AFP<\/p>\n<p>Marine Le Pen et Jordan Bardella photographi\u00e9s ensemble \u00e0 l\u2019Assembl\u00e9e nationale au mois de septembre 2024 (illustration)<\/p>\n<p>      <strong>EN BREF<\/strong> <strong>\u2022 <\/strong>\u00c0 un peu plus de 100 jours du premier tour, le Rassemblement national d\u00e9voile sa \u00ab\u00a0charte d\u2019engagement\u00a0\u00bb pour les municipales 2026.<br \/><strong>\u2022 <\/strong>Les candidats qui r\u00e9clament le soutien du RN devront respecter 13 points, programmatiques et politiques.<br \/><strong>\u2022 <\/strong>Le soutien pourrait rester priv\u00e9 mais le RN se r\u00e9serve le droit de le rendre public si le candidat ne respecte pas ses engagements.                         <\/p>\n<p class=\"asset asset-text\">Donnant-donnant\u00a0? <a href=\"https:\/\/www.huffingtonpost.fr\/politique\/article\/pour-conquerir-la-mairie-de-lille-le-rn-mise-sur-matthieu-valet-depute-europeen-et-ancien-policier_256898.html\" target=\"_blank\" rel=\"noopener\">Le Rassemblement national<\/a> a d\u00e9voil\u00e9 officiellement ce lundi 1er\u00a0d\u00e9cembre, sa \u00ab\u00a0charte d\u2019engagement\u00a0\u00bb destin\u00e9e aux candidats sans \u00e9tiquette dans les petites communes qui voudraient obtenir son appui <a href=\"https:\/\/www.huffingtonpost.fr\/politique\/article\/municipales-2026-a-marseille-martine-vassal-est-prete-a-briser-le-tabou-de-l-alliance-avec-l-extreme-droite_257723.html\" target=\"_blank\" rel=\"noopener\">lors des municipales de mars prochain<\/a>. \u00c0 un peu plus de cent jours du premier tour, \u00ab\u00a0nous sommes en ordre de bataille\u00a0\u00bb, a affirm\u00e9 le d\u00e9put\u00e9 europ\u00e9en Julien Sanchez, directeur de la campagne des municipales pour le parti \u00e0 la flamme, lors d\u2019une conf\u00e9rence de presse.<\/p>\n<p class=\"asset asset-text\">Avec 600 t\u00eates de liste investies sous ses couleurs -ou celles des alli\u00e9s de l\u2019UDR d\u2019Eric Ciotti- \u00ab\u00a0il est maintenant temps d\u2019\u00e9couter ceux qui veulent \u00eatre soutenus par le RN\u00a0\u00bb, a-t-il ajout\u00e9, assurant que \u00ab\u00a0beaucoup d\u2019\u00e9lus locaux (le) sollicitent pour obtenir (son) soutien, sans n\u00e9cessairement avoir l\u2019\u00e9tiquette\u00a0\u00bb de la formation d\u2019extr\u00eame droite.<\/p>\n<p class=\"asset asset-text\">Une aide qui n\u2019ira \u00ab\u00a0pas sans engagement politique et programmatique\u00a0\u00bb, a cependant pr\u00e9venu Julien Sanchez. \u00ab\u00a0Nous ne soutenons pas n\u2019importe qui, il faut montrer patte blanche\u00a0\u00bb, a-t-il insist\u00e9, ce qui passera donc par la signature d\u2019une \u00ab\u00a0charte d\u2019engagement\u00a0\u00bb en treize points.<\/p>\n<p class=\"asset asset-text\">\u00c0 commencer par quelques fondamentaux du programme nationaliste\u00a0: priorit\u00e9 \u00e0 la \u00ab\u00a0lutte contre la d\u00e9linquance et l\u2019ins\u00e9curit\u00e9\u00a0\u00bb en armant obligatoirement les policiers municipaux quand il y en a, refus de \u00ab\u00a0toute augmentation des taux de fiscalit\u00e9 locale\u00a0\u00bb, rejet des subventions \u00ab\u00a0aux associations \u00ab\u00a0incitant \u00e0 l\u2019immigration massive\u00a0\u00bb ou celles qui portent des \u00ab\u00a0projets communautaristes \u00bb. Mais aussi protection et entretien du \u00ab\u00a0patrimoine local\u00a0\u00bb et encouragement au \u00ab\u00a0localisme\u00a0\u00bb, en particulier dans les cantines scolaires.<\/p>\n<p>    Il faudra d\u00e9fendre la charte, m\u00eame dans l\u2019opposition    <\/p>\n<p class=\"asset asset-text\">Au total, le parti lep\u00e9niste a pr\u00e9vu onze points programmatiques auxquels s\u2019ajoutent deux obligations plus politiques\u00a0: d\u2019abord \u00ab\u00a0appeler \u00e0 voter pour la liste soutenue par le RN\u00a0\u00bb aux s\u00e9natoriales de septembre\u00a02026. Ensuite et surtout \u00ab\u00a0parrainer le candidat\u00a0\u00bb du parti \u00e0 la pr\u00e9sidentielle de 2027, quel qu\u2019il, ou elle, soit.<\/p>\n<p class=\"asset asset-text\">Un dispositif con\u00e7u pour les maires sortants des petites et moyennes communes, qui devront n\u00e9anmoins faire valider leur demande par la commission d\u2019investiture du RN. Le parti n\u2019en fera cependant pas la publicit\u00e9\u00a0: \u00ab\u00a0Ce sera \u00e0 la discr\u00e9tion du signataire, s\u2019il souhaite afficher son soutien\u00a0\u00bb, explique Julien Sanchez, mais \u00ab\u00a0si vous voyez notre d\u00e9put\u00e9 local \u00e0 c\u00f4t\u00e9 du maire sortant, \u00e7a voudra dire qu\u2019il aura sign\u00e9 la charte\u00a0\u00bb. Pratique pour les candidats qui se pr\u00e9sentent dans des communes o\u00f9 le scrutin est d\u00e9politis\u00e9 et qui ne souhaitent assumer l\u2019\u00e9tiquette RN.<\/p>\n<p class=\"asset asset-text\">Mais gare \u00e0 celui qui s\u2019\u00e9loignerait ensuite de ses engagements. \u00ab\u00a0S\u2019il ne les respectait pas, nous nous r\u00e9servons possibilit\u00e9 de rendre publique\u00a0\u00bb sa signature et de \u00ab\u00a0montrer que cette personne n\u2019a pas de parole\u00a0\u00bb. D\u2019autant que les aspirants au soutien du RN devront continuer \u00e0 d\u00e9fendre cette charte m\u00eame s\u2019ils perdent l\u2019\u00e9lection et qu\u2019ils si\u00e8gent dans l\u2019opposition.<\/p>\n","protected":false},"excerpt":{"rendered":"LUDOVIC MARIN \/ AFP Marine Le Pen et Jordan Bardella photographi\u00e9s ensemble \u00e0 l\u2019Assembl\u00e9e nationale au mois de&hellip;\n","protected":false},"author":2,"featured_media":572169,"comment_status":"","ping_status":"","sticky":false,"template":"","format":"standard","meta":{"footnotes":""},"categories":[2],"tags":[11,1076,1011,27,3434,12,316,1078],"class_list":{"0":"post-572168","1":"post","2":"type-post","3":"status-publish","4":"format-standard","5":"has-post-thumbnail","7":"category-actualites","8":"tag-actualites","9":"tag-extreme-droite","10":"tag-fr","11":"tag-france","12":"tag-municipales-2026","13":"tag-news","14":"tag-politique","15":"tag-rassemblement-national"},"share_on_mastodon":{"url":"https:\/\/pubeurope.com\/@fr\/115647610651764913","error":""},"_links":{"self":[{"href":"https:\/\/www.europesays.com\/fr\/wp-json\/wp\/v2\/posts\/572168","targetHints":{"allow":["GET"]}}],"collection":[{"href":"https:\/\/www.europesays.com\/fr\/wp-json\/wp\/v2\/posts"}],"about":[{"href":"https:\/\/www.europesays.com\/fr\/wp-json\/wp\/v2\/types\/post"}],"author":[{"embeddable":true,"href":"https:\/\/www.europesays.com\/fr\/wp-json\/wp\/v2\/users\/2"}],"replies":[{"embeddable":true,"href":"https:\/\/www.europesays.com\/fr\/wp-json\/wp\/v2\/comments?post=572168"}],"version-history":[{"count":0,"href":"https:\/\/www.europesays.com\/fr\/wp-json\/wp\/v2\/posts\/572168\/revisions"}],"wp:featuredmedia":[{"embeddable":true,"href":"https:\/\/www.europesays.com\/fr\/wp-json\/wp\/v2\/media\/572169"}],"wp:attachment":[{"href":"https:\/\/www.europesays.com\/fr\/wp-json\/wp\/v2\/media?parent=572168"}],"wp:term":[{"taxonomy":"category","embeddable":true,"href":"https:\/\/www.europesays.com\/fr\/wp-json\/wp\/v2\/categories?post=572168"},{"taxonomy":"post_tag","embeddable":true,"href":"https:\/\/www.europesays.com\/fr\/wp-json\/wp\/v2\/tags?post=572168"}],"curies":[{"name":"wp","href":"https:\/\/api.w.org\/{rel}","templated":true}]}}