{"id":572172,"date":"2025-12-02T02:28:16","date_gmt":"2025-12-02T02:28:16","guid":{"rendered":"https:\/\/www.europesays.com\/fr\/572172\/"},"modified":"2025-12-02T02:28:16","modified_gmt":"2025-12-02T02:28:16","slug":"chantage-a-la-sextape-le-maire-de-saint-etienne-condamne","status":"publish","type":"post","link":"https:\/\/www.europesays.com\/fr\/572172\/","title":{"rendered":"Chantage \u00e0 la sextape : le maire de Saint-\u00c9tienne condamn\u00e9"},"content":{"rendered":"<p class=\"jsx-4058425199 jsx-2164199691 ExpandableText__Text\">Ce lundi 1er d\u00e9cembre, le maire de Saint-\u00c9tienne, Ga\u00ebl Perdriau, a \u00e9t\u00e9 condamn\u00e9 par le tribunal correctionnel de Lyon \u00e0 quatre ans de prison ferme et cinq ans d&rsquo;in\u00e9ligibilit\u00e9, pour avoir particip\u00e9 \u00e0 un pi\u00e8ge tendu \u00e0 son premier adjoint, Gilles Artigues.  Il a \u00e9t\u00e9 film\u00e9 dans l\u2019intimit\u00e9 pour qu&rsquo;il fasse profil bas et ne soit plus encombrant politiquement. L&rsquo;affaire d\u00e9bute en 2015, quelques mois seulement apr\u00e8s l&rsquo;\u00e9lection de Ga\u00ebl Perdriau. Le Conseil municipal a deux semaines pour \u00e9lire un nouveau maire.<\/p>\n<p>Lire plusReplier<\/p>\n","protected":false},"excerpt":{"rendered":"Ce lundi 1er d\u00e9cembre, le maire de Saint-\u00c9tienne, Ga\u00ebl Perdriau, a \u00e9t\u00e9 condamn\u00e9 par le tribunal correctionnel de&hellip;\n","protected":false},"author":2,"featured_media":572173,"comment_status":"","ping_status":"","sticky":false,"template":"","format":"standard","meta":{"footnotes":""},"categories":[9653],"tags":[1111,11,2430,53902,1777,674,1011,27,303,2954,2952,12,25,4001,133,2953,34308],"class_list":{"0":"post-572172","1":"post","2":"type-post","3":"status-publish","4":"format-standard","5":"has-post-thumbnail","7":"category-saint-etienne","8":"tag-actu","9":"tag-actualites","10":"tag-auvergne-rhone-alpes","11":"tag-chantage-a-la-sextape-a-la-mairie-de-saint-etienne","12":"tag-eu","13":"tag-europe","14":"tag-fr","15":"tag-france","16":"tag-justice","17":"tag-justice-et-faits-divers","18":"tag-le-20h","19":"tag-news","20":"tag-republique-francaise","21":"tag-saint-etienne","22":"tag-video","23":"tag-video-police","24":"tag-vie-en-regions"},"share_on_mastodon":{"url":"https:\/\/pubeurope.com\/@fr\/115647617716701020","error":""},"_links":{"self":[{"href":"https:\/\/www.europesays.com\/fr\/wp-json\/wp\/v2\/posts\/572172","targetHints":{"allow":["GET"]}}],"collection":[{"href":"https:\/\/www.europesays.com\/fr\/wp-json\/wp\/v2\/posts"}],"about":[{"href":"https:\/\/www.europesays.com\/fr\/wp-json\/wp\/v2\/types\/post"}],"author":[{"embeddable":true,"href":"https:\/\/www.europesays.com\/fr\/wp-json\/wp\/v2\/users\/2"}],"replies":[{"embeddable":true,"href":"https:\/\/www.europesays.com\/fr\/wp-json\/wp\/v2\/comments?post=572172"}],"version-history":[{"count":0,"href":"https:\/\/www.europesays.com\/fr\/wp-json\/wp\/v2\/posts\/572172\/revisions"}],"wp:featuredmedia":[{"embeddable":true,"href":"https:\/\/www.europesays.com\/fr\/wp-json\/wp\/v2\/media\/572173"}],"wp:attachment":[{"href":"https:\/\/www.europesays.com\/fr\/wp-json\/wp\/v2\/media?parent=572172"}],"wp:term":[{"taxonomy":"category","embeddable":true,"href":"https:\/\/www.europesays.com\/fr\/wp-json\/wp\/v2\/categories?post=572172"},{"taxonomy":"post_tag","embeddable":true,"href":"https:\/\/www.europesays.com\/fr\/wp-json\/wp\/v2\/tags?post=572172"}],"curies":[{"name":"wp","href":"https:\/\/api.w.org\/{rel}","templated":true}]}}