{"id":572178,"date":"2025-12-02T02:33:29","date_gmt":"2025-12-02T02:33:29","guid":{"rendered":"https:\/\/www.europesays.com\/fr\/572178\/"},"modified":"2025-12-02T02:33:29","modified_gmt":"2025-12-02T02:33:29","slug":"telematin-pourquoi-maya-lauque-est-elle-absente-remplacee-par-johanna-ghiglia","status":"publish","type":"post","link":"https:\/\/www.europesays.com\/fr\/572178\/","title":{"rendered":"\u00ab\u00a0T\u00e9l\u00e9matin\u00a0\u00bb\u00a0: pourquoi Maya Lauqu\u00e9 est-elle absente, remplac\u00e9e par Johanna Ghiglia\u00a0?"},"content":{"rendered":"<p> <a href=\"https:\/\/www.google.com\/search?q=ouest+france+t%C3%A9l%C3%A9matin&amp;oq=ouest+france+t%C3%A9l%C3%A9matin&amp;gs_lcrp=EgZjaHJvbWUqBggAEEUYOzIGCAAQRRg7MgYIARBFGEAyBggCEEUYPDIGCAMQRRg80gEIMjkwM2owajGoAgCwAgA&amp;sourceid=chrome&amp;ie=UTF-8&amp;sei=vLctafa1PL6bkdUPpcXBsQ8\" target=\"_self\" rel=\"noopener\">T\u00e9l\u00e9matin<\/a>  a connu un l\u00e9ger changement ce lundi 1er\u00a0d\u00e9cembre 2025 sur  <a href=\"https:\/\/programmetv.ouest-france.fr\/chaines\/programme-tv-france-2-4\/\" target=\"_self\" rel=\"noopener\">France 2<\/a> . Les t\u00e9l\u00e9spectateurs n\u2019ont en effet pas pu retrouver leur habituel bin\u00f4me de la semaine. \u00c0 la place de Maya Lauqu\u00e9, c\u2019est Johanna Ghiglia qui a assur\u00e9 la pr\u00e9sentation de la matinale au c\u00f4t\u00e9 de Damien Th\u00e9venot.<\/p>\n<p>La journaliste n\u2019est pas inconnue de T\u00e9l\u00e9matin, elle qui assure la pr\u00e9sentation des journaux du lundi au jeudi depuis 2021. Cet \u00e9t\u00e9, elle a \u00e9galement d\u00e9j\u00e0 tenu le r\u00f4le de co-pr\u00e9sentatrice <a href=\"https:\/\/programmetv.ouest-france.fr\/chaines\/programme-tv-france-3-80\/entretien-flavie-flament-debarque-sur-france-3-flavie-en-france-cest-lemission-du-lien-38b5e3e4-b5c4-11f0-8d83-9a721a62cee7\" target=\"_self\" rel=\"noopener\">en remplacement de Flavie Flament<\/a>, apr\u00e8s le d\u00e9part de cette derni\u00e8re.<\/p>\n<p>\u00ab\u00a0On embrasse Maya qui est souffrante\u00a0\u00bb<\/p>\n<p><strong>\u00ab\u00a0Bonjour \u00e0 toutes et \u00e0 tous\u00a0! Bonjour Johanna,<\/strong> a commenc\u00e9 ce lundi Damien Th\u00e9venot, en se tournant vers Johanna Ghiglia. <strong>On passe la semaine ensemble\u00a0? J\u2019en suis ravi.\u00a0\u00bb<\/strong> Le pr\u00e9sentateur a ensuite imm\u00e9diatement expliqu\u00e9 pourquoi sa bin\u00f4me habituelle n\u2019\u00e9tait pas pr\u00e9sente.<\/p>\n<p><strong>\u00ab\u00a0On embrasse Maya qui est souffrante mais qui va revenir en pleine forme dans quelques jours\u00a0!\u00a0\u00bb<\/strong>, a-t-il ajout\u00e9, avant de donner le sommaire du jour et l\u2019invit\u00e9 culture qui allait les rejoindre en ce premier jour de d\u00e9cembre (Max Boublil).<\/p>\n<p><strong>Lire aussi\u00a0:<\/strong>\u00a0<a href=\"https:\/\/programmetv.ouest-france.fr\/chaines\/programme-tv-france-2-4\/telematin-pourquoi-la-matinale-de-france-2-est-elle-perturbee-depuis-lundi-d74d3a2e-c470-11f0-a196-a9dcf76600e4\" target=\"_self\" rel=\"noopener\">\u00ab\u00a0T\u00e9l\u00e9matin\u00a0\u00bb\u00a0: pourquoi la matinale de France 2\u00a0est-elle perturb\u00e9e depuis lundi\u00a0?<\/a><\/p>\n<p>Et si Johanna Ghiglia a remplac\u00e9 Maya Lauqu\u00e9, apr\u00e8s avoir remplac\u00e9 M\u00e9lanie Taravant vendredi 28\u00a0novembre, il fallait bien quelqu\u2019un pour remplacer Johanna Ghiglia. C\u2019est donc le journaliste Thomas Cuny qui a assur\u00e9 la pr\u00e9sentation des journaux du jour.<\/p>\n<p>Pr\u00e8s de 600\u00a0000\u00a0t\u00e9l\u00e9spectateurs en moyenne<\/p>\n<p>Comme \u00e0 leur habitude, les deux pr\u00e9sentateurs ont ensuite commenc\u00e9 leur \u00e9dition de T\u00e9l\u00e9matin, entour\u00e9s de chroniqueurs qui ont d\u00e9crypt\u00e9 avec eux l\u2019actualit\u00e9 de la matin\u00e9e. Le tout devant plusieurs centaines de milliers de t\u00e9l\u00e9spectateurs. Depuis septembre, date \u00e0 laquelle <a href=\"https:\/\/programmetv.ouest-france.fr\/magazine\/services\/telematin-m103217120\/telematin-maya-lauque-et-damien-thevenot-remplacent-flavie-flament-et-julien-arnaud-9712ccf2-5bd0-11f0-b63d-e15c64c65f39\" target=\"_self\" rel=\"noopener\">Damien Th\u00e9venot et Maya Lauqu\u00e9 ont succ\u00e9d\u00e9 \u00e0 Julien Arnaud et Flavie Flament<\/a>, la matinale de France 2\u00a0est suivie en moyenne par 591\u00a0000\u00a0personnes, soit 20,6\u00a0% du public en part d\u2019audience.<\/p>\n<p>Une audience qui permet \u00e0 la Deux de maintenir sa longueur d\u2019avance face \u00e0 la Une. Bonjour\u00a0! La matinale de TF1\u00a0progresse pourtant, r\u00e9unissant en moyenne 385\u00a0000\u00a0fid\u00e8les, soit 12,7\u00a0% du public. Dans quelques semaines, la Une rallongera par ailleurs <a href=\"https:\/\/programmetv.ouest-france.fr\/chaines\/programme-tv-tf1-192\/apres-larret-de-teleshopping-la-matinale-de-tf1-sera-rallongee-dune-heure-avec-christophe-beaugrand-fc79121a-c53c-11f0-ae43-bd19d28cf441\" target=\"_self\" rel=\"noopener\">son rendez-vous matinal d\u2019une heure<\/a>, qui sera pr\u00e9sent\u00e9e par Christophe Beaugrand.<\/p>\n<p>\u00a0<\/p>\n","protected":false},"excerpt":{"rendered":"T\u00e9l\u00e9matin a connu un l\u00e9ger changement ce lundi 1er\u00a0d\u00e9cembre 2025 sur France 2 . Les t\u00e9l\u00e9spectateurs n\u2019ont en&hellip;\n","protected":false},"author":2,"featured_media":572179,"comment_status":"","ping_status":"","sticky":false,"template":"","format":"standard","meta":{"footnotes":""},"categories":[9619],"tags":[68701,1111,11,18635,1777,674,1011,27,68703,36294,68700,5706,12,882,68702,25,12959,2310],"class_list":{"0":"post-572178","1":"post","2":"type-post","3":"status-publish","4":"format-standard","5":"has-post-thumbnail","7":"category-toulon","8":"tag-absente","9":"tag-actu","10":"tag-actualites","11":"tag-est-elle","12":"tag-eu","13":"tag-europe","14":"tag-fr","15":"tag-france","16":"tag-ghiglia","17":"tag-johanna","18":"tag-lauque","19":"tag-maya","20":"tag-news","21":"tag-provence-alpes-cote-dazur","22":"tag-remplacee","23":"tag-republique-francaise","24":"tag-telematin","25":"tag-toulon"},"share_on_mastodon":{"url":"https:\/\/pubeurope.com\/@fr\/115647637376032251","error":""},"_links":{"self":[{"href":"https:\/\/www.europesays.com\/fr\/wp-json\/wp\/v2\/posts\/572178","targetHints":{"allow":["GET"]}}],"collection":[{"href":"https:\/\/www.europesays.com\/fr\/wp-json\/wp\/v2\/posts"}],"about":[{"href":"https:\/\/www.europesays.com\/fr\/wp-json\/wp\/v2\/types\/post"}],"author":[{"embeddable":true,"href":"https:\/\/www.europesays.com\/fr\/wp-json\/wp\/v2\/users\/2"}],"replies":[{"embeddable":true,"href":"https:\/\/www.europesays.com\/fr\/wp-json\/wp\/v2\/comments?post=572178"}],"version-history":[{"count":0,"href":"https:\/\/www.europesays.com\/fr\/wp-json\/wp\/v2\/posts\/572178\/revisions"}],"wp:featuredmedia":[{"embeddable":true,"href":"https:\/\/www.europesays.com\/fr\/wp-json\/wp\/v2\/media\/572179"}],"wp:attachment":[{"href":"https:\/\/www.europesays.com\/fr\/wp-json\/wp\/v2\/media?parent=572178"}],"wp:term":[{"taxonomy":"category","embeddable":true,"href":"https:\/\/www.europesays.com\/fr\/wp-json\/wp\/v2\/categories?post=572178"},{"taxonomy":"post_tag","embeddable":true,"href":"https:\/\/www.europesays.com\/fr\/wp-json\/wp\/v2\/tags?post=572178"}],"curies":[{"name":"wp","href":"https:\/\/api.w.org\/{rel}","templated":true}]}}