{"id":572188,"date":"2025-12-02T02:39:17","date_gmt":"2025-12-02T02:39:17","guid":{"rendered":"https:\/\/www.europesays.com\/fr\/572188\/"},"modified":"2025-12-02T02:39:17","modified_gmt":"2025-12-02T02:39:17","slug":"tous-fondus-du-trophee-chocolat-des-alpes","status":"publish","type":"post","link":"https:\/\/www.europesays.com\/fr\/572188\/","title":{"rendered":"Tous fondus du Troph\u00e9e Chocolat des Alpes !"},"content":{"rendered":"<p>              <img decoding=\"async\" loading=\"lazy\" class=\"img-responsive agenda_detail_normal\" src=\"https:\/\/www.europesays.com\/fr\/wp-content\/uploads\/2025\/12\/les_demons_de_minuit_leonie_meyer.jpg\" width=\"698\" height=\"380\" alt=\" Les D\u00e9mons de Minuit (L\u00e9onie Meyer - laur\u00e9at Jeune)\" title=\" Les D\u00e9mons de Minuit (L\u00e9onie Meyer - laur\u00e9at Jeune)\"\/><\/p>\n<p>\n                                     Les D\u00e9mons de Minuit (L\u00e9onie Meyer &#8211; laur\u00e9at Jeune)\n                                <\/p>\n<p>Organis\u00e9e par l\u2019<a href=\"https:\/\/www.imt-grenoble.fr\/\" target=\"_blank\" title=\"IMT\" rel=\"noopener\">Institut des M\u00e9tiers et des Techniques de Grenoble<\/a>, la 15e \u00e9dition du Troph\u00e9e Chocolat des Alpes a fait sensation durant le salon Artisa (25 000 visiteurs attendus), \u00e0 Alpexpo, du 26 au 30 novembre. Le concours a une nouvelle fois mis en lumi\u00e8re le talent des \u00e9l\u00e8ves, invit\u00e9s \u00e0 r\u00e9aliser une sculpture 100 % chocolat sur un th\u00e8me pr\u00e9cis. Cette ann\u00e9e, les apprentis chocolatiers ont aff\u00fbt\u00e9 leur cr\u00e9ativit\u00e9 autour de la chanson fran\u00e7aise des ann\u00e9es 1980 \u00e0 2000. Un jury compos\u00e9 de chocolatiers et p\u00e2tissiers professionnels de la r\u00e9gion Auvergne-Rh\u00f4ne-Alpes les a d\u00e9partag\u00e9s. Trois laur\u00e9ats ont \u00e9t\u00e9 d\u00e9sign\u00e9s dans deux cat\u00e9gories distinctes, jeunes et BTM (brevet technique des m\u00e9tiers). Les \u00e9l\u00e8ves de l\u2019IMT ont r\u00e9compens\u00e9 pour l\u2019imagination, les techniques employ\u00e9es et la qualit\u00e9 des finitions de leurs \u0153uvres : L\u00e9onie Meyer, Lorick Excoffier, Louane Dussaud (cat\u00e9gorie jeunes), Anthony Damato, Cl\u00e9ment Godard et Maylis Mouraud (cat\u00e9gorie BTM). Reconnu comme un \u00e9v\u00e9nement-phare du salon Artisa (coupl\u00e9 depuis deux ans \u00e0 Naturissima et 2T50), le Troph\u00e9e Chocolat des Alpes re\u00e7oit l\u2019appui de nombreuses entreprises partenaires, dont la Chartreuse, le Summum, les Halles M\u00e9tro, Cacao Barry ou encore la p\u00e2tisserie R\u00eaves &amp; G\u00e2teaux.<\/p>\n<p><strong>R. Gonzalez<\/strong><\/p>\n<p>\u00a0<\/p>\n<p>  <img decoding=\"async\" loading=\"lazy\" src=\"https:\/\/www.europesays.com\/fr\/wp-content\/uploads\/2025\/12\/innamoramento.jpg\" alt=\"Innamoramento (Anthony Damato - laur\u00e9at BTM) \" class=\"img-responsive\"\/><\/p>\n<p>Innamoramento (Anthony Damato &#8211; laur\u00e9at BTM)<\/p>\n","protected":false},"excerpt":{"rendered":"Les D\u00e9mons de Minuit (L\u00e9onie Meyer &#8211; laur\u00e9at Jeune) Organis\u00e9e par l\u2019Institut des M\u00e9tiers et des Techniques de&hellip;\n","protected":false},"author":2,"featured_media":572189,"comment_status":"","ping_status":"","sticky":false,"template":"","format":"standard","meta":{"footnotes":""},"categories":[9566],"tags":[1111,11,2430,1777,674,1011,27,2731,12,25],"class_list":{"0":"post-572188","1":"post","2":"type-post","3":"status-publish","4":"format-standard","5":"has-post-thumbnail","7":"category-grenoble","8":"tag-actu","9":"tag-actualites","10":"tag-auvergne-rhone-alpes","11":"tag-eu","12":"tag-europe","13":"tag-fr","14":"tag-france","15":"tag-grenoble","16":"tag-news","17":"tag-republique-francaise"},"share_on_mastodon":{"url":"https:\/\/pubeurope.com\/@fr\/115647661579915518","error":""},"_links":{"self":[{"href":"https:\/\/www.europesays.com\/fr\/wp-json\/wp\/v2\/posts\/572188","targetHints":{"allow":["GET"]}}],"collection":[{"href":"https:\/\/www.europesays.com\/fr\/wp-json\/wp\/v2\/posts"}],"about":[{"href":"https:\/\/www.europesays.com\/fr\/wp-json\/wp\/v2\/types\/post"}],"author":[{"embeddable":true,"href":"https:\/\/www.europesays.com\/fr\/wp-json\/wp\/v2\/users\/2"}],"replies":[{"embeddable":true,"href":"https:\/\/www.europesays.com\/fr\/wp-json\/wp\/v2\/comments?post=572188"}],"version-history":[{"count":0,"href":"https:\/\/www.europesays.com\/fr\/wp-json\/wp\/v2\/posts\/572188\/revisions"}],"wp:featuredmedia":[{"embeddable":true,"href":"https:\/\/www.europesays.com\/fr\/wp-json\/wp\/v2\/media\/572189"}],"wp:attachment":[{"href":"https:\/\/www.europesays.com\/fr\/wp-json\/wp\/v2\/media?parent=572188"}],"wp:term":[{"taxonomy":"category","embeddable":true,"href":"https:\/\/www.europesays.com\/fr\/wp-json\/wp\/v2\/categories?post=572188"},{"taxonomy":"post_tag","embeddable":true,"href":"https:\/\/www.europesays.com\/fr\/wp-json\/wp\/v2\/tags?post=572188"}],"curies":[{"name":"wp","href":"https:\/\/api.w.org\/{rel}","templated":true}]}}