{"id":572190,"date":"2025-12-02T02:40:19","date_gmt":"2025-12-02T02:40:19","guid":{"rendered":"https:\/\/www.europesays.com\/fr\/572190\/"},"modified":"2025-12-02T02:40:19","modified_gmt":"2025-12-02T02:40:19","slug":"environ-quatre-millions-deuros-pour-renover-ce-complexe-sportif-rennais-vieux-de-45-ans","status":"publish","type":"post","link":"https:\/\/www.europesays.com\/fr\/572190\/","title":{"rendered":"Environ quatre millions d\u2019euros pour r\u00e9nover ce complexe sportif rennais, vieux de 45\u00a0ans ."},"content":{"rendered":"<p>L\u2019\u00e2ge moyen d\u2019un \u00e9quipement sportif couvert, \u00e0 <a href=\"https:\/\/rennes.maville.com\/info\/info-locale\/\" target=\"_blank\" rel=\"noopener\">Rennes<\/a> (Ille-et-Vilaine), est de 45\u00a0ans. La plupart ont \u00e9t\u00e9 construits <a href=\"https:\/\/rennes.maville.com\/actu\/actudet_-ferme-a-cause-de-moisissures-ce-gymnase-de-rennes-va-rouvrir-apres-un-grand-nettoyage-_7-6693903_actu.Htm\" target=\"_blank\" rel=\"noopener\">dans les ann\u00e9es 1970<\/a>. C\u2019est le cas du gymnase Albert-de-Mun, \u00e9rig\u00e9 sur une surface de 1\u00a0500\u00a0m2 en 1977, dans<a href=\"https:\/\/rennes.maville.com\/actu\/actudet_-hyper-centre-sud-gare-la-touche...-a-rennes-dans-quels-quartiers-vivent-les-plus-riches-_7-6322291_actu.Htm\" target=\"_blank\" rel=\"noopener\">le quartier Sud gare<\/a>.<\/p>\n<p>Il est essentiellement fr\u00e9quent\u00e9 par des scolaires, mais aussi par une petite dizaine de disciplines sportives. Sauf qu\u2019il est v\u00e9tuste. Il se murmure m\u00eame que l\u2019\u00e9tat des douches et des vestiaires dissuade des usagers de faire couler l\u2019eau apr\u00e8s l\u2019effort. \u00c0 cela s\u2019ajoute un niveau d\u2019isolation thermique tr\u00e8s faible\u00a0: il est l\u2019un des plus \u00e9nergivore de la Ville.<\/p>\n<p>Plus d\u2019un an de travaux<\/p>\n<p>Il fera l\u2019objet de travaux de r\u00e9novation, allant de la reconstruction des espaces vestiaires-sanitaires, au renforcement de la structure du b\u00e2timent, en passant par la r\u00e9novation des deux halles sportives. <strong>\u00ab\u00a0Ces travaux permettront de diminuer de 40\u00a0% la consommation \u00e9nerg\u00e9tique de l\u2019\u00e9quipement, gr\u00e2ce \u00e0 sa r\u00e9novation thermique et l\u2019installation de panneaux photovolta\u00efques, sur le toit de la halle principale\u00a0\u00bb<\/strong>, expose Fr\u00e9d\u00e9ric Bourcier, \u00e9lu en charge des sports.<\/p>\n<p>Le co\u00fbt global de l\u2019op\u00e9ration est estim\u00e9 \u00e0 3,83\u00a0millions d\u2019euros. Le permis de construire devrait \u00eatre d\u00e9pos\u00e9 avant l\u2019\u00e9t\u00e9 2027. Le nouveau gymnase devrait \u00eatre livr\u00e9 au premier semestre 2029.<\/p>\n<p>\u00ab\u00a0\u00c0 trois mois des \u00e9lections\u00a0\u00bb<\/p>\n<p><strong>\u00ab\u00a0Vous vous \u00e9tiez engag\u00e9 \u00e0 r\u00e9aliser ces travaux pendant votre mandat. Votre promesse n\u2019a pas \u00e9t\u00e9 tenue\u00a0: vous nous pr\u00e9sentez le dossier \u00e0 trois mois des \u00e9lections, en privil\u00e9giant un effet d\u2019annonce opportuniste\u00a0\u00bb<\/strong>, tance Henri-No\u00ebl Ruiz, membre du groupe d\u2019opposition R\u00e9v\u00e9ler Rennes. Une pol\u00e9mique \u00e0 laquelle Fr\u00e9d\u00e9ric Bourcier choisit de ne pas r\u00e9pondre. Celui-ci r\u00e9p\u00e8te toutefois le montant global de 56\u00a0millions d\u2019euros, investis dans le patrimoine sportif rennais.<\/p>\n<p>\u00a0<\/p>\n","protected":false},"excerpt":{"rendered":"L\u2019\u00e2ge moyen d\u2019un \u00e9quipement sportif couvert, \u00e0 Rennes (Ille-et-Vilaine), est de 45\u00a0ans. La plupart ont \u00e9t\u00e9 construits dans&hellip;\n","protected":false},"author":2,"featured_media":572191,"comment_status":"","ping_status":"","sticky":false,"template":"","format":"standard","meta":{"footnotes":""},"categories":[2821],"tags":[1111,11,3809,1465,829,1777,674,63,1011,27,1792,1922,12,584,25,479,517,1470],"class_list":{"0":"post-572190","1":"post","2":"type-post","3":"status-publish","4":"format-standard","5":"has-post-thumbnail","7":"category-rennes","8":"tag-actu","9":"tag-actualites","10":"tag-ball","11":"tag-basket","12":"tag-bretagne","13":"tag-eu","14":"tag-europe","15":"tag-football","16":"tag-fr","17":"tag-france","18":"tag-handball","19":"tag-info","20":"tag-news","21":"tag-rennes","22":"tag-republique-francaise","23":"tag-rugby","24":"tag-sport","25":"tag-volley"},"share_on_mastodon":{"url":"https:\/\/pubeurope.com\/@fr\/115647664858569546","error":""},"_links":{"self":[{"href":"https:\/\/www.europesays.com\/fr\/wp-json\/wp\/v2\/posts\/572190","targetHints":{"allow":["GET"]}}],"collection":[{"href":"https:\/\/www.europesays.com\/fr\/wp-json\/wp\/v2\/posts"}],"about":[{"href":"https:\/\/www.europesays.com\/fr\/wp-json\/wp\/v2\/types\/post"}],"author":[{"embeddable":true,"href":"https:\/\/www.europesays.com\/fr\/wp-json\/wp\/v2\/users\/2"}],"replies":[{"embeddable":true,"href":"https:\/\/www.europesays.com\/fr\/wp-json\/wp\/v2\/comments?post=572190"}],"version-history":[{"count":0,"href":"https:\/\/www.europesays.com\/fr\/wp-json\/wp\/v2\/posts\/572190\/revisions"}],"wp:featuredmedia":[{"embeddable":true,"href":"https:\/\/www.europesays.com\/fr\/wp-json\/wp\/v2\/media\/572191"}],"wp:attachment":[{"href":"https:\/\/www.europesays.com\/fr\/wp-json\/wp\/v2\/media?parent=572190"}],"wp:term":[{"taxonomy":"category","embeddable":true,"href":"https:\/\/www.europesays.com\/fr\/wp-json\/wp\/v2\/categories?post=572190"},{"taxonomy":"post_tag","embeddable":true,"href":"https:\/\/www.europesays.com\/fr\/wp-json\/wp\/v2\/tags?post=572190"}],"curies":[{"name":"wp","href":"https:\/\/api.w.org\/{rel}","templated":true}]}}