{"id":572194,"date":"2025-12-02T02:42:11","date_gmt":"2025-12-02T02:42:11","guid":{"rendered":"https:\/\/www.europesays.com\/fr\/572194\/"},"modified":"2025-12-02T02:42:11","modified_gmt":"2025-12-02T02:42:11","slug":"un-strasbourgeois-de-16-ans-inculpe-pour-un-projet-dattaque-terroriste","status":"publish","type":"post","link":"https:\/\/www.europesays.com\/fr\/572194\/","title":{"rendered":"un Strasbourgeois de 16 ans inculp\u00e9 pour un projet d&rsquo;attaque terroriste"},"content":{"rendered":"<p>                    Par<br \/>\n        <strong><br \/>\n            <a href=\"https:\/\/actu.fr\/auteur\/ivan-capecchi\" title=\"Consulter tous les articles de Ivan CAPECCHI\" target=\"_blank\" rel=\"noopener\">Ivan CAPECCHI<\/a><br \/>\n                    <\/strong><\/p>\n<p>        Publi\u00e9 le<\/p>\n<p>            1 d\u00e9c. 2025 \u00e0 18h57        <\/p>\n<p>Deux mineurs, dont un Strasbourgeois, ont \u00e9t\u00e9 <a href=\"https:\/\/actu.fr\/ile-de-france\/paris_75056\/paris-ils-voulaient-commettre-une-attaque-antisemite-deux-adolescents-mis-en-examen-et-ecroues_63514530.html\" target=\"_blank\" rel=\"noopener\">inculp\u00e9s \u00e0 Paris<\/a> et \u00e9crou\u00e9s pour un <strong>projet d\u2019attaque \u00ab\u00a0antis\u00e9mite\u00a0\u00bb<\/strong>, a indiqu\u00e9 lundi une source proche du dossier, confirmant une information du quotidien fran\u00e7ais <a href=\"https:\/\/www.leparisien.fr\/faits-divers\/deux-adolescents-radicalises-soupconnes-dun-projet-dattaque-antisemite-interpelles-par-la-dgsi-01-12-2025-TPLABJGTABENHCSUHYYA4A6KHI.php\" target=\"_blank\" rel=\"noopener\">Le Parisien<\/a>.<\/p>\n<p class=\" wall-content\">Les deux mineurs sont inculp\u00e9s pour \u00ab\u00a0<strong>participation \u00e0 une association de malfaiteurs terroriste en vue de la pr\u00e9paration d\u2019un ou plusieurs crimes d\u2019atteinte aux personnes<\/strong>\u00ab\u00a0, a pr\u00e9cis\u00e9 le parquet national antiterroriste (Pnat) \u00e0 l\u2019AFP.<\/p>\n<p>Un message WhatsApp o\u00f9 il se serait mis en sc\u00e8ne avec un couteau<\/p>\n<p class=\" wall-content\">Selon Le Parisien, il s\u2019agit de <strong>deux adolescents \u00e2g\u00e9s de 16 ans<\/strong>, dont un Russe de Tch\u00e9tch\u00e9nie, habitant \u00e0 <a href=\"https:\/\/actu.fr\/strasbourg\" target=\"_blank\" rel=\"noopener\">Strasbourg<\/a> et arriv\u00e9 il y a quatre ans en France avec sa m\u00e8re.<\/p>\n<p class=\" wall-content\">Il se serait mis en sc\u00e8ne en train de poser avec un couteau dans un message sur <strong>WhatsApp<\/strong>, accompagn\u00e9 d\u2019un texte o\u00f9 il annon\u00e7ait qu\u2019il allait \u00ab\u00a0<strong>tuer des Juifs dans cinq jours<\/strong>\u00a0\u00bb et \u00e9voquait un lieu de culte comme cible, selon Le Parisien. Il aurait \u00e9t\u00e9 en contact avec le second adolescent, qui habite en r\u00e9gion parisienne.<\/p>\n<p>Rajeunissement des personnes inculp\u00e9es pour ce type de faits<\/p>\n<p class=\" wall-content\">Au total,<strong> 20 mineurs ont \u00e9t\u00e9 inculp\u00e9s depuis le 1er janvier 2025 pour une infraction de nature terroriste<\/strong>, dans le cadre de proc\u00e9dures suivies par le Pnat.<\/p>\n<p class=\" wall-content\">Ce dernier observe depuis cinq ans un net <strong>rajeunissement<\/strong> des personnes inculp\u00e9es pour ce type de faits.<\/p>\n<p>Votre r\u00e9gion, votre actu !<\/p>\n<p>Recevez chaque jour les infos qui comptent pour vous.<\/p>\n<p>\t<a href=\"https:\/\/actu.fr\/newsletter\" class=\"ac-btn ac-btn--corner ac-btn--medium ac-btn--blue800\" target=\"_blank\" rel=\"noopener\">S&rsquo;incrire<\/a><\/p>\n<p class=\" wall-content\">Le total enregistr\u00e9 en 2024, 19 mineurs, est d\u00e9sormais d\u00e9pass\u00e9.<\/p>\n<p class=\" wall-content\"><strong>AFP<\/strong><\/p>\n<p class=\" wall-content\">Personnalisez votre actualit\u00e9 en ajoutant vos villes et m\u00e9dias en favori avec <a href=\"https:\/\/moncompte.actu.fr\" title=\"D\u00e9couvez Mon Actu\" rel=\"nofollow noopener\" data-trk=\"{&quot;cta&quot;:{&quot;action&quot;:&quot;https:\\\/\\\/moncompte.actu.fr&quot;,&quot;category&quot;:&quot;mon compte&quot;,&quot;from&quot;:&quot;article footer&quot;,&quot;name&quot;:&quot;Mon actu&quot;,&quot;type&quot;:&quot;cta&quot;}}\" target=\"_blank\">Mon Actu<\/a>.<\/p>\n","protected":false},"excerpt":{"rendered":"Par Ivan CAPECCHI Publi\u00e9 le 1 d\u00e9c. 2025 \u00e0 18h57 Deux mineurs, dont un Strasbourgeois, ont \u00e9t\u00e9 inculp\u00e9s&hellip;\n","protected":false},"author":2,"featured_media":571529,"comment_status":"","ping_status":"","sticky":false,"template":"","format":"standard","meta":{"footnotes":""},"categories":[2820],"tags":[1111,11,1777,674,118,1011,27,775,12,25,640],"class_list":{"0":"post-572194","1":"post","2":"type-post","3":"status-publish","4":"format-standard","5":"has-post-thumbnail","7":"category-strasbourg","8":"tag-actu","9":"tag-actualites","10":"tag-eu","11":"tag-europe","12":"tag-faits-divers","13":"tag-fr","14":"tag-france","15":"tag-grand-est","16":"tag-news","17":"tag-republique-francaise","18":"tag-strasbourg"},"share_on_mastodon":{"url":"https:\/\/pubeurope.com\/@fr\/115647672785810673","error":""},"_links":{"self":[{"href":"https:\/\/www.europesays.com\/fr\/wp-json\/wp\/v2\/posts\/572194","targetHints":{"allow":["GET"]}}],"collection":[{"href":"https:\/\/www.europesays.com\/fr\/wp-json\/wp\/v2\/posts"}],"about":[{"href":"https:\/\/www.europesays.com\/fr\/wp-json\/wp\/v2\/types\/post"}],"author":[{"embeddable":true,"href":"https:\/\/www.europesays.com\/fr\/wp-json\/wp\/v2\/users\/2"}],"replies":[{"embeddable":true,"href":"https:\/\/www.europesays.com\/fr\/wp-json\/wp\/v2\/comments?post=572194"}],"version-history":[{"count":0,"href":"https:\/\/www.europesays.com\/fr\/wp-json\/wp\/v2\/posts\/572194\/revisions"}],"wp:featuredmedia":[{"embeddable":true,"href":"https:\/\/www.europesays.com\/fr\/wp-json\/wp\/v2\/media\/571529"}],"wp:attachment":[{"href":"https:\/\/www.europesays.com\/fr\/wp-json\/wp\/v2\/media?parent=572194"}],"wp:term":[{"taxonomy":"category","embeddable":true,"href":"https:\/\/www.europesays.com\/fr\/wp-json\/wp\/v2\/categories?post=572194"},{"taxonomy":"post_tag","embeddable":true,"href":"https:\/\/www.europesays.com\/fr\/wp-json\/wp\/v2\/tags?post=572194"}],"curies":[{"name":"wp","href":"https:\/\/api.w.org\/{rel}","templated":true}]}}