{"id":572199,"date":"2025-12-02T02:45:23","date_gmt":"2025-12-02T02:45:23","guid":{"rendered":"https:\/\/www.europesays.com\/fr\/572199\/"},"modified":"2025-12-02T02:45:23","modified_gmt":"2025-12-02T02:45:23","slug":"jai-vu-des-gens-chahutes-mais-pas-de-coups-un-supporter-de-nice-livre-son-temoignage-sur-lincident-avec-moffi-et-boga","status":"publish","type":"post","link":"https:\/\/www.europesays.com\/fr\/572199\/","title":{"rendered":"\u00ab\u00a0J&rsquo;ai vu des gens chahut\u00e9s mais pas de coups\u00a0\u00bb, un supporter de Nice livre son t\u00e9moignage sur l&rsquo;incident avec Moffi et Boga"},"content":{"rendered":"<p>Un supporter de l&rsquo;OGC Nice pr\u00e9sent dimanche soir lors des incidents avec les joueurs au centre d&rsquo;entra\u00eenement a livr\u00e9 son t\u00e9moignage dans l&rsquo;\u00e9mission l&rsquo;After Foot ce lundi sur RMC. Ce fan du Gym d\u00e9crit une atmosph\u00e8re tr\u00e8s tendue, en confirmant que Terem Moffi, J\u00e9r\u00e9mie Boga et Florian Maurice ont \u00e9t\u00e9 s\u00e9v\u00e8rement pris \u00e0 partie. Mais il assure ne pas avoir vu de coups port\u00e9s.<\/p>\n<p>Comme plusieurs centaines de supporters, Vadim est venu <a href=\"https:\/\/rmcsport.bfmtv.com\/football\/clubs\/ogc-nice\/crise-a-nice-les-aiglons-sortent-du-silence-apres-les-violences-des-supporters-contre-moffi-et-boga_AV-202512010929.html\" title=\"Crise \u00e0 Nice: les Aiglons sortent du silence apr\u00e8s les violences des supporters contre Moffi et Boga\" class=\"internal_link\" target=\"_blank\" rel=\"noopener\">devant le centre d&rsquo;entra\u00eenement de l&rsquo;OGC Nice<\/a> dimanche soir pour manifester son m\u00e9contentement apr\u00e8s la nouvelle d\u00e9faite \u00e0 Lorient lors de la 14e journ\u00e9e de Ligue 1 (3-1). La sixi\u00e8me de suite, toutes comp\u00e9titions confondues. Et ce fan du Gym a livr\u00e9 son t\u00e9moignage dans l&rsquo;After Foot sur RMC, au lendemain de <a href=\"https:\/\/rmcsport.bfmtv.com\/football\/clubs\/ogc-nice\/nice-moffi-et-boga-places-en-arret-de-travail-apres-avoir-ete-frappes-par-des-supporters-le-recit-d-une-nuit-explosive_AV-202512010792.html\" title=\"Nice: Moffi et Boga plac\u00e9s en arr\u00eat de travail apr\u00e8s avoir \u00e9t\u00e9 frapp\u00e9s par des supporters, le r\u00e9cit d&#039;une nuit explosive\" class=\"internal_link\" target=\"_blank\" rel=\"noopener\">ces incidents lors desquels Terem Moffi et J\u00e9r\u00e9mie Boga ont \u00e9t\u00e9 frapp\u00e9s<\/a>, tout comme le directeur sportif Florian Maurice.<\/p>\n<p>\u00ab\u00a0J\u2019\u00e9tais en train de manger avec ma famille et il y a eu un message sur un groupe sur Instagram. C\u2019est quelque chose qui se fait d\u2019aller un peu chahuter, d\u2019aller voir les joueurs et de faire passer des messages\u00a0\u00bb, a racont\u00e9 Vadim. \u00ab\u00a0Parce que c\u2019est quand m\u00eame du foutage de gueule ce qui se passe depuis le d\u00e9but de la saison. Le groupe Insta, ce ne sont pas des membres de la BSN, il y a plusieurs groupes de fans et de supporters et l\u00e0 il y a un message disant: &rsquo;23h au centre d\u2019entra\u00eenement&rsquo;. C\u2019\u00e9tait pour aller manifester son m\u00e9contentement, grosso modo. On avait dans l\u2019id\u00e9e d\u2019y aller pour montrer notre m\u00e9contentement et le fait qu\u2019il y a des supporters qui sont l\u00e0, qui aiment le club et qui en ont marre de ce qu\u2019il se passe. Et puis voil\u00e0, tout simplement.\u00a0\u00bb<\/p>\n<p>\u00ab\u00a0On est dans le noir, il y a une ambiance \u00e9l\u00e9ctrique\u00a0\u00bb<\/p>\n<p>\u00ab\u00a0On est arriv\u00e9 sur place avec un ami. Le bus est arriv\u00e9 vers 23h15. Des fumig\u00e8nes ont commenc\u00e9 \u00e0 \u00eatre sortis par les ultras etc&#8230; Certains sont cagoul\u00e9s, certains ne le sont pas. Les fumig\u00e8nes sont de sortie, il y a des chants tr\u00e8s hostiles. Le bus se rapproche, puis il est stopp\u00e9. Les chants sont hostiles, les supporters avancent devant le centre d\u2019entra\u00eenement. Il y a des policiers et des membres de la s\u00e9curit\u00e9 de l\u2019OGC Nice de part et d\u2019autre. Et puis Florian Maurice sort en premier, il se prend une hu\u00e9e et une mar\u00e9e de hurlements. Il est chahut\u00e9. Maurice, <a href=\"https:\/\/rmcsport.bfmtv.com\/football\/clubs\/ogc-nice\/crise-a-nice-moffi-et-boga-ont-porte-plainte-apres-avoir-ete-frappes-par-des-supporters-en-colere_AV-202512010867.html\" title=\"Crise \u00e0 Nice: Moffi et Boga ont port\u00e9 plainte apr\u00e8s avoir \u00e9t\u00e9 frapp\u00e9s par des supporters en col\u00e8re\" class=\"internal_link\" target=\"_blank\" rel=\"noopener\">Moffi et Boga<\/a> ont pris tr\u00e8s tr\u00e8s cher. Bard, Diop et Haise ont \u00e9t\u00e9 tr\u00e8s support\u00e9s, il y a eu des chants pour Haise et les supporters \u00e9taient unanimes pour le soutenir parce qu\u2019on sait que ce n\u2019est pas sa faute.\u00a0\u00bb<\/p>\n<p><img decoding=\"async\" src=\"https:\/\/www.europesays.com\/fr\/wp-content\/uploads\/2025\/09\/principale-92_5.jpg\"  alt=\"Le t\u00e9moignage d'un supporter de Nice pr\u00e9sent au centre  d'entra\u00eenement hier. Jean-Louis Tourre souligne la responsabilit\u00e9 d'INEOS qui laisse le club \u00e0 la d\u00e9rive. \u2013 01\/12\" title=\"Le t\u00e9moignage d'un supporter de Nice pr\u00e9sent au centre  d'entra\u00eenement hier. Jean-Louis Tourre souligne la responsabilit\u00e9 d'INEOS qui laisse le club \u00e0 la d\u00e9rive. \u2013 01\/12\"\/>Le t\u00e9moignage d&rsquo;un supporter de Nice pr\u00e9sent au centre d&rsquo;entra\u00eenement hier. Jean-Louis Tourre souligne la responsabilit\u00e9 d&rsquo;INEOS qui laisse le club \u00e0 la d\u00e9rive. \u2013 01\/12<\/p>\n<p>Vadim a-t-il vu des coups port\u00e9s contre Moffi, Boga et Maurice? \u00ab\u00a0Tout d\u00e9pend o\u00f9 est-ce qu\u2019on met la d\u00e9finition du mot violence. Moi, je suis anti-violence et j\u2019y allais pour manifester mon m\u00e9contentement. Le probl\u00e8me, c\u2019est qu\u2019on est dans le noir et qu\u2019il y a une ambiance \u00e9lectrique. J\u2019\u00e9tais tout proche et j\u2019ai vu des joueurs pris \u00e0 partie de mani\u00e8re virulente. On a le droit de se demander si c\u2019est normal ou pas. Il y a un contexte avec Moffi et Boga. Ce n\u2019est pas que ce qu\u2019ils ont fait c\u2019est aussi leur niveau de jeu depuis deux ans. C\u2019est un tout. Mais rien n\u2019excuse la violence. Moi, je n\u2019ai vu aucune violence. J\u2019ai vu des gens des chahut\u00e9s et des gens leur dire de se bouger le cul. J\u2019ai vu Yehvann Diouf en col\u00e8re. Il me faisait m\u00eame de la peine parce qu\u2019il a \u00e9t\u00e9 aussi pris \u00e0 partie. Apr\u00e8s il y avait 400 \u00eatres humains, 400 contextes et 400 histoires diff\u00e9rentes (&#8230;) Moi, j\u2019\u00e9tais \u00e0 c\u00f4t\u00e9 et je n\u2019ai pas vu (de coups). Je n\u2019ai pas vu et j\u2019\u00e9tais avec plein d\u2019amis, on en a tous parl\u00e9 aujourd\u2019hui parce que \u00e7a n\u2019arrive pas tous les jours \u00e0 Nice. On en parl\u00e9 et on n\u2019a pas vu de coups.\u00a0\u00bb<\/p>\n<p>\u00ab\u00a0Qu&rsquo;ils (Moffi et Boga) portent plainte parce qu&rsquo;ils ont \u00e9t\u00e9 secou\u00e9s, c&rsquo;est leur droit. En revanche, je n&rsquo;ai pas vu de coups. Surtout, je tenais \u00e0 faire passer le message que Franck Haise a \u00e9t\u00e9 \u00e9norm\u00e9ment soutenu et qu&rsquo;il est venu discuter pendant une heure. Que les joueurs sont rest\u00e9s derri\u00e8re la grille, que certains sont partis et d&rsquo;autres rest\u00e9s. M\u00eame l\u00e0, ils n&rsquo;\u00e9taient pas ensemble, ce n&rsquo;\u00e9tait pas une \u00e9quipe. C&rsquo;\u00e9tait particulier comme situation. Mais moi, je n&rsquo;ai pas vu de violence\u00a0\u00bb.<\/p>\n","protected":false},"excerpt":{"rendered":"Un supporter de l&rsquo;OGC Nice pr\u00e9sent dimanche soir lors des incidents avec les joueurs au centre d&rsquo;entra\u00eenement a&hellip;\n","protected":false},"author":2,"featured_media":572200,"comment_status":"","ping_status":"","sticky":false,"template":"","format":"standard","meta":{"footnotes":""},"categories":[2819],"tags":[1111,11,1777,674,1011,27,12,2401,882,25],"class_list":{"0":"post-572199","1":"post","2":"type-post","3":"status-publish","4":"format-standard","5":"has-post-thumbnail","7":"category-nice","8":"tag-actu","9":"tag-actualites","10":"tag-eu","11":"tag-europe","12":"tag-fr","13":"tag-france","14":"tag-news","15":"tag-nice","16":"tag-provence-alpes-cote-dazur","17":"tag-republique-francaise"},"share_on_mastodon":{"url":"https:\/\/pubeurope.com\/@fr\/115647685081612784","error":""},"_links":{"self":[{"href":"https:\/\/www.europesays.com\/fr\/wp-json\/wp\/v2\/posts\/572199","targetHints":{"allow":["GET"]}}],"collection":[{"href":"https:\/\/www.europesays.com\/fr\/wp-json\/wp\/v2\/posts"}],"about":[{"href":"https:\/\/www.europesays.com\/fr\/wp-json\/wp\/v2\/types\/post"}],"author":[{"embeddable":true,"href":"https:\/\/www.europesays.com\/fr\/wp-json\/wp\/v2\/users\/2"}],"replies":[{"embeddable":true,"href":"https:\/\/www.europesays.com\/fr\/wp-json\/wp\/v2\/comments?post=572199"}],"version-history":[{"count":0,"href":"https:\/\/www.europesays.com\/fr\/wp-json\/wp\/v2\/posts\/572199\/revisions"}],"wp:featuredmedia":[{"embeddable":true,"href":"https:\/\/www.europesays.com\/fr\/wp-json\/wp\/v2\/media\/572200"}],"wp:attachment":[{"href":"https:\/\/www.europesays.com\/fr\/wp-json\/wp\/v2\/media?parent=572199"}],"wp:term":[{"taxonomy":"category","embeddable":true,"href":"https:\/\/www.europesays.com\/fr\/wp-json\/wp\/v2\/categories?post=572199"},{"taxonomy":"post_tag","embeddable":true,"href":"https:\/\/www.europesays.com\/fr\/wp-json\/wp\/v2\/tags?post=572199"}],"curies":[{"name":"wp","href":"https:\/\/api.w.org\/{rel}","templated":true}]}}