{"id":572201,"date":"2025-12-02T02:46:40","date_gmt":"2025-12-02T02:46:40","guid":{"rendered":"https:\/\/www.europesays.com\/fr\/572201\/"},"modified":"2025-12-02T02:46:40","modified_gmt":"2025-12-02T02:46:40","slug":"une-moto-fonce-sur-les-crs-la-police-tire-en-plein-jour","status":"publish","type":"post","link":"https:\/\/www.europesays.com\/fr\/572201\/","title":{"rendered":"une moto fonce sur les CRS, la police tire en plein jour"},"content":{"rendered":"<p>                    Par<br \/>\n        <strong><br \/>\n            <a href=\"https:\/\/actu.fr\/auteur\/thomas-bernard\" title=\"Consulter tous les articles de Thomas Bernard\" target=\"_blank\" rel=\"noopener\">Thomas Bernard<\/a><br \/>\n                    <\/strong><\/p>\n<p>        Publi\u00e9 le<\/p>\n<p>            1 d\u00e9c. 2025 \u00e0 12h16        <\/p>\n<p>Au sud de Nantes, ce dimanche 30\u00a0novembre 2025, un policier a fait l\u2019usage de son arme \u00e0 feu, en plein jour. Comme r\u00e9v\u00e9l\u00e9 par nos confr\u00e8res de <a href=\"https:\/\/www.ouest-france.fr\/societe\/faits-divers\/un-motard-fonce-sur-des-crs-qui-font-usage-de-leur-arme-a-nantes-836a1808-ce04-11f0-9f92-1f1697d8d1ab\" target=\"_blank\" rel=\"noopener\">Presse Oc\u00e9an<\/a>, aux alentours de <b>15\u2009h\u200930<\/b>, <b>un CRS a tir\u00e9 \u00e0 deux reprises sur une moto<\/b> qui fon\u00e7ait en direction des policiers. Les tirs n\u2019ont pas touch\u00e9 l\u2019individu qui est parvenu \u00e0 prendre la fuite. Aucun fonctionnaire de police a \u00e9t\u00e9 bless\u00e9.<\/p>\n<p>Rod\u00e9o urbain<\/p>\n<p class=\" wall-content\">En milieu d\u2019apr\u00e8s-midi, les policiers ont tent\u00e9 de proc\u00e9der au contr\u00f4le d\u2019une motocross bleue et blanche qui faisait <b>du rod\u00e9o urbain dans le secteur Pirmil<\/b>, au niveau de la station de transport en commun, <a href=\"https:\/\/actu.fr\/pays-de-la-loire\/nantes_44109\/coups-de-feu-a-nantes-la-circulation-des-trams-interrompue-pendant-une-heure_63487813.html\" target=\"_blank\" rel=\"noopener\">une zone concern\u00e9e par plusieurs \u00e9pisodes de tirs ces derni\u00e8res semaines<\/a>.<\/p>\n<p class=\" wall-content\">Selon nos confr\u00e8res, le deux-roues a fonc\u00e9 en direction d\u2019une patrouille de CRS, situ\u00e9e au niveau de la rue du Dos d\u2019\u00e2ne, un axe routier assez emprunt\u00e9 le dimanche. C\u2019est \u00e0 ce moment-l\u00e0 qu\u2019un CRS a tir\u00e9 \u00e0 deux reprises.<\/p>\n<p class=\" wall-content\">La motocross, non plaqu\u00e9e, n\u2019a pas encore \u00e9t\u00e9 identifi\u00e9e. Comme indiqu\u00e9 par une source polici\u00e8re \u00e0 actu Nantes, <b>deux enqu\u00eates ont \u00e9t\u00e9 ouvertes<\/b>.<\/p>\n<p class=\" wall-content\">Une investigation pour retrouver l\u2019individu sur le deux-roues a \u00e9t\u00e9 confi\u00e9e au service local de police judiciaire. Dans le m\u00eame temps, comme il est d\u2019usage lorsqu\u2019un fonctionnaire de police utilise son arme \u00e0 feu, une enqu\u00eate administrative sur les conditions des tirs a \u00e9t\u00e9 ouverte.<\/p>\n<p class=\" wall-content\">Personnalisez votre actualit\u00e9 en ajoutant vos villes et m\u00e9dias en favori avec <a href=\"https:\/\/moncompte.actu.fr\" title=\"D\u00e9couvez Mon Actu\" rel=\"nofollow noopener\" data-trk=\"{&quot;cta&quot;:{&quot;action&quot;:&quot;https:\\\/\\\/moncompte.actu.fr&quot;,&quot;category&quot;:&quot;mon compte&quot;,&quot;from&quot;:&quot;article footer&quot;,&quot;name&quot;:&quot;Mon actu&quot;,&quot;type&quot;:&quot;cta&quot;}}\" target=\"_blank\">Mon Actu<\/a>.<\/p>\n","protected":false},"excerpt":{"rendered":"Par Thomas Bernard Publi\u00e9 le 1 d\u00e9c. 2025 \u00e0 12h16 Au sud de Nantes, ce dimanche 30\u00a0novembre 2025,&hellip;\n","protected":false},"author":2,"featured_media":572202,"comment_status":"","ping_status":"","sticky":false,"template":"","format":"standard","meta":{"footnotes":""},"categories":[2818],"tags":[1111,11,1777,674,118,1011,27,766,12,2636,1072,2852,25,5575],"class_list":{"0":"post-572201","1":"post","2":"type-post","3":"status-publish","4":"format-standard","5":"has-post-thumbnail","7":"category-nantes","8":"tag-actu","9":"tag-actualites","10":"tag-eu","11":"tag-europe","12":"tag-faits-divers","13":"tag-fr","14":"tag-france","15":"tag-nantes","16":"tag-news","17":"tag-pays-de-la-loire","18":"tag-police","19":"tag-refus-dobtemperer","20":"tag-republique-francaise","21":"tag-rodeos-urbains"},"share_on_mastodon":{"url":"https:\/\/pubeurope.com\/@fr\/115647688419214465","error":""},"_links":{"self":[{"href":"https:\/\/www.europesays.com\/fr\/wp-json\/wp\/v2\/posts\/572201","targetHints":{"allow":["GET"]}}],"collection":[{"href":"https:\/\/www.europesays.com\/fr\/wp-json\/wp\/v2\/posts"}],"about":[{"href":"https:\/\/www.europesays.com\/fr\/wp-json\/wp\/v2\/types\/post"}],"author":[{"embeddable":true,"href":"https:\/\/www.europesays.com\/fr\/wp-json\/wp\/v2\/users\/2"}],"replies":[{"embeddable":true,"href":"https:\/\/www.europesays.com\/fr\/wp-json\/wp\/v2\/comments?post=572201"}],"version-history":[{"count":0,"href":"https:\/\/www.europesays.com\/fr\/wp-json\/wp\/v2\/posts\/572201\/revisions"}],"wp:featuredmedia":[{"embeddable":true,"href":"https:\/\/www.europesays.com\/fr\/wp-json\/wp\/v2\/media\/572202"}],"wp:attachment":[{"href":"https:\/\/www.europesays.com\/fr\/wp-json\/wp\/v2\/media?parent=572201"}],"wp:term":[{"taxonomy":"category","embeddable":true,"href":"https:\/\/www.europesays.com\/fr\/wp-json\/wp\/v2\/categories?post=572201"},{"taxonomy":"post_tag","embeddable":true,"href":"https:\/\/www.europesays.com\/fr\/wp-json\/wp\/v2\/tags?post=572201"}],"curies":[{"name":"wp","href":"https:\/\/api.w.org\/{rel}","templated":true}]}}