{"id":572203,"date":"2025-12-02T02:47:16","date_gmt":"2025-12-02T02:47:16","guid":{"rendered":"https:\/\/www.europesays.com\/fr\/572203\/"},"modified":"2025-12-02T02:47:16","modified_gmt":"2025-12-02T02:47:16","slug":"nantes-previsions-meteo-du-lundi-01-decembre-2025","status":"publish","type":"post","link":"https:\/\/www.europesays.com\/fr\/572203\/","title":{"rendered":"Nantes : pr\u00e9visions m\u00e9t\u00e9o du lundi 01 d\u00e9cembre 2025"},"content":{"rendered":"<p>\u00c0 Nantes, le lundi 1er d\u00e9cembre 2025, la journ\u00e9e est domin\u00e9e par un temps tr\u00e8s nuageux avec quelques bruines l\u00e9g\u00e8res. Les temp\u00e9ratures restent fra\u00eeches, tandis que le vent de Sud s&rsquo;intensifie en apr\u00e8s-midi et en soir\u00e9e.<\/p>\n<p>\n    Ce lundi 1er d\u00e9cembre 2025, Nantes retrouve sa douceur oc\u00e9anique habituelle : nuages compacts, bruines et vents du Sud rythment la journ\u00e9e. Imperm\u00e9able et bonnet restent de rigueur.\n<\/p>\n<p>Matin : grisaille compacte d\u00e8s l\u2019aube<\/p>\n<p>\n    Le soleil se l\u00e8ve \u00e0 08 h 32, mais demeure masqu\u00e9 par un ciel tr\u00e8s nuageux. \u00c0 09 h, le thermom\u00e8tre affiche <b>8 \u00b0C<\/b> pour un ressenti de <b>5 \u00b0C<\/b>. L\u2019humidit\u00e9 atteint pr\u00e8s de 91 %.\n<\/p>\n<p>\n    Une brise de Sud \u00e0 15 km\/h accentue la sensation de fra\u00eecheur. La pluie reste improbable (15 %), toutefois il est conseill\u00e9 de privil\u00e9gier des v\u00eatements d\u00e9perlants pour les d\u00e9placements \u00e0 v\u00e9lo ou \u00e0 pied.\n<\/p>\n<ul>\n<li>Pression : 1 016 hPa, stable.<\/li>\n<li>Visibilit\u00e9 correcte malgr\u00e9 la couverture nuageuse.<\/li>\n<li>Aucun coup de vent notable ce matin.<\/li>\n<\/ul>\n<p>Apr\u00e8s-midi : bruine l\u00e9g\u00e8re et rafales marqu\u00e9es<\/p>\n<p>\n    Vers 15 h, de petites gouttes commencent \u00e0 tomber sur la ville. La temp\u00e9rature monte \u00e0 <b>10 \u00b0C<\/b>, avec un ressenti de <b>7 \u00b0C<\/b>. Le taux d\u2019humidit\u00e9 reste \u00e9lev\u00e9 (86 %).\n<\/p>\n<p>\n    Le vent de Sud-Sud-Est se renforce \u00e0 27 km\/h. Des rafales pouvant atteindre <b>50 km\/h<\/b> surprennent parfois sur les ponts et quais. Prudence recommand\u00e9e pour les deux-roues et les chantiers en hauteur.\n<\/p>\n<ul>\n<li>Probabilit\u00e9 d\u2019averse : 15 %, mais bruine persistante.<\/li>\n<li>Pression en l\u00e9g\u00e8re baisse : 1 011 hPa.<\/li>\n<li>Visibilit\u00e9 parfois r\u00e9duite par les embruns.<\/li>\n<\/ul>\n<p>Soir : bruine, fra\u00eecheur et rafales<\/p>\n<p>\n    Le soleil se couche \u00e0 17 h 18, puis la bruine s\u2019installe durablement. \u00c0 21 h, on rel\u00e8ve <b>7 \u00b0C<\/b>, ressenti <b>3 \u00b0C<\/b>. L\u2019humidit\u00e9 remonte \u00e0 90 %.\n<\/p>\n<p>\n    Le flux de Sud souffle \u00e0 24 km\/h, avec des pointes \u00e0 <b>47 km\/h<\/b>. Le risque d\u2019ond\u00e9e grimpe \u00e0 63 %. Il est pr\u00e9f\u00e9rable d\u2019\u00e9viter les longues attentes aux arr\u00eats de tram sans protection imperm\u00e9able.\n<\/p>\n<ul>\n<li>Pression : 1 007 hPa, en baisse continue.<\/li>\n<li>Routes glissantes possibles sous la bruine.<\/li>\n<li>Balcon et mobilier l\u00e9ger \u00e0 s\u00e9curiser face aux rafales.<\/li>\n<\/ul>\n<p>Tendance de demain : pluie faible mais plus r\u00e9guli\u00e8re<\/p>\n<p>\n    Mardi 2 d\u00e9cembre s\u2019annonce plus humide : <b>7,3 mm<\/b> attendus sur la journ\u00e9e, soit un arrosage significatif. Les maximales approcheront <b>12 \u00b0C<\/b>, les minimales <b>5 \u00b0C<\/b>. L\u2019ambiance restera satur\u00e9e en humidit\u00e9 (95 %).\n<\/p>\n<p>\n    Le vent restera orient\u00e9 Sud, autour de 21 km\/h, avec des rafales \u00e0 <b>44 km\/h<\/b>. La pression pr\u00e9vue \u00e0 1 005 hPa signale un syst\u00e8me d\u00e9pressionnaire durable. Pr\u00e9voyez un parapluie robuste et des chaussures \u00e9tanches.\n<\/p>\n<ul>\n<li>Ressenti : de 3 \u00b0C \u00e0 10 \u00b0C.<\/li>\n<li>Pluies faibles mais continues, propices \u00e0 la d\u00e9t\u00e9rioration des sols.<\/li>\n<li>Surveillance conseill\u00e9e des chantiers et \u00e9quipements ext\u00e9rieurs.<\/li>\n<\/ul>\n<p>\n    Pour des pr\u00e9visions plus fines heure par heure, consultez <a href=\"https:\/\/www.meteocity.com\/france\/nantes-v2990969\" target=\"_blank\" rel=\"noopener\">notre page d\u00e9di\u00e9e<\/a>.\n<\/p>\n<p>\n    Ces passages pluvieux hivernaux restent typiques du climat oc\u00e9anique. Toutefois, la fr\u00e9quence accrue des \u00e9pisodes venteux observ\u00e9e depuis dix ans en Loire-Atlantique s\u2019accorde avec les projections du GIEC, qui annoncent des d\u00e9pressions plus dynamiques sur l\u2019Atlantique Nord.<\/p>\n","protected":false},"excerpt":{"rendered":"\u00c0 Nantes, le lundi 1er d\u00e9cembre 2025, la journ\u00e9e est domin\u00e9e par un temps tr\u00e8s nuageux avec quelques&hellip;\n","protected":false},"author":2,"featured_media":572204,"comment_status":"","ping_status":"","sticky":false,"template":"","format":"standard","meta":{"footnotes":""},"categories":[2818],"tags":[1111,11,1777,674,1011,27,766,12,2636,25],"class_list":{"0":"post-572203","1":"post","2":"type-post","3":"status-publish","4":"format-standard","5":"has-post-thumbnail","7":"category-nantes","8":"tag-actu","9":"tag-actualites","10":"tag-eu","11":"tag-europe","12":"tag-fr","13":"tag-france","14":"tag-nantes","15":"tag-news","16":"tag-pays-de-la-loire","17":"tag-republique-francaise"},"share_on_mastodon":{"url":"https:\/\/pubeurope.com\/@fr\/115647692485256373","error":""},"_links":{"self":[{"href":"https:\/\/www.europesays.com\/fr\/wp-json\/wp\/v2\/posts\/572203","targetHints":{"allow":["GET"]}}],"collection":[{"href":"https:\/\/www.europesays.com\/fr\/wp-json\/wp\/v2\/posts"}],"about":[{"href":"https:\/\/www.europesays.com\/fr\/wp-json\/wp\/v2\/types\/post"}],"author":[{"embeddable":true,"href":"https:\/\/www.europesays.com\/fr\/wp-json\/wp\/v2\/users\/2"}],"replies":[{"embeddable":true,"href":"https:\/\/www.europesays.com\/fr\/wp-json\/wp\/v2\/comments?post=572203"}],"version-history":[{"count":0,"href":"https:\/\/www.europesays.com\/fr\/wp-json\/wp\/v2\/posts\/572203\/revisions"}],"wp:featuredmedia":[{"embeddable":true,"href":"https:\/\/www.europesays.com\/fr\/wp-json\/wp\/v2\/media\/572204"}],"wp:attachment":[{"href":"https:\/\/www.europesays.com\/fr\/wp-json\/wp\/v2\/media?parent=572203"}],"wp:term":[{"taxonomy":"category","embeddable":true,"href":"https:\/\/www.europesays.com\/fr\/wp-json\/wp\/v2\/categories?post=572203"},{"taxonomy":"post_tag","embeddable":true,"href":"https:\/\/www.europesays.com\/fr\/wp-json\/wp\/v2\/tags?post=572203"}],"curies":[{"name":"wp","href":"https:\/\/api.w.org\/{rel}","templated":true}]}}