{"id":572209,"date":"2025-12-02T02:50:19","date_gmt":"2025-12-02T02:50:19","guid":{"rendered":"https:\/\/www.europesays.com\/fr\/572209\/"},"modified":"2025-12-02T02:50:19","modified_gmt":"2025-12-02T02:50:19","slug":"notre-selection-de-marches-de-noel-a-decouvrir-a-toulouse-et-aux-alentours-ces-prochains-jours","status":"publish","type":"post","link":"https:\/\/www.europesays.com\/fr\/572209\/","title":{"rendered":"Notre s\u00e9lection de march\u00e9s de No\u00ebl \u00e0 d\u00e9couvrir \u00e0 Toulouse et aux alentours ces prochains jours"},"content":{"rendered":"<p>                    Par<br \/>\n        <strong><br \/>\n            <a href=\"https:\/\/actu.fr\/auteur\/redaction-toulouse\" title=\"Consulter tous les articles de R\u00e9daction de Toulouse\" target=\"_blank\" rel=\"noopener\">R\u00e9daction de Toulouse<\/a><br \/>\n                    <\/strong><\/p>\n<p>        Publi\u00e9 le<\/p>\n<p>            1 d\u00e9c. 2025 \u00e0 17h55        <\/p>\n<p>Les march\u00e9s de No\u00ebl,<a href=\"https:\/\/actu.fr\/occitanie\/toulouse_31555\/en-images-toulouse-c-est-parti-pour-le-marche-de-noel-de-la-place-du-capitole_63499769.html\" target=\"_blank\" rel=\"noopener\"> ce n\u2019est pas qu\u2019\u00e0 Toulouse<\/a>. Si la Ville rose compte plusieurs march\u00e9s en ces temps de l\u2019avent, d\u2019autres communes de <strong>Haute-Garonne<\/strong> se plient \u00e0 l\u2019exercice. Voici notre s\u00e9lection de<strong> march\u00e9s de No\u00ebl<\/strong> \u00e0 d\u00e9couvrir en cette premi\u00e8re semaine de d\u00e9cembre.\u00a0<\/p>\n<p>\u00c0 Blagnac :<\/p>\n<p class=\" wall-content\">Le march\u00e9 de No\u00ebl d\u00e9bute \u00e0 <strong>Blagnac<\/strong> le 3 d\u00e9cembre et se tient jusqu\u2019au 7 d\u00e9cembre, au Parc des ramiers. Il y aura des activit\u00e9s dont quelques parades de No\u00ebl et des fanfares, spectacles de magie et bien d\u2019autres. D\u00e9couvrez le programme d\u00e9taill\u00e9 <a href=\"https:\/\/actu.fr\/occitanie\/blagnac_31069\/fanfares-parades-avec-ses-75-chalets-ce-marche-de-noel-tres-attendu-est-de-retour-pres-de-toulouse_63504323.html\" target=\"_blank\" rel=\"noopener\">en cliquant ici<\/a>.<\/p>\n<p>Au Faget :<\/p>\n<p class=\" wall-content\">Le march\u00e9 de No\u00ebl <strong>du Fage<\/strong>t se tient ce jeudi 4 d\u00e9cembre de 17h45 jusqu\u2019\u00e0 21h. Artisans et producteurs locaux seront pr\u00e9sents, avec de belles id\u00e9es de cadeaux .<\/p>\n<p>\u00c0 Bazi\u00e8ge :<\/p>\n<p class=\" wall-content\">March\u00e9 de l\u2019avent \u00e0 Bazi\u00e8ge ce vendredi 5 d\u00e9cembre de 16 \u00e0 22h. Ce march\u00e9 aura lieu sous la halle de Bazi\u00e8ge. Food truck et buvette sur place.<\/p>\n<p>\u00c0 Brugui\u00e8res :\u00a0<\/p>\n<p class=\" wall-content\">March\u00e9 de No\u00ebl \u00e0 Brugui\u00e8res ce samedi 6 d\u00e9cembre de 15h30 \u00e0 19h30. Le P\u00e8re No\u00ebl sera pr\u00e9sent, \u00e0 la salle Xeraco.<\/p>\n<p>\u00c0 Cintegabelle :<\/p>\n<p class=\" wall-content\">Le march\u00e9 de No\u00ebl aura lieu dans la<strong> salle des f\u00eates de Cintebagelle<\/strong>, ce samedi 6 d\u00e9cembre de 11 \u00e0 21 heures. Plein d\u2019activit\u00e9s de No\u00ebl dont une grande tombola avec cadeaux.<\/p>\n<p>\u00c0 Fronton :<\/p>\n<p class=\" wall-content\">Le march\u00e9 de No\u00ebl de Fronton d\u00e9butera ce samedi 6 d\u00e9cembre de 10h jusqu\u2019\u00e0 19h, \u00e0 l\u2019espace G\u00e9rard Philippe. Le dimanche, le march\u00e9 se tiendra de 10h \u00e0 18h.<\/p>\n<p>Votre r\u00e9gion, votre actu !<\/p>\n<p>Recevez chaque jour les infos qui comptent pour vous.<\/p>\n<p>\t<a href=\"https:\/\/actu.fr\/newsletter\" class=\"ac-btn ac-btn--corner ac-btn--medium ac-btn--blue800\" target=\"_blank\" rel=\"noopener\">S&rsquo;incrire<\/a><\/p>\n<p>    <img   decoding=\"async\" loading=\"lazy\" src=\"https:\/\/www.europesays.com\/fr\/wp-content\/uploads\/2025\/12\/img-8534-960x640.jpeg\" alt=\"De nombreux march\u00e9s de No\u00ebl sont organis\u00e9s ce week-end.\" width=\"960\" height=\"640\"\/><br \/>\n    De nombreux march\u00e9s de No\u00ebl sont organis\u00e9s ce week-end. (\u00a9Mar\u00e9va Laville \/ Actu Toulouse)\u00c0 Lab\u00e8ge :<\/p>\n<p class=\" wall-content\">Le march\u00e9 de No\u00ebl de Lab\u00e8ge commencera \u00e0 10h et finira \u00e0 18h le samedi 6 d\u00e9cembre, \u00e0 l\u2019espace Claude Ducert. Avec de nombreuses activit\u00e9s propos\u00e9es par le comit\u00e9 des f\u00eates : atelier de forge, balade en cal\u00e8che, photos avec le P\u00e8re No\u00ebl, d\u00e9coration de sapins\u2026<\/p>\n<p>\u00c0 Lapeyrouse-Fossat :<\/p>\n<p class=\" wall-content\">Le march\u00e9 de No\u00ebl de Lapeyrouse-Fossat se tient samedi 6 et dimanche 7 d\u00e9cembre \u00e0 la salle omnisports Rouchaud. Au programme : sculptures de ballons, maquillages, spectacle de magie et des exposants locaux et cr\u00e9ations artisanales.<\/p>\n<p>\u00c0 Lasserre-Prad\u00e8re :<\/p>\n<p class=\" wall-content\">March\u00e9 de No\u00ebl d\u2019artisans et cr\u00e9ateurs locaux de 11 heures \u00e0 18h30, samedi 6 d\u00e9cembre, \u00e0 la salle du temps libre.<\/p>\n<p>Au Fauga :<\/p>\n<p class=\" wall-content\">Le march\u00e9 de No\u00ebl du Fauga ouvrira le samedi 6 d\u00e9cembre \u00e0 9h et finira \u00e0 19h ce m\u00eame jour. Le comit\u00e9 des f\u00eates a pr\u00e9par\u00e9 des surprises et des activit\u00e9s, salle Jean-Claude Cambus, avec des stands d\u2019artisans, stands photo, dessins, lettres au P\u00e8re No\u00ebl\u2026<\/p>\n<p>\u00c0 L\u00e9guevin :<\/p>\n<p class=\" wall-content\">Le<strong> march\u00e9 de No\u00ebl de L\u00e9guevin<\/strong> ouvrira ce samedi 6 d\u00e9cembre 2025 \u00e0 partir de 17h et finira \u00e0 23h de nombreux en centre-ville. Nombreux exposants, animation musicale et pr\u00e9sence du P\u00e8re No\u00ebl sous la Halle Piquot.<\/p>\n<p>\u00c0 L\u00e9vignac :<\/p>\n<p class=\" wall-content\">Le march\u00e9 de L\u00e9vignac ouvrira ses portes ce samedi 6 d\u00e9cembre \u00e0 partir de 10h et fermera \u00e0 19h. Le dimanche, il ouvrira ses portes \u00e0 10h et fermera \u00e0 18h, avec <strong>une bourse aux jouets<\/strong> \u00e0 la salle Argyle Lavat.\u00a0<\/p>\n<p>\u00c0 Mauran :<\/p>\n<p class=\" wall-content\">Le march\u00e9 de No\u00ebl de Mauran d\u00e9bute ce samedi 6 d\u00e9cembre, \u00e0 17h et finira \u00e0 22h, place de la mairie. Au programme : march\u00e9 d\u2019exposant, food-truck, buvette, jeux pour les enfants\u2026<\/p>\n<p>\u00c0 B\u00e9rat :<\/p>\n<p class=\" wall-content\">Le march\u00e9 de No\u00ebl de B\u00e9rat s\u2019ouvre le dimanche 7 d\u00e9cembre \u00e0 9h et fermera \u00e0 18h dans la salle des f\u00eates de B\u00e9rat avec de nombreuses activit\u00e9s dont des photos avec le P\u00e8re No\u00ebl.<\/p>\n<p>\u00c0 Cox :<\/p>\n<p class=\" wall-content\">Le march\u00e9 de No\u00ebl de Cox ouvre ses portes le dimanche 7 d\u00e9cembre de 9 \u00e0 18 heures. Restauration sur place avec des producteurs et des cr\u00e9ateurs locaux. Nombreuses animations.\u00a0<\/p>\n<p>\u00c0 Saint-Jean :<\/p>\n<p class=\" wall-content\">Le march\u00e9 de No\u00ebl de Saint-Jean se tient dimanche 7 d\u00e9cembre de 9h \u00e0 17h30 au gymnase Ren\u00e9 Cassin. Plus de 90 exposants seront pr\u00e9sents.<\/p>\n<p class=\" wall-content\"><strong>Tim\u00e9o Alibert<\/strong><\/p>\n<p class=\" wall-content\">Personnalisez votre actualit\u00e9 en ajoutant vos villes et m\u00e9dias en favori avec <a href=\"https:\/\/moncompte.actu.fr\" title=\"D\u00e9couvez Mon Actu\" rel=\"nofollow noopener\" data-trk=\"{&quot;cta&quot;:{&quot;action&quot;:&quot;https:\\\/\\\/moncompte.actu.fr&quot;,&quot;category&quot;:&quot;mon compte&quot;,&quot;from&quot;:&quot;article footer&quot;,&quot;name&quot;:&quot;Mon actu&quot;,&quot;type&quot;:&quot;cta&quot;}}\" target=\"_blank\">Mon Actu<\/a>.<\/p>\n","protected":false},"excerpt":{"rendered":"Par R\u00e9daction de Toulouse Publi\u00e9 le 1 d\u00e9c. 2025 \u00e0 17h55 Les march\u00e9s de No\u00ebl, ce n\u2019est pas&hellip;\n","protected":false},"author":2,"featured_media":572210,"comment_status":"","ping_status":"","sticky":false,"template":"","format":"standard","meta":{"footnotes":""},"categories":[2816],"tags":[1111,11,1777,674,1011,27,1652,12,15830,2680,25,1341,2312],"class_list":{"0":"post-572209","1":"post","2":"type-post","3":"status-publish","4":"format-standard","5":"has-post-thumbnail","7":"category-toulouse","8":"tag-actu","9":"tag-actualites","10":"tag-eu","11":"tag-europe","12":"tag-fr","13":"tag-france","14":"tag-loisirs-culture","15":"tag-news","16":"tag-noel","17":"tag-occitanie","18":"tag-republique-francaise","19":"tag-sortir-a-toulouse","20":"tag-toulouse"},"share_on_mastodon":{"url":"https:\/\/pubeurope.com\/@fr\/115647705213760835","error":""},"_links":{"self":[{"href":"https:\/\/www.europesays.com\/fr\/wp-json\/wp\/v2\/posts\/572209","targetHints":{"allow":["GET"]}}],"collection":[{"href":"https:\/\/www.europesays.com\/fr\/wp-json\/wp\/v2\/posts"}],"about":[{"href":"https:\/\/www.europesays.com\/fr\/wp-json\/wp\/v2\/types\/post"}],"author":[{"embeddable":true,"href":"https:\/\/www.europesays.com\/fr\/wp-json\/wp\/v2\/users\/2"}],"replies":[{"embeddable":true,"href":"https:\/\/www.europesays.com\/fr\/wp-json\/wp\/v2\/comments?post=572209"}],"version-history":[{"count":0,"href":"https:\/\/www.europesays.com\/fr\/wp-json\/wp\/v2\/posts\/572209\/revisions"}],"wp:featuredmedia":[{"embeddable":true,"href":"https:\/\/www.europesays.com\/fr\/wp-json\/wp\/v2\/media\/572210"}],"wp:attachment":[{"href":"https:\/\/www.europesays.com\/fr\/wp-json\/wp\/v2\/media?parent=572209"}],"wp:term":[{"taxonomy":"category","embeddable":true,"href":"https:\/\/www.europesays.com\/fr\/wp-json\/wp\/v2\/categories?post=572209"},{"taxonomy":"post_tag","embeddable":true,"href":"https:\/\/www.europesays.com\/fr\/wp-json\/wp\/v2\/tags?post=572209"}],"curies":[{"name":"wp","href":"https:\/\/api.w.org\/{rel}","templated":true}]}}