{"id":572216,"date":"2025-12-02T02:54:14","date_gmt":"2025-12-02T02:54:14","guid":{"rendered":"https:\/\/www.europesays.com\/fr\/572216\/"},"modified":"2025-12-02T02:54:14","modified_gmt":"2025-12-02T02:54:14","slug":"marseille-ce-dj-tres-connu-sinstalle-a-la-bonne-mere-pour-un-spectacle-xxl-voici-quand","status":"publish","type":"post","link":"https:\/\/www.europesays.com\/fr\/572216\/","title":{"rendered":"Marseille. Ce DJ tr\u00e8s connu s&rsquo;installe \u00e0 la \u00ab\u00a0Bonne M\u00e8re\u00a0\u00bb pour un spectacle XXL, voici quand"},"content":{"rendered":"<p>                    Par<br \/>\n        <strong><br \/>\n            <a href=\"https:\/\/actu.fr\/auteur\/fabien-binacchi\" title=\"Consulter tous les articles de Fabien Binacchi\" target=\"_blank\" rel=\"noopener\">Fabien Binacchi<\/a><br \/>\n                    <\/strong><\/p>\n<p>        Publi\u00e9 le<\/p>\n<p>            1 d\u00e9c. 2025 \u00e0 17h50        <\/p>\n<p>Il \u00e9tait l\u00e0 pour la r\u00e9ouverture au public de Notre-Dame de Paris, il sera l\u00e0 pour la fin des travaux de la <a href=\"https:\/\/actu.fr\/tag\/notre-dame-de-la-garde\" target=\"_blank\" rel=\"noopener\">\u00ab\u2009Bonne M\u00e8re\u2009\u00bb.<\/a> Ce dimanche 7\u00a0d\u00e9cembre 2025 \u00e0 <a href=\"https:\/\/actu.fr\/marseille\/\" target=\"_blank\" rel=\"noopener\">Marseille,<\/a> \u00e0 l\u2019occasion de la journ\u00e9e d\u2019inauguration de la statue de la Vierge \u00e0 l\u2019enfant, <strong>le DJ Micha\u00ebl Canitrot,<\/strong> habitu\u00e9 des set-ups exceptionnels, sera aux platines d\u2019un spectacle sons et lumi\u00e8res.<\/p>\n<p>Une journ\u00e9e de festivit\u00e9s<\/p>\n<p class=\" wall-content\"><strong>Huit mois de travaux <\/strong>et<a href=\"https:\/\/actu.fr\/provence-alpes-cote-d-azur\/marseille_13055\/video-a-marseille-la-bonne-mere-retrouve-sa-dorure-un-travail-meticuleux_63114863.html\" target=\"_blank\" rel=\"noopener\"> un demi-kilo d\u2019or<\/a> plus tard, Notre-Dame de la Garde a laiss\u00e9 tomber les \u00e9chafaudages qui l\u2019encerclaient depuis le printemps. Les travaux de r\u00e9novation de la statue sont achev\u00e9s. Haute de 9,72m, sans compter son pi\u00e9destal, et lourde de 9\u2009796 kg, cette Vierge \u00e0 l\u2019enfant a retrouv\u00e9 son \u00e9clat apr\u00e8s des ann\u00e9es \u00e0 \u00eatre rong\u00e9e par l\u2019\u00e9rosion.<\/p>\n<p class=\" wall-content\">Un <a href=\"https:\/\/actu.fr\/tag\/travaux\" target=\"_blank\" rel=\"noopener\">chantier<\/a> d\u2019envergure (\u00e0 plus de 2,8\u00a0millions d\u2019euros) qu\u2019une journ\u00e9e de c\u00e9l\u00e9bration viendra officiellement cl\u00f4turer ce dimanche 7\u00a0d\u00e9cembre 2025. Avec, au programme\u2009:<\/p>\n<ul class=\" wall-content\">\n<li>15h30 \u2013 Une messe solennelle<\/li>\n<li>17h \u2013 Le d\u00e9part d\u2019une procession<\/li>\n<li>18h \u2013 La b\u00e9n\u00e9diction de la statue, suivie d\u2019un spectacle sons et lumi\u00e8res<\/li>\n<\/ul>\n<p>L\u2019Ave Maria en version \u00e9lectro<\/p>\n<p class=\" wall-content\">Et ce sera donc le DJ Micha\u00ebl Canitrot qui sera derri\u00e8re les platines. D\u00e9j\u00e0 <strong>pass\u00e9 par le Mont-Saint-Michel, la Tour Eiffel<\/strong> ou encore le parvis de Notre-Dame-de-Paris, le musicien arpente les sites les plus embl\u00e9matiques dans son <a href=\"https:\/\/monumental-tour.com\/\" target=\"_blank\" rel=\"noopener\">Monumental Tour.<\/a> Sa pr\u00e9sence sur le toit de Marseille (la basilique culmine \u00e0 211m d\u2019altitude) \u00e9tait donc \u00ab\u2009une \u00e9vidence\u2009\u00bb.<\/p>\n<p>    <img   decoding=\"async\" loading=\"lazy\" src=\"https:\/\/www.europesays.com\/fr\/wp-content\/uploads\/2025\/12\/0ca584086828600b58408682814b58v-960x640.jpg\" alt=\"Apr\u00e8s Notre-Dame, Michael Canitrot va jouer au Parc des Princes pour le PSG\" width=\"960\" height=\"640\"\/><br \/>\n    Apr\u00e8s Notre-Dame, Michael Canitrot va jouer \u00e0 Marseille pour l\u2019inauguration de Notre-Dame de la Garde. (\u00a9geoh.photo_Geoffrey_Hubbel)<\/p>\n<p class=\" wall-content\">Pour l\u2019occasion, il y a imagin\u00e9 <strong>un show de 12\u00a0minutes en quatre actes<\/strong> et au son d\u2019un Ave Maria aux \u00e9chos \u00e9lectro. Il sera accompagn\u00e9, au chant, par l\u2019artiste marseillaise Melody Louledjian et les ch\u0153urs de Notre-Dame-de la Garde, a-t-il r\u00e9v\u00e9l\u00e9 ce lundi 1er\u00a0d\u00e9cembre.<\/p>\n<p>Votre r\u00e9gion, votre actu !<\/p>\n<p>Recevez chaque jour les infos qui comptent pour vous.<\/p>\n<p>\t<a href=\"https:\/\/actu.fr\/newsletter\" class=\"ac-btn ac-btn--corner ac-btn--medium ac-btn--blue800\" target=\"_blank\" rel=\"noopener\">S&rsquo;incrire<\/a><\/p>\n<p class=\" wall-content\">La mise en lumi\u00e8re de l\u2019\u00e9difice restera visible \u00ab\u2009et de loin\u2009\u00bb <strong>jusqu\u2019\u00e0 minuit.<\/strong> Plusieurs points de vue seront mis en place. Des restrictions de circulation sont \u00e0 pr\u00e9voir.<\/p>\n<p class=\" wall-content\">Personnalisez votre actualit\u00e9 en ajoutant vos villes et m\u00e9dias en favori avec <a href=\"https:\/\/moncompte.actu.fr\" title=\"D\u00e9couvez Mon Actu\" rel=\"nofollow noopener\" data-trk=\"{&quot;cta&quot;:{&quot;action&quot;:&quot;https:\\\/\\\/moncompte.actu.fr&quot;,&quot;category&quot;:&quot;mon compte&quot;,&quot;from&quot;:&quot;article footer&quot;,&quot;name&quot;:&quot;Mon actu&quot;,&quot;type&quot;:&quot;cta&quot;}}\" target=\"_blank\">Mon Actu<\/a>.<\/p>\n","protected":false},"excerpt":{"rendered":"Par Fabien Binacchi Publi\u00e9 le 1 d\u00e9c. 2025 \u00e0 17h50 Il \u00e9tait l\u00e0 pour la r\u00e9ouverture au public&hellip;\n","protected":false},"author":2,"featured_media":572217,"comment_status":"","ping_status":"","sticky":false,"template":"","format":"standard","meta":{"footnotes":""},"categories":[2814],"tags":[1111,11,12666,1777,674,1011,27,884,12,1177,882,25,104,853],"class_list":{"0":"post-572216","1":"post","2":"type-post","3":"status-publish","4":"format-standard","5":"has-post-thumbnail","7":"category-marseille","8":"tag-actu","9":"tag-actualites","10":"tag-dj","11":"tag-eu","12":"tag-europe","13":"tag-fr","14":"tag-france","15":"tag-marseille","16":"tag-news","17":"tag-notre-dame-de-la-garde","18":"tag-provence-alpes-cote-dazur","19":"tag-republique-francaise","20":"tag-societe","21":"tag-spectacles"},"share_on_mastodon":{"url":"https:\/\/pubeurope.com\/@fr\/115647720247138819","error":""},"_links":{"self":[{"href":"https:\/\/www.europesays.com\/fr\/wp-json\/wp\/v2\/posts\/572216","targetHints":{"allow":["GET"]}}],"collection":[{"href":"https:\/\/www.europesays.com\/fr\/wp-json\/wp\/v2\/posts"}],"about":[{"href":"https:\/\/www.europesays.com\/fr\/wp-json\/wp\/v2\/types\/post"}],"author":[{"embeddable":true,"href":"https:\/\/www.europesays.com\/fr\/wp-json\/wp\/v2\/users\/2"}],"replies":[{"embeddable":true,"href":"https:\/\/www.europesays.com\/fr\/wp-json\/wp\/v2\/comments?post=572216"}],"version-history":[{"count":0,"href":"https:\/\/www.europesays.com\/fr\/wp-json\/wp\/v2\/posts\/572216\/revisions"}],"wp:featuredmedia":[{"embeddable":true,"href":"https:\/\/www.europesays.com\/fr\/wp-json\/wp\/v2\/media\/572217"}],"wp:attachment":[{"href":"https:\/\/www.europesays.com\/fr\/wp-json\/wp\/v2\/media?parent=572216"}],"wp:term":[{"taxonomy":"category","embeddable":true,"href":"https:\/\/www.europesays.com\/fr\/wp-json\/wp\/v2\/categories?post=572216"},{"taxonomy":"post_tag","embeddable":true,"href":"https:\/\/www.europesays.com\/fr\/wp-json\/wp\/v2\/tags?post=572216"}],"curies":[{"name":"wp","href":"https:\/\/api.w.org\/{rel}","templated":true}]}}