{"id":572218,"date":"2025-12-02T02:55:18","date_gmt":"2025-12-02T02:55:18","guid":{"rendered":"https:\/\/www.europesays.com\/fr\/572218\/"},"modified":"2025-12-02T02:55:18","modified_gmt":"2025-12-02T02:55:18","slug":"coupe-de-france-lolympique-de-marseille-rencontrera-bourg-en-bresse-istres-face-a-merignac-en-32e-de-finale","status":"publish","type":"post","link":"https:\/\/www.europesays.com\/fr\/572218\/","title":{"rendered":"Coupe de France\u00a0: l&rsquo;Olympique de Marseille rencontrera Bourg-en-Bresse, Istres face \u00e0 M\u00e9rignac en 32e de finale"},"content":{"rendered":"<p>Le tirage au sort des 32es de finale de la Coupe de France avaient lieu ce lundi. Deux clubs des Bouches-du-Rh\u00f4ne connaissent leurs adversaires. L&rsquo;Olympique de Marseille rencontrera Bourg-en-Bresse, Istres affrontera M\u00e9rignac. <\/p>\n<p>Les clubs de Ligue 1 faisaient leur grande entr\u00e9e en lice en Coupe de France ce lundi. Le tirage a eu lieu et on conna\u00eet d\u00e9sormais les affiches des 32e de finale, le week-end des 20 et 21 d\u00e9cembre prochains.<\/p>\n<p>Bourg-en-Bresse \/ OM<\/p>\n<p><strong>L&rsquo;Olympique de Marseille, club de ligue 1, sera oppos\u00e9 \u00e0\u00a0Bourg-en-Bresse, club de National 1.<\/strong><\/p>\n<p> M\u00e9rignac \/ Istres<\/p>\n<p><strong>Le club d&rsquo;Istres, pensionnaire de National 2, se d\u00e9placera \u00e0\u00a0M\u00e9rignac qui \u00e9volue en R\u00e9gional 1.<\/strong> Laurent Thomas, le manager g\u00e9n\u00e9ral du club d&rsquo;Istres, semble satisfait\u00a0: \u00ab\u00a0Quand on est \u00e0 notre niveau, on esp\u00e8re prendre ou un gros ou le plus petit hi\u00e9rarchiquement possible. Aujourd&rsquo;hui, un de nos deux v\u0153u a \u00e9t\u00e9 exauc\u00e9. Maintenant, ce n&rsquo;est pas parce qu&rsquo;ils sont R1 qu&rsquo;il va falloir les prendre \u00e0 la l\u00e9g\u00e8re. Ils sont tombeurs de Pau (Ligue 2) au tour pr\u00e9c\u00e9dent, ils sont capables de faire jouer la magie Coupe. A nous de prendre ce match avec humilit\u00e9.\u00a0\u00bb<\/p>\n<p>Le dirigeant d&rsquo;Istres confie toutefois sa \u00ab\u00a0d\u00e9ception de jouer un sixi\u00e8me tour de Coupe en d\u00e9placement\u00a0\u00bb. Il poursuit\u00a0: \u00ab\u00a0on aurait aim\u00e9 jouer devant notre public, mais ce ne sera pas le cas sur le 32\u1d49. Donc si on veut jouer un match de Coupe \u00e0 domicile, on va avoir l&rsquo;obligation de passer ce tour l\u00e0.\u00a0\u00bb<\/p>\n<p>Un match entre deux Ligue 1<\/p>\n<p>Dans les autres affiches, il y aura un choc entre deux clubs de Ligue 1 :\u00a0Auxerre &#8211; Monaco. Autre belle rencontre\u00a0\u00e0 signaler pour ces 32e de finale de la Coupe de France\u00a0:\u00a0Nice &#8211; Saint-Etienne.<\/p>\n<p>L&rsquo;AS Le Gosier (R\u00e9gional 1), club guadeloup\u00e9en, dernier\u00a0club d&rsquo;outre-mer pr\u00e9sent dans la comp\u00e9tition, fera face \u00e0 un club de Ligue 1, Lorient. Cette affiche se d\u00e9roulera en France m\u00e9tropolitaine, comme le stipule le r\u00e8glement.<\/p>\n<p>Le petit poucet de la comp\u00e9tition, le club de Freyming (R\u00e9gional 2) accueillera Chantilly (National 2).<\/p>\n<p>L&rsquo;Olympique de Marseille a remport\u00e9 la Coupe de France \u00e0 10 reprises (1924, 1926, 1927, 1935, 1938, 1943, 1969, 1972, 1976, 1989). Sur les cinq derni\u00e8res ann\u00e9es, trois club ont soulev\u00e9 le troph\u00e9e\u00a0: le PSG (2025, 2024, 2021), Toulouse (2023) et Nantes (2022).<\/p>\n<p><strong>Voici toutes les affiches de ces 32e de finale de la Coupe de France de football\u00a0:<\/strong><\/p>\n<ul>\n<li>Saint Cyr Collonges Mont d&rsquo;Or (R1) &#8211; Lyon<\/li>\n<li>Grenoble (L2) &#8211; Nancy (L2)<\/li>\n<li><strong>Bourg-en-Bresse (N1) &#8211; Marseille<\/strong><\/li>\n<li><strong>M\u00e9rignac (R1) &#8211; Istres (N2)<\/strong><\/li>\n<li>Lyon La-Duch\u00e8re (N3) &#8211; Toulouse<\/li>\n<li>Nice &#8211; Saint-Etienne (L2)<\/li>\n<li>Le Puy (N1) &#8211; Bordeaux (N2)<\/li>\n<li>Auxerre &#8211; Monaco<\/li>\n<li>Bassin d&rsquo;Arcachon (N3) &#8211; Hauts Lyonnais (N3)<\/li>\n<li>Canet (N3) &#8211; Montpellier (L2)<\/li>\n<li>Freyming (R2) &#8211; Chantilly (N2)<\/li>\n<li>Biesheim (N2) &#8211; Metz<\/li>\n<li>Olympique Marcq en Baroeul (R1) &#8211; Troyes (L2)<\/li>\n<li>Stade Bethunois (R1) &#8211; Sochaux (N1)<\/li>\n<li>Entente Feignies Aulnoye (N2) &#8211; Lens<\/li>\n<li>Croix (N3) &#8211; Reims (L2)<\/li>\n<li>Strasbourg &#8211; Dunkerque (L2)<\/li>\n<li>Raon-L&rsquo;Etape (R1) &#8211; Paris FC<\/li>\n<li>Orl\u00e9ans (N1) &#8211; Dieppe (N2)<\/li>\n<li>Le Havre &#8211; Amiens (L2)<\/li>\n<li>Saint-Maur Lusitanos &#8211; Lille (L1)<\/li>\n<li>Concarneau (N1) &#8211; Nantes<\/li>\n<li>Vend\u00e9e Fontenay (N3) &#8211; Paris SG<\/li>\n<li>Perigny (R1) &#8211; Le Mans (L2)<\/li>\n<li>Les Herbiers (N2) &#8211; Angers<\/li>\n<li>Bayeux (R1) &#8211; Blois (N2)<\/li>\n<li>Le Gosier (R1) &#8211; Lorient<\/li>\n<li>Montreuil (R1) ou Granville (N2) &#8211; Chauvigny (N3)<\/li>\n<li>Les Sables (N3) &#8211; Rennes (L1)<\/li>\n<li>Pontivy (N3) &#8211; Bastia (L2)<\/li>\n<li>Avranches (N2) &#8211; Brest<\/li>\n<li>Guingamp (L2) &#8211; Laval (L2)<\/li>\n<\/ul>\n","protected":false},"excerpt":{"rendered":"Le tirage au sort des 32es de finale de la Coupe de France avaient lieu ce lundi. Deux&hellip;\n","protected":false},"author":2,"featured_media":572219,"comment_status":"","ping_status":"","sticky":false,"template":"","format":"standard","meta":{"footnotes":""},"categories":[2814],"tags":[1111,11,1777,674,1011,27,884,12,882,25],"class_list":{"0":"post-572218","1":"post","2":"type-post","3":"status-publish","4":"format-standard","5":"has-post-thumbnail","7":"category-marseille","8":"tag-actu","9":"tag-actualites","10":"tag-eu","11":"tag-europe","12":"tag-fr","13":"tag-france","14":"tag-marseille","15":"tag-news","16":"tag-provence-alpes-cote-dazur","17":"tag-republique-francaise"},"share_on_mastodon":{"url":"https:\/\/pubeurope.com\/@fr\/115647724855052738","error":""},"_links":{"self":[{"href":"https:\/\/www.europesays.com\/fr\/wp-json\/wp\/v2\/posts\/572218","targetHints":{"allow":["GET"]}}],"collection":[{"href":"https:\/\/www.europesays.com\/fr\/wp-json\/wp\/v2\/posts"}],"about":[{"href":"https:\/\/www.europesays.com\/fr\/wp-json\/wp\/v2\/types\/post"}],"author":[{"embeddable":true,"href":"https:\/\/www.europesays.com\/fr\/wp-json\/wp\/v2\/users\/2"}],"replies":[{"embeddable":true,"href":"https:\/\/www.europesays.com\/fr\/wp-json\/wp\/v2\/comments?post=572218"}],"version-history":[{"count":0,"href":"https:\/\/www.europesays.com\/fr\/wp-json\/wp\/v2\/posts\/572218\/revisions"}],"wp:featuredmedia":[{"embeddable":true,"href":"https:\/\/www.europesays.com\/fr\/wp-json\/wp\/v2\/media\/572219"}],"wp:attachment":[{"href":"https:\/\/www.europesays.com\/fr\/wp-json\/wp\/v2\/media?parent=572218"}],"wp:term":[{"taxonomy":"category","embeddable":true,"href":"https:\/\/www.europesays.com\/fr\/wp-json\/wp\/v2\/categories?post=572218"},{"taxonomy":"post_tag","embeddable":true,"href":"https:\/\/www.europesays.com\/fr\/wp-json\/wp\/v2\/tags?post=572218"}],"curies":[{"name":"wp","href":"https:\/\/api.w.org\/{rel}","templated":true}]}}