{"id":572220,"date":"2025-12-02T02:56:26","date_gmt":"2025-12-02T02:56:26","guid":{"rendered":"https:\/\/www.europesays.com\/fr\/572220\/"},"modified":"2025-12-02T02:56:26","modified_gmt":"2025-12-02T02:56:26","slug":"wellcome-harmony-livre","status":"publish","type":"post","link":"https:\/\/www.europesays.com\/fr\/572220\/","title":{"rendered":"\u00ab Wellcome Harmony \u00bb livr\u00e9"},"content":{"rendered":"<p><img width=\"487\" height=\"273\" src=\"https:\/\/www.europesays.com\/fr\/wp-content\/uploads\/2025\/12\/Wellcome.jpg\" class=\"attachment-post-thumbnail size-post-thumbnail wp-post-image\" alt=\"\" decoding=\"async\" fetchpriority=\"high\" \/><\/p>\n<p>(DR)<\/p>\n<p><strong>BNP Paribas Immobilier Promotion et Vinci Immobilier livrent ce programme r\u00e9sidentiel situ\u00e9 dans le 7e arrondissement de Lyon.<\/strong><\/p>\n<p>Le programme Wellcome, situ\u00e9 sur l&rsquo;ancien site industriel Fagor-Brandt au c\u0153ur du quartier de-Gerland, a \u00e9t\u00e9 d\u00e9velopp\u00e9 par BNP Paribas-Immobilier Promotion et Vinci Immobilier. Incarnant la transformation ambitieuse d&rsquo;une friche en un \u00ab quartier nature \u00bb, ce projet d&rsquo;envergure de pr\u00e8s de trois hectares pr\u00e9voit \u00e0 terme 538 logements, du studio au 5 pi\u00e8ces, dont 306 logements en accession, 85 logements interm\u00e9diaires, 106 logements sociaux et 41-logements en BRS (Bail R\u00e9el et Solidaire), r\u00e9partis en 14-b\u00e2timents, une cr\u00e8che, 715 m de commerces-et 260 m de locaux-d&rsquo;activit\u00e9.<\/p>\n<p>\u00ab Wellcome Harmony \u00bb, qui constitue la deuxi\u00e8me tranche de ce programme, repr\u00e9sente 111 logements et ach\u00e8ve le premier macrolot qui totalise d\u00e9sormais 229 logements, 2 commerces et une cr\u00e8che publique.<\/p>\n<p>\u00abCette livraison marque un jalon essentiel dans la cr\u00e9ation d&rsquo;un quartier vivant, ouvert et anim\u00e9, pens\u00e9 pour r\u00e9pondre aux attentes des habitants et aux ambitions de renouv\u00e8lement urbain du secteur Gerland \u00bb, notent les deux groupes dans un communiqu\u00e9.<\/p>\n<p><img decoding=\"async\" src=\"https:\/\/www.europesays.com\/fr\/wp-content\/uploads\/2025\/04\/abonnezvouslarge.jpg\" alt=\"\" \/><\/p>\n<p>Pour lire la totalit\u00e9 de l&rsquo;article,<strong> <a href=\"http:\/\/www.lyonpoleimmo.com\/membership-options-page\/\" target=\"_blank\" rel=\"noopener\">abonnez-vous<\/a> <\/strong>ou <a href=\"http:\/\/www.lyonpoleimmo.com\/senregistrer\/\" target=\"_blank\" rel=\"noopener\"><strong>identifiez-vous<\/strong><\/a>  <\/p>\n<p><strong>Si vous avez appr\u00e9ci\u00e9 cet article, s&rsquo;il vous plait, prenez le temps de <a href=\"#comments\">laisser un commentaire<\/a> ou de <a href=\"http:\/\/www.lyonpoleimmo.com\/feed\/\" target=\"_blank\" rel=\"noopener\">souscrire au flux<\/a> afin de recevoir les futurs articles directement dans votre lecteur de flux.<br \/>\n    <\/strong><\/p>\n<p>\t<a href=\"http:\/\/www.lyonpoleimmo.com\/2025\/11\/30\/93162\/baisse-des-permis-de-construire-rebond-des-mises-en-chantier\/\" rel=\"bookmark noopener\" title=\"Lien Permanent vers Baisse des permis de construire, rebond des mises en chantier\" target=\"_blank\">Baisse des permis de construire, rebond des mises en chantier<\/a><\/p>\n<p>\t<a href=\"http:\/\/www.lyonpoleimmo.com\/2025\/11\/30\/93162\/baisse-des-permis-de-construire-rebond-des-mises-en-chantier\/\" rel=\"bookmark noopener\" title=\"Lien Permanent vers Baisse des permis de construire, rebond des mises en chantier\" target=\"_blank\"><\/p>\n<p><img decoding=\"async\" src=\"https:\/\/www.europesays.com\/fr\/wp-content\/uploads\/2025\/12\/chantier-7.jpg\" alt=\"null\" \/>Le SDES a fait part ce vendredi des statistiques d\u2019autorisations \u00e0 la construction de logements et des mises en chantier au titre du mois d\u2019octobre.<\/p>\n<p><\/a><\/p>\n<p>\t<a href=\"http:\/\/www.lyonpoleimmo.com\/2025\/11\/30\/93157\/aurore-bertolani-elue-presidente-de-lupmf-ffb\/\" rel=\"bookmark noopener\" title=\"Lien Permanent vers Aurore Bertolani \u00e9lue pr\u00e9sidente de l\u2019UPMF-FFB\" target=\"_blank\">Aurore Bertolani \u00e9lue pr\u00e9sidente de l\u2019UPMF-FFB<\/a><\/p>\n<p>\t<a href=\"http:\/\/www.lyonpoleimmo.com\/2025\/11\/30\/93157\/aurore-bertolani-elue-presidente-de-lupmf-ffb\/\" rel=\"bookmark noopener\" title=\"Lien Permanent vers Aurore Bertolani \u00e9lue pr\u00e9sidente de l\u2019UPMF-FFB\" target=\"_blank\"><\/p>\n<p>Celle-ci a \u00e9t\u00e9 \u00e9lue le 6 novembre pr\u00e9sidente de l\u2019Union professionnelle des m\u00e9tiers de la finition de la F\u00e9d\u00e9ration fran\u00e7aise du b\u00e2timent lors d\u2019un conseil d\u2019administration de l\u2019organisation.<\/p>\n<p><\/a><\/p>\n<p>\t<a href=\"http:\/\/www.lyonpoleimmo.com\/2025\/11\/27\/93133\/manufacture-en-voie-detre-livree\/\" rel=\"bookmark noopener\" title=\"Lien Permanent vers \u00abManufacture\u00bb en voie d\u2019\u00eatre livr\u00e9e\" target=\"_blank\">\u00abManufacture\u00bb en voie d\u2019\u00eatre livr\u00e9e<\/a><\/p>\n<p>\t<a href=\"http:\/\/www.lyonpoleimmo.com\/2025\/11\/27\/93133\/manufacture-en-voie-detre-livree\/\" rel=\"bookmark noopener\" title=\"Lien Permanent vers \u00abManufacture\u00bb en voie d\u2019\u00eatre livr\u00e9e\" target=\"_blank\"><\/p>\n<p>Soci\u00e9t\u00e9 de la Tour Eiffel a indiqu\u00e9 que l\u2019ensemble immobilier de pr\u00e8s de 4.000 m\u00b2 situ\u00e9 dans le 3\u1d49 arrondissement de Lyon \u00e9tait en voie d\u2019\u00eatre livr\u00e9.<\/p>\n<p><\/a><\/p>\n<p>\t<a href=\"http:\/\/www.lyonpoleimmo.com\/2025\/11\/26\/93113\/samuel-minot-reelu-president-de-la-ffb-aura\/\" rel=\"bookmark noopener\" title=\"Lien Permanent vers Samuel Minot r\u00e9\u00e9lu pr\u00e9sident de la FFB AURA\" target=\"_blank\">Samuel Minot r\u00e9\u00e9lu pr\u00e9sident de la FFB AURA<\/a><\/p>\n<p>\t<a href=\"http:\/\/www.lyonpoleimmo.com\/2025\/11\/26\/93113\/samuel-minot-reelu-president-de-la-ffb-aura\/\" rel=\"bookmark noopener\" title=\"Lien Permanent vers Samuel Minot r\u00e9\u00e9lu pr\u00e9sident de la FFB AURA\" target=\"_blank\"><\/p>\n<p><img decoding=\"async\" src=\"https:\/\/www.europesays.com\/fr\/wp-content\/uploads\/2025\/12\/SamuelMinot.jpg\" alt=\"null\" \/>Le co-dirigeant du \u00ab Groupe Minot \u00bb d\u00e9bute un second mandat de trois ans \u00e0 la t\u00eate de la f\u00e9d\u00e9ration r\u00e9gionale du b\u00e2timent. Celui-ci s\u2019ach\u00e8vera en novembre 2028.<\/p>\n<p><\/a><\/p>\n<p>\t<a href=\"http:\/\/www.lyonpoleimmo.com\/2025\/11\/25\/93110\/un-marche-immobilier-toujours-partage-selon-bpce\/\" rel=\"bookmark noopener\" title=\"Lien Permanent vers Un march\u00e9 immobilier toujours partag\u00e9, selon BPCE\" target=\"_blank\">Un march\u00e9 immobilier toujours partag\u00e9, selon BPCE<\/a><\/p>\n<p>\t<a href=\"http:\/\/www.lyonpoleimmo.com\/2025\/11\/25\/93110\/un-marche-immobilier-toujours-partage-selon-bpce\/\" rel=\"bookmark noopener\" title=\"Lien Permanent vers Un march\u00e9 immobilier toujours partag\u00e9, selon BPCE\" target=\"_blank\"><\/p>\n<p>Si le march\u00e9 de l\u2019ancien se reprend quelque peu, le march\u00e9 de l\u2019immobilier neuf reste d\u00e9prim\u00e9, selon l\u2019observatoire BPCE pr\u00e9sent\u00e9 ce mardi.<\/p>\n<p><\/a><\/p>\n<p>\t<a href=\"http:\/\/www.lyonpoleimmo.com\/2025\/11\/23\/93045\/apprentissage-dans-le-batiment-la-capeb-fustige-le-vote-du-senat\/\" rel=\"bookmark noopener\" title=\"Lien Permanent vers Apprentissage dans le b\u00e2timent : la CAPEB fustige le vote du S\u00e9nat\u00a0\" target=\"_blank\">Apprentissage dans le b\u00e2timent : la CAPEB fustige le vote du S\u00e9nat\u00a0<\/a><\/p>\n<p>\t<a href=\"http:\/\/www.lyonpoleimmo.com\/2025\/11\/23\/93045\/apprentissage-dans-le-batiment-la-capeb-fustige-le-vote-du-senat\/\" rel=\"bookmark noopener\" title=\"Lien Permanent vers Apprentissage dans le b\u00e2timent : la CAPEB fustige le vote du S\u00e9nat\u00a0\" target=\"_blank\"><\/p>\n<p><img decoding=\"async\" src=\"https:\/\/www.europesays.com\/fr\/wp-content\/uploads\/2025\/12\/CAPEB-4.jpg\" alt=\"null\" \/>La conf\u00e9d\u00e9ration\u00a0 met en garde contre les cons\u00e9quences du vote de la Chambre haute sur la suppression des exon\u00e9rations de cotisations sociales sur la r\u00e9mun\u00e9ration des apprentis.<\/p>\n<p><\/a><\/p>\n<p>\t<a href=\"http:\/\/www.lyonpoleimmo.com\/2025\/11\/23\/93039\/livraison-despaces-publics-reamenages-au-sein-du-pup-aynard-lafontaine\/\" rel=\"bookmark noopener\" title=\"Lien Permanent vers Livraison d\u2019espaces publics r\u00e9am\u00e9nag\u00e9s au sein du PUP Aynard-Lafontaine\" target=\"_blank\">Livraison d\u2019espaces publics r\u00e9am\u00e9nag\u00e9s au sein du PUP Aynard-Lafontaine<\/a><\/p>\n<p>\t<a href=\"http:\/\/www.lyonpoleimmo.com\/2025\/11\/23\/93039\/livraison-despaces-publics-reamenages-au-sein-du-pup-aynard-lafontaine\/\" rel=\"bookmark noopener\" title=\"Lien Permanent vers Livraison d\u2019espaces publics r\u00e9am\u00e9nag\u00e9s au sein du PUP Aynard-Lafontaine\" target=\"_blank\"><\/p>\n<p>La M\u00e9tropole de Lyon et la Ville de Villeurbanne livrent une nouvelle phase d\u2019am\u00e9nagements avec 6.500 m2 d\u2019espaces publics dans le quartier Ferrandi\u00e8re-Maisons-Neuves.<\/p>\n<p><\/a><\/p>\n<p>\t<a href=\"http:\/\/www.lyonpoleimmo.com\/2025\/11\/21\/93035\/2025-sera-inferieure-a-2024-cest-ecrit\/\" rel=\"bookmark noopener\" title=\"Lien Permanent vers \u00ab 2025 sera inf\u00e9rieure \u00e0 2024, c\u2019est \u00e9crit \u00bb\" target=\"_blank\">\u00ab 2025 sera inf\u00e9rieure \u00e0 2024, c\u2019est \u00e9crit \u00bb<\/a><\/p>\n<p>\t<a href=\"http:\/\/www.lyonpoleimmo.com\/2025\/11\/21\/93035\/2025-sera-inferieure-a-2024-cest-ecrit\/\" rel=\"bookmark noopener\" title=\"Lien Permanent vers \u00ab 2025 sera inf\u00e9rieure \u00e0 2024, c\u2019est \u00e9crit \u00bb\" target=\"_blank\"><\/p>\n<p>B\u00e9reng\u00e8re Bouvier est pr\u00e9sidente de la f\u00e9d\u00e9ration des promoteurs immobiliers en r\u00e9gion lyonnaise. Nous l\u2019interrogerons sur les derniers chiffres de r\u00e9servations, lesquels montrent un petit tassement de la croissance des ventes au d\u00e9tail.<\/p>\n<p><\/a><\/p>\n<p>\t<a href=\"http:\/\/www.lyonpoleimmo.com\/2025\/11\/20\/93021\/la-qualite-dhabiter-au-menu-des-rencontres-dautomne-de-la-fpi\/\" rel=\"bookmark noopener\" title=\"Lien Permanent vers La qualit\u00e9 d\u2019habiter au menu des \u00abrencontres d\u2019automne\u00bb de la FPI\" target=\"_blank\">La qualit\u00e9 d\u2019habiter au menu des \u00abrencontres d\u2019automne\u00bb de la FPI<\/a><\/p>\n<p>\t<a href=\"http:\/\/www.lyonpoleimmo.com\/2025\/11\/20\/93021\/la-qualite-dhabiter-au-menu-des-rencontres-dautomne-de-la-fpi\/\" rel=\"bookmark noopener\" title=\"Lien Permanent vers La qualit\u00e9 d\u2019habiter au menu des \u00abrencontres d\u2019automne\u00bb de la FPI\" target=\"_blank\"><\/p>\n<p><img decoding=\"async\" src=\"https:\/\/www.europesays.com\/fr\/wp-content\/uploads\/2025\/12\/table-ronde-ekoos.jpg\" alt=\"null\" \/>La FPI r\u00e9gion lyonnaise organisait ce jeudi ses traditionnelles \u00abrencontres d\u2019automne\u00bb au sein du cin\u00e9ma \u00abLe Comoedia\u00bb.<\/p>\n<p><\/a><\/p>\n<p>\t<a href=\"http:\/\/www.lyonpoleimmo.com\/2025\/11\/20\/93031\/la-capeb-fustige-la-suppression-dun-article-du-plf\/\" rel=\"bookmark noopener\" title=\"Lien Permanent vers La CAPEB fustige la suppression d\u2019un article du PLF\" target=\"_blank\">La CAPEB fustige la suppression d\u2019un article du PLF<\/a><\/p>\n<p>\t<a href=\"http:\/\/www.lyonpoleimmo.com\/2025\/11\/20\/93031\/la-capeb-fustige-la-suppression-dun-article-du-plf\/\" rel=\"bookmark noopener\" title=\"Lien Permanent vers La CAPEB fustige la suppression d\u2019un article du PLF\" target=\"_blank\"><\/p>\n<p>La CAPEB a d\u00e9nonc\u00e9 le vote des d\u00e9put\u00e9s qui enterre la mesure d\u2019\u00e9quit\u00e9 fiscale entre les entreprises du b\u00e2timent et les microentreprises. Elle appelle les s\u00e9nateurs \u00e0 r\u00e9agir.<\/p>\n<p><\/a><\/p>\n<p>\t<a href=\"http:\/\/www.lyonpoleimmo.com\/2025\/11\/19\/93013\/sil-ny-a-pas-deau-on-ne-fait-pas-de-chantier\/\" rel=\"bookmark noopener\" title=\"Lien Permanent vers \u00abS\u2019il n\u2019y a pas d\u2019eau, on ne fait pas de chantier\u00bb\" target=\"_blank\">\u00abS\u2019il n\u2019y a pas d\u2019eau, on ne fait pas de chantier\u00bb<\/a><\/p>\n<p>\t<a href=\"http:\/\/www.lyonpoleimmo.com\/2025\/11\/19\/93013\/sil-ny-a-pas-deau-on-ne-fait-pas-de-chantier\/\" rel=\"bookmark noopener\" title=\"Lien Permanent vers \u00abS\u2019il n\u2019y a pas d\u2019eau, on ne fait pas de chantier\u00bb\" target=\"_blank\"><\/p>\n<p><img decoding=\"async\" src=\"https:\/\/www.europesays.com\/fr\/wp-content\/uploads\/2025\/12\/OlivierAubert.jpg\" \/>La FFB organisait en d\u00e9but de mois une matin\u00e9e sur la ressource en eau intitul\u00e9e \u00abSans eau sur les chantiers, pas de BTP !\u00bb. Nous revenons sur ce temps fort avec Olivier Aubert, pr\u00e9sident de la f\u00e9d\u00e9ration du BTP 74 et de la commission environnement et innovation \u00e0 la FFB AURA.<\/p>\n<p><\/a><\/p>\n<p>\t<a href=\"http:\/\/www.lyonpoleimmo.com\/2025\/11\/19\/93018\/plf-2026-la-capeb-se-felicite-du-vote-de-mesures\/\" rel=\"bookmark noopener\" title=\"Lien Permanent vers PLF 2026 : la CAPEB se f\u00e9licite du vote de mesures\" target=\"_blank\">PLF 2026 : la CAPEB se f\u00e9licite du vote de mesures<\/a><\/p>\n<p>\t<a href=\"http:\/\/www.lyonpoleimmo.com\/2025\/11\/19\/93018\/plf-2026-la-capeb-se-felicite-du-vote-de-mesures\/\" rel=\"bookmark noopener\" title=\"Lien Permanent vers PLF 2026 : la CAPEB se f\u00e9licite du vote de mesures\" target=\"_blank\"><\/p>\n<p>La conf\u00e9d\u00e9ration a indiqu\u00e9 avoir obtenu \u00abdes mesures cl\u00e9s pour relancer la r\u00e9novation des logements\u00a0\u00bb. Elle appelle \u00e0 leur adoption rapide et en l\u2019\u00e9tat<\/p>\n<p><\/a><\/p>\n<p>\t<a href=\"http:\/\/www.lyonpoleimmo.com\/2025\/11\/19\/93003\/lademe-et-la-ffb-signent-une-convention-cadre\/\" rel=\"bookmark noopener\" title=\"Lien Permanent vers L\u2019ADEME et la FFB signent une convention cadre\" target=\"_blank\">L\u2019ADEME et la FFB signent une convention cadre<\/a><\/p>\n<p>\t<a href=\"http:\/\/www.lyonpoleimmo.com\/2025\/11\/19\/93003\/lademe-et-la-ffb-signent-une-convention-cadre\/\" rel=\"bookmark noopener\" title=\"Lien Permanent vers L\u2019ADEME et la FFB signent une convention cadre\" target=\"_blank\"><\/p>\n<p>Celle-ci a \u00e9t\u00e9 sign\u00e9e ce mercredi au salon des maires et des collectivit\u00e9s locales.<\/p>\n<p><\/a><\/p>\n<p>\t<a href=\"http:\/\/www.lyonpoleimmo.com\/2025\/11\/18\/92987\/la-metropole-de-lyon-cree-la-cooperative-logement-dabord\/\" rel=\"bookmark noopener\" title=\"Lien Permanent vers La M\u00e9tropole de Lyon cr\u00e9e la coop\u00e9rative \u00ab Logement d\u2019Abord\u00bb\" target=\"_blank\">La M\u00e9tropole de Lyon cr\u00e9e la coop\u00e9rative \u00ab Logement d\u2019Abord\u00bb<\/a><\/p>\n<p>\t<a href=\"http:\/\/www.lyonpoleimmo.com\/2025\/11\/18\/92987\/la-metropole-de-lyon-cree-la-cooperative-logement-dabord\/\" rel=\"bookmark noopener\" title=\"Lien Permanent vers La M\u00e9tropole de Lyon cr\u00e9e la coop\u00e9rative \u00ab Logement d\u2019Abord\u00bb\" target=\"_blank\"><\/p>\n<p><img decoding=\"async\" src=\"https:\/\/www.europesays.com\/fr\/wp-content\/uploads\/2025\/06\/MetropolevueGaribaldi2.jpg\" alt=\"null\" \/>La M\u00e9tropole de Lyon a vot\u00e9 lundi \u00e0 l\u2019unanimit\u00e9 en faveur de la cr\u00e9ation d\u2019une coop\u00e9rative pour transformer des logements vacants en logements pour les plus pr\u00e9caires.<\/p>\n<p><\/a><\/p>\n<p>\t<a href=\"http:\/\/www.lyonpoleimmo.com\/2025\/11\/16\/92936\/le-statut-du-bailleur-prive-a-ete-adopte\/\" rel=\"bookmark noopener\" title=\"Lien Permanent vers Le statut du bailleur priv\u00e9 a \u00e9t\u00e9 adopt\u00e9\" target=\"_blank\">Le statut du bailleur priv\u00e9 a \u00e9t\u00e9 adopt\u00e9<\/a><\/p>\n<p>\t<a href=\"http:\/\/www.lyonpoleimmo.com\/2025\/11\/16\/92936\/le-statut-du-bailleur-prive-a-ete-adopte\/\" rel=\"bookmark noopener\" title=\"Lien Permanent vers Le statut du bailleur priv\u00e9 a \u00e9t\u00e9 adopt\u00e9\" target=\"_blank\"><\/p>\n<p><img decoding=\"async\" src=\"https:\/\/www.europesays.com\/fr\/wp-content\/uploads\/2025\/11\/immeubles72.jpg\" alt=\"null\" \/>Les d\u00e9put\u00e9s ont approuv\u00e9 vendredi la cr\u00e9ation de ce dispositif qui vise \u00e0 favoriser l\u2019investissement locatif.<\/p>\n<p><\/a><\/p>\n","protected":false},"excerpt":{"rendered":"(DR) BNP Paribas Immobilier Promotion et Vinci Immobilier livrent ce programme r\u00e9sidentiel situ\u00e9 dans le 7e arrondissement de&hellip;\n","protected":false},"author":2,"featured_media":572221,"comment_status":"","ping_status":"","sticky":false,"template":"","format":"standard","meta":{"footnotes":""},"categories":[1889],"tags":[5265,1111,11,2430,1777,674,1011,27,23563,2428,12,25],"class_list":{"0":"post-572220","1":"post","2":"type-post","3":"status-publish","4":"format-standard","5":"has-post-thumbnail","7":"category-lyon","8":"tag-abonnes","9":"tag-actu","10":"tag-actualites","11":"tag-auvergne-rhone-alpes","12":"tag-eu","13":"tag-europe","14":"tag-fr","15":"tag-france","16":"tag-lactualite-du-neuf","17":"tag-lyon","18":"tag-news","19":"tag-republique-francaise"},"share_on_mastodon":{"url":"https:\/\/pubeurope.com\/@fr\/115647728800407867","error":""},"_links":{"self":[{"href":"https:\/\/www.europesays.com\/fr\/wp-json\/wp\/v2\/posts\/572220","targetHints":{"allow":["GET"]}}],"collection":[{"href":"https:\/\/www.europesays.com\/fr\/wp-json\/wp\/v2\/posts"}],"about":[{"href":"https:\/\/www.europesays.com\/fr\/wp-json\/wp\/v2\/types\/post"}],"author":[{"embeddable":true,"href":"https:\/\/www.europesays.com\/fr\/wp-json\/wp\/v2\/users\/2"}],"replies":[{"embeddable":true,"href":"https:\/\/www.europesays.com\/fr\/wp-json\/wp\/v2\/comments?post=572220"}],"version-history":[{"count":0,"href":"https:\/\/www.europesays.com\/fr\/wp-json\/wp\/v2\/posts\/572220\/revisions"}],"wp:featuredmedia":[{"embeddable":true,"href":"https:\/\/www.europesays.com\/fr\/wp-json\/wp\/v2\/media\/572221"}],"wp:attachment":[{"href":"https:\/\/www.europesays.com\/fr\/wp-json\/wp\/v2\/media?parent=572220"}],"wp:term":[{"taxonomy":"category","embeddable":true,"href":"https:\/\/www.europesays.com\/fr\/wp-json\/wp\/v2\/categories?post=572220"},{"taxonomy":"post_tag","embeddable":true,"href":"https:\/\/www.europesays.com\/fr\/wp-json\/wp\/v2\/tags?post=572220"}],"curies":[{"name":"wp","href":"https:\/\/api.w.org\/{rel}","templated":true}]}}