{"id":572224,"date":"2025-12-02T02:59:27","date_gmt":"2025-12-02T02:59:27","guid":{"rendered":"https:\/\/www.europesays.com\/fr\/572224\/"},"modified":"2025-12-02T02:59:27","modified_gmt":"2025-12-02T02:59:27","slug":"greve-du-2-decembre-ratp-sncf-quel-impact-dans-les-transports-ce-mardi","status":"publish","type":"post","link":"https:\/\/www.europesays.com\/fr\/572224\/","title":{"rendered":"Gr\u00e8ve du 2\u00a0d\u00e9cembre\u00a0: RATP, SNCF\u2026 quel impact dans les transports ce mardi\u00a0?"},"content":{"rendered":"<p class=\"paragraph text_align_left lp-f-body-02\">La rue face \u00e0 un <a href=\"https:\/\/www.leparisien.fr\/politique\/quel-avenir-pour-le-budget-2026-balaye-a-lassemblee-22-11-2025-CKZRUDHPABEULDG6Q5TW6UHZFA.php\" rel=\"noopener\" target=\"_blank\">projet de loi de finances (PLF) 2026<\/a> \u00ab\u00a0socialement injuste\u00a0\u00bb. <a href=\"https:\/\/www.leparisien.fr\/economie\/greve-du-2-decembre-transports-administrations-ecoles-a-quelles-perturbations-sattendre-30-11-2025-RTOMIV64MBGCHMXYLTELV3IWIY.php\" target=\"_self\" rel=\"noopener\">Une nouvelle journ\u00e9e de mobilisation interprofessionnelle<\/a> est organis\u00e9e ce mardi 2\u00a0d\u00e9cembre \u00e0 l\u2019appel d\u2019<a href=\"https:\/\/www.leparisien.fr\/economie\/budget-2026-lintersyndicale-aiguise-ses-couteaux-pour-peser-sur-le-debat-13-10-2025-ST2BA35IOVB4HFP6T6Q2J7EGS4.php\" target=\"_self\" rel=\"noopener\">un front syndical<\/a> notamment compos\u00e9 de la CGT, la FSU et Solidaires.<\/p>\n<p class=\"paragraph text_align_left lp-f-body-02\">Les perturbations dans les transports devraient toutefois \u00eatre limit\u00e9es.<\/p>\n<p>Trains au niveau national<\/p>\n<p class=\"paragraph text_align_left lp-f-body-02\">Le trafic TGV devrait \u00eatre \u00ab\u00a0normal\u00a0\u00bb ce mardi, mais des \u00ab\u00a0perturbations locales\u00a0\u00bb sont \u00e0 pr\u00e9voir par ailleurs sur le r\u00e9seau grandes lignes Intercit\u00e9s et sur certains trains r\u00e9gionaux TER, en Occitanie notamment, a indiqu\u00e9 le minist\u00e8re des Transports dans un communiqu\u00e9.<\/p>\n<p>En \u00cele-de-France<\/p>\n<p class=\"paragraph text_align_left lp-f-body-02\">Le trafic du r\u00e9seau de m\u00e9tro, bus, tramway et RER g\u00e9r\u00e9 par la RATP devrait \u00eatre \u00ab\u00a0normal\u00a0\u00bb. Des \u00ab\u00a0perturbations\u00a0\u00bb sont simplement annonc\u00e9es sur la ligne du RER\u00a0C administr\u00e9e par la SNCF.<\/p>\n<p>Dans l\u2019a\u00e9rien<\/p>\n<p class=\"paragraph text_align_left lp-f-body-02\">Aucun impact n\u2019est pr\u00e9vu sur les programmes de vol, indique le minist\u00e8re des Transports.<\/p>\n<p>Transport routier<\/p>\n<p class=\"paragraph text_align_left lp-f-body-02\">\u00ab\u00a0Le mouvement devrait \u00eatre peu suivi par les agents des Directions interd\u00e9partementales des routes (DIR) et sans impact pour les usagers\u00a0\u00bb, pr\u00e9cise le minist\u00e8re.<\/p>\n","protected":false},"excerpt":{"rendered":"La rue face \u00e0 un projet de loi de finances (PLF) 2026 \u00ab\u00a0socialement injuste\u00a0\u00bb. Une nouvelle journ\u00e9e de&hellip;\n","protected":false},"author":2,"featured_media":572225,"comment_status":"","ping_status":"","sticky":false,"template":"","format":"standard","meta":{"footnotes":""},"categories":[1592],"tags":[1111,11,1777,674,1011,27,662,1944,12,626,25,2382],"class_list":{"0":"post-572224","1":"post","2":"type-post","3":"status-publish","4":"format-standard","5":"has-post-thumbnail","7":"category-ile-de-france","8":"tag-actu","9":"tag-actualites","10":"tag-eu","11":"tag-europe","12":"tag-fr","13":"tag-france","14":"tag-ile-de-france","15":"tag-ma-ville","16":"tag-news","17":"tag-paris","18":"tag-republique-francaise","19":"tag-transport-idf-oise"},"share_on_mastodon":{"url":"https:\/\/pubeurope.com\/@fr\/115647739493829286","error":""},"_links":{"self":[{"href":"https:\/\/www.europesays.com\/fr\/wp-json\/wp\/v2\/posts\/572224","targetHints":{"allow":["GET"]}}],"collection":[{"href":"https:\/\/www.europesays.com\/fr\/wp-json\/wp\/v2\/posts"}],"about":[{"href":"https:\/\/www.europesays.com\/fr\/wp-json\/wp\/v2\/types\/post"}],"author":[{"embeddable":true,"href":"https:\/\/www.europesays.com\/fr\/wp-json\/wp\/v2\/users\/2"}],"replies":[{"embeddable":true,"href":"https:\/\/www.europesays.com\/fr\/wp-json\/wp\/v2\/comments?post=572224"}],"version-history":[{"count":0,"href":"https:\/\/www.europesays.com\/fr\/wp-json\/wp\/v2\/posts\/572224\/revisions"}],"wp:featuredmedia":[{"embeddable":true,"href":"https:\/\/www.europesays.com\/fr\/wp-json\/wp\/v2\/media\/572225"}],"wp:attachment":[{"href":"https:\/\/www.europesays.com\/fr\/wp-json\/wp\/v2\/media?parent=572224"}],"wp:term":[{"taxonomy":"category","embeddable":true,"href":"https:\/\/www.europesays.com\/fr\/wp-json\/wp\/v2\/categories?post=572224"},{"taxonomy":"post_tag","embeddable":true,"href":"https:\/\/www.europesays.com\/fr\/wp-json\/wp\/v2\/tags?post=572224"}],"curies":[{"name":"wp","href":"https:\/\/api.w.org\/{rel}","templated":true}]}}