{"id":572226,"date":"2025-12-02T03:00:31","date_gmt":"2025-12-02T03:00:31","guid":{"rendered":"https:\/\/www.europesays.com\/fr\/572226\/"},"modified":"2025-12-02T03:00:31","modified_gmt":"2025-12-02T03:00:31","slug":"deux-adolescents-mis-en-examen-a-paris-et-ecroues-pour-un-projet-dattaque-antisemite","status":"publish","type":"post","link":"https:\/\/www.europesays.com\/fr\/572226\/","title":{"rendered":"Deux adolescents mis en examen \u00e0 Paris et \u00e9crou\u00e9s pour un projet d&rsquo;attaque \u00ab\u00a0antis\u00e9mite\u00a0\u00bb"},"content":{"rendered":"<p class=\"article-p mdl\">Deux mineurs ont \u00e9t\u00e9 mis en examen \u00e0 Paris et \u00e9crou\u00e9s pour un projet d&rsquo;attaque \u00ab\u00a0antis\u00e9mite\u00a0\u00bb, a-t-on appris ce lundi 1er d\u00e9cembre de source proche du dossier, confirmant une information du Parisien. Les deux mineurs sont mis en examen pour \u00ab\u00a0participation \u00e0 une association de malfaiteurs terroriste en vue de la pr\u00e9paration d&rsquo;un ou plusieurs crimes d&rsquo;atteinte aux personnes\u00a0\u00bb, a pr\u00e9cis\u00e9 <strong>le parquet national antiterroriste (Pnat) <\/strong>dans un communiqu\u00e9.<\/p>\n<p class=\"article-p mdl\">Ces deux adolescents souhaitaient visiblement s&rsquo;en prendre \u00e0 la communaut\u00e9 juive sans qu&rsquo;aucune cible ne soit r\u00e9ellement pr\u00e9cis\u00e9e. Dans un groupe WhatsApp intitul\u00e9 \u00ab\u00a0100\u00a0\u00bb, les messages du plus jeune &#8211; \u00e2g\u00e9 de 16 ans, n\u00e9 en Tch\u00e9tch\u00e9nie, habitant \u00e0 Strasbourg et arriv\u00e9 il y a quatre ans en France avec sa m\u00e8re &#8211; apparaissent sans \u00e9quivoque m\u00eame si son fran\u00e7ais est bancal. Il parle de \u00ab\u00a0tuer des m\u00e9cr\u00e9ants dans ce qu&rsquo;il appelle \u00ab\u00a0une \u00e9glise\u00a0\u00bb juive\u00a0\u00bb. Il est reproch\u00e9 \u00e0 l&rsquo;autre adolescent, un Fran\u00e7ais de 17 ans, d&rsquo;avoir approuv\u00e9 ce projet d&rsquo;action violente et d&rsquo;avoir lui-m\u00eame tenu des propos haineux \u00e0 l&rsquo;encontre des juifs.\u00a0<\/p>\n<p class=\"article-p mdl\">Le plus jeune a \u00e9t\u00e9 interpell\u00e9 dans le Bas-Rhin, le plus \u00e2g\u00e9 en r\u00e9gion parisienne o\u00f9 il est apprenti. Tous deux ont \u00e9t\u00e9 mis en examen et plac\u00e9s en d\u00e9tention provisoire. Au total, 20 mineurs ont \u00e9t\u00e9 mis en examen\u00a0depuis le 1er janvier 2025 pour une infraction de nature terroriste, dans le cadre de proc\u00e9dures suivies par le Pnat.<\/p>\n<p>    La r\u00e9daction vous recommande<\/p>\n<p class=\"s-newsletter__title\">\n                L\u2019actualit\u00e9 par la r\u00e9daction de RTL dans votre bo\u00eete mail.\n            <\/p>\n<p class=\"s-newsletter__subtitle\">\n                Gr\u00e2ce \u00e0 votre compte RTL abonnez-vous \u00e0 la newsletter RTL info pour suivre toute l&rsquo;actualit\u00e9 au quotidien\n            <\/p>\n<p>\n                                    Lire la suite\n                                <\/p>\n","protected":false},"excerpt":{"rendered":"Deux mineurs ont \u00e9t\u00e9 mis en examen \u00e0 Paris et \u00e9crou\u00e9s pour un projet d&rsquo;attaque \u00ab\u00a0antis\u00e9mite\u00a0\u00bb, a-t-on appris&hellip;\n","protected":false},"author":2,"featured_media":520431,"comment_status":"","ping_status":"","sticky":false,"template":"","format":"standard","meta":{"footnotes":""},"categories":[1888],"tags":[1111,1928,11,1927,6155,1777,674,118,107,1011,27,12,1926,626,1925,1072,25],"class_list":{"0":"post-572226","1":"post","2":"type-post","3":"status-publish","4":"format-standard","5":"has-post-thumbnail","7":"category-paris","8":"tag-actu","9":"tag-actu-paris","10":"tag-actualites","11":"tag-actualites-paris","12":"tag-antisemitisme","13":"tag-eu","14":"tag-europe","15":"tag-faits-divers","16":"tag-fil-info","17":"tag-fr","18":"tag-france","19":"tag-news","20":"tag-news-paris","21":"tag-paris","22":"tag-paris-news","23":"tag-police","24":"tag-republique-francaise"},"share_on_mastodon":{"url":"https:\/\/pubeurope.com\/@fr\/115647743469927150","error":""},"_links":{"self":[{"href":"https:\/\/www.europesays.com\/fr\/wp-json\/wp\/v2\/posts\/572226","targetHints":{"allow":["GET"]}}],"collection":[{"href":"https:\/\/www.europesays.com\/fr\/wp-json\/wp\/v2\/posts"}],"about":[{"href":"https:\/\/www.europesays.com\/fr\/wp-json\/wp\/v2\/types\/post"}],"author":[{"embeddable":true,"href":"https:\/\/www.europesays.com\/fr\/wp-json\/wp\/v2\/users\/2"}],"replies":[{"embeddable":true,"href":"https:\/\/www.europesays.com\/fr\/wp-json\/wp\/v2\/comments?post=572226"}],"version-history":[{"count":0,"href":"https:\/\/www.europesays.com\/fr\/wp-json\/wp\/v2\/posts\/572226\/revisions"}],"wp:featuredmedia":[{"embeddable":true,"href":"https:\/\/www.europesays.com\/fr\/wp-json\/wp\/v2\/media\/520431"}],"wp:attachment":[{"href":"https:\/\/www.europesays.com\/fr\/wp-json\/wp\/v2\/media?parent=572226"}],"wp:term":[{"taxonomy":"category","embeddable":true,"href":"https:\/\/www.europesays.com\/fr\/wp-json\/wp\/v2\/categories?post=572226"},{"taxonomy":"post_tag","embeddable":true,"href":"https:\/\/www.europesays.com\/fr\/wp-json\/wp\/v2\/tags?post=572226"}],"curies":[{"name":"wp","href":"https:\/\/api.w.org\/{rel}","templated":true}]}}