{"id":572227,"date":"2025-12-02T03:02:28","date_gmt":"2025-12-02T03:02:28","guid":{"rendered":"https:\/\/www.europesays.com\/fr\/572227\/"},"modified":"2025-12-02T03:02:28","modified_gmt":"2025-12-02T03:02:28","slug":"10-creations-pour-un-moment-magique","status":"publish","type":"post","link":"https:\/\/www.europesays.com\/fr\/572227\/","title":{"rendered":"10 cr\u00e9ations pour un moment magique !"},"content":{"rendered":"<p>\t\t\t\t\t\t\t\t\t\t\t\t\t\t\t\t\t\t\t\t\t\t<img loading=\"lazy\" decoding=\"async\" src=\"https:\/\/www.europesays.com\/fr\/wp-content\/uploads\/2025\/12\/COUV-ARTICLES-1620x1080-35-1024x683.jpg\" class=\"img-fluid\" alt=\"tea time lutetia\" width=\"1024\" height=\"683\"\/><\/p>\n<p>    Save<\/p>\n<p>Le <b>Chef Nicolas Guercio<\/b> vous invite \u00e0 une parenth\u00e8se enchant\u00e9e au c\u0153ur de <b>Saint-Germain-des-Pr\u00e9s<\/b>. D\u00e9couvrez le <b>Tea Time de No\u00ebl<\/b> \u00e0 l\u2019<b>H\u00f4tel Lutetia<\/b>, un rendez-vous gourmand qui r\u00e9unit 10 cr\u00e9ations sal\u00e9es et sucr\u00e9es, parfait pour les f\u00eates de fin d\u2019ann\u00e9e.<\/p>\n<p>L\u2019air devient plus frais, les guirlandes scintillent d\u00e9j\u00e0 sur les Champs-\u00c9lys\u00e9es, et l\u2019excitation des f\u00eates de fin d\u2019ann\u00e9e commence \u00e0 nous gagner ! Si vous \u00eates \u00e0 la recherche du spot id\u00e9al pour vous r \u00bbconforter tout en vous impr\u00e9gnant de la magie de <b>No\u00ebl \u00e0 Paris<\/b>, nous avons trouv\u00e9 l\u2019adresse qu\u2019il vous faut.<\/p>\n<p>Laissez-vous s\u00e9duire par l\u2019ambiance majestueuse de l\u2019<b>H\u00f4tel Lutetia<\/b>, o\u00f9 le talentueux <b>Chef P\u00e2tissier Nicolas Guercio<\/b> a imagin\u00e9 un moment de pur plaisir. Il s\u2019agit d\u2019un <b>Tea Time<\/b> exceptionnel, sp\u00e9cialement con\u00e7u pour c\u00e9l\u00e9brer cette p\u00e9riode festive, une v\u00e9ritable symphonie de saveurs qui vous fera oublier le froid de la capitale.<\/p>\n<p> Un voyage gourmand en 10 escales au Lutetia <\/p>\n<p>Oubliez la routine du go\u00fbter classique ! Le <b>Tea Time de No\u00ebl<\/b> propos\u00e9 par le Chef Guercio est une exp\u00e9rience compl\u00e8te, compos\u00e9e de <b>dix pi\u00e8ces<\/b> m\u00e9ticuleusement pens\u00e9es. Vous aurez l\u2019occasion de savourer <b>trois pi\u00e8ces sal\u00e9es<\/b> et <b>sept cr\u00e9ations sucr\u00e9es<\/b>, un \u00e9quilibre parfait pour un apr\u00e8s-midi gourmand.<\/p>\n<p>Chaque pi\u00e8ce sucr\u00e9e est une invitation \u00e0 d\u00e9couvrir une <b>famille diff\u00e9rente de la p\u00e2tisserie<\/b>. Ici, il n\u2019y a pas que des g\u00e2teaux. Le Chef a int\u00e9gr\u00e9 de la <b>glace<\/b>, de la <b>confiserie<\/b>, de la <b>viennoiserie<\/b>, et m\u00eame de la <b>tarte<\/b>. C\u2019est ce qui rend ce Tea Time si unique : \u00e0 chaque nouvelle saison, le Chef s\u2019efforce de <b>changer<\/b> et d\u2019amener toujours <b>quelque chose de diff\u00e9rent<\/b>.<\/p>\n<p>Parmi les incontournables de cette \u00e9dition festive, vous retrouverez des p\u00e9pites absolument irr\u00e9sistibles. Laissez-vous tenter par les c\u00e9l\u00e8bres <b>pattes de Lulu<\/b>, de mignonnes guimauves ourson qui font r\u00e9f\u00e9rence \u00e0 la <b>mascotte du Lutetia<\/b>. Pour les amateurs de classiques revisit\u00e9s, le Chef propose une <b>mini-b\u00fbche<\/b>, l\u2019incontournable <b>Mont-Blanc litchi<\/b> , et une <b>For\u00eat-Noire<\/b> audacieusement revisit\u00e9e et mont\u00e9e \u00e0 l\u2019envers. Bien s\u00fbr, l\u2019ind\u00e9modable <b>scone<\/b> est \u00e9galement de la partie, servi avec ses accompagnements.<\/p>\n<p>Ce moment est avant tout pens\u00e9 pour <b>passer du temps entre amis<\/b>. Imaginez-vous, install\u00e9s confortablement, avec une belle <b>tasse de th\u00e9<\/b> ou, pour ceux qui pr\u00e9f\u00e8rent l\u2019effervescence, une <b>petite coupe de champagne<\/b>, tout en admirant la d\u00e9coration f\u00e9\u00e9rique de l\u2019h\u00f4tel. C\u2019est l\u2019\u00e9vasion gourmande parfaite en plein c\u0153ur du <b>6e arrondissement<\/b>.<\/p>\n<p>Peut-\u00eatre que \u00e7a vous plaira aussi\u2026 si vous \u00eates dans le quartier, profitez-en pour fl\u00e2ner dans les ruelles de <b>Saint-Germain-des-Pr\u00e9s<\/b> et d\u00e9couvrir les vitrines des galeries d\u2019art et des librairies iconiques comme la c\u00e9l\u00e8bre <b>librairie Assouline<\/b>.<\/p>\n<p> Informations pratiques <\/p>\n<p>Si vous \u00eates pr\u00eat \u00e0 vous laisser tenter par cette \u00e9chapp\u00e9e belle sucr\u00e9e et sal\u00e9e, voici tout ce que vous devez savoir.<\/p>\n<p>\ud83d\udccd Le Tea Time est servi \u00e0 l\u2019<b>H\u00f4tel Lutetia<\/b>, situ\u00e9 au <b>45 Boulevard Raspail, 75006 Paris<\/b>.<br \/>\ud83d\udcc5 Le <b>Tea Time de No\u00ebl<\/b> est disponible d\u00e8s ce week-end et se prolongera jusqu\u2019au <b>4 janvier 2026<\/b>.<br \/>\u23f0 Il est vivement conseill\u00e9 de <b>r\u00e9server votre table<\/b> \u00e0 l\u2019avance pour vous assurer une place, surtout en p\u00e9riode de f\u00eates.<\/p>\n","protected":false},"excerpt":{"rendered":"Save Le Chef Nicolas Guercio vous invite \u00e0 une parenth\u00e8se enchant\u00e9e au c\u0153ur de Saint-Germain-des-Pr\u00e9s. D\u00e9couvrez le Tea&hellip;\n","protected":false},"author":2,"featured_media":572228,"comment_status":"","ping_status":"","sticky":false,"template":"","format":"standard","meta":{"footnotes":""},"categories":[1888],"tags":[1111,1928,11,1927,1777,674,1011,27,12,1926,626,1925,25],"class_list":{"0":"post-572227","1":"post","2":"type-post","3":"status-publish","4":"format-standard","5":"has-post-thumbnail","7":"category-paris","8":"tag-actu","9":"tag-actu-paris","10":"tag-actualites","11":"tag-actualites-paris","12":"tag-eu","13":"tag-europe","14":"tag-fr","15":"tag-france","16":"tag-news","17":"tag-news-paris","18":"tag-paris","19":"tag-paris-news","20":"tag-republique-francaise"},"share_on_mastodon":{"url":"https:\/\/pubeurope.com\/@fr\/115647752015589832","error":""},"_links":{"self":[{"href":"https:\/\/www.europesays.com\/fr\/wp-json\/wp\/v2\/posts\/572227","targetHints":{"allow":["GET"]}}],"collection":[{"href":"https:\/\/www.europesays.com\/fr\/wp-json\/wp\/v2\/posts"}],"about":[{"href":"https:\/\/www.europesays.com\/fr\/wp-json\/wp\/v2\/types\/post"}],"author":[{"embeddable":true,"href":"https:\/\/www.europesays.com\/fr\/wp-json\/wp\/v2\/users\/2"}],"replies":[{"embeddable":true,"href":"https:\/\/www.europesays.com\/fr\/wp-json\/wp\/v2\/comments?post=572227"}],"version-history":[{"count":0,"href":"https:\/\/www.europesays.com\/fr\/wp-json\/wp\/v2\/posts\/572227\/revisions"}],"wp:featuredmedia":[{"embeddable":true,"href":"https:\/\/www.europesays.com\/fr\/wp-json\/wp\/v2\/media\/572228"}],"wp:attachment":[{"href":"https:\/\/www.europesays.com\/fr\/wp-json\/wp\/v2\/media?parent=572227"}],"wp:term":[{"taxonomy":"category","embeddable":true,"href":"https:\/\/www.europesays.com\/fr\/wp-json\/wp\/v2\/categories?post=572227"},{"taxonomy":"post_tag","embeddable":true,"href":"https:\/\/www.europesays.com\/fr\/wp-json\/wp\/v2\/tags?post=572227"}],"curies":[{"name":"wp","href":"https:\/\/api.w.org\/{rel}","templated":true}]}}