{"id":572231,"date":"2025-12-02T03:04:14","date_gmt":"2025-12-02T03:04:14","guid":{"rendered":"https:\/\/www.europesays.com\/fr\/572231\/"},"modified":"2025-12-02T03:04:14","modified_gmt":"2025-12-02T03:04:14","slug":"noel-a-paris-les-incontournables-et-les-secrets-des-parisiens-a-faire-avant-la-fin-des-fetes","status":"publish","type":"post","link":"https:\/\/www.europesays.com\/fr\/572231\/","title":{"rendered":"No\u00ebl \u00e0 Paris : les incontournables (et les secrets des Parisiens) \u00e0 faire avant la fin des f\u00eates"},"content":{"rendered":"<p>\u00c0 peine les premi\u00e8res guirlandes allum\u00e9es, Paris bascule dans un<br \/>\nautre rythme. Entre <strong>patinoires g\u00e9antes<\/strong>, parcours<br \/>\nlumineux, march\u00e9s de cr\u00e9ateurs et d\u00eeners sur la Seine, la capitale<br \/>\nencha\u00eene les rendez-vous de fin d\u2019ann\u00e9e jusqu\u2019aux premi\u00e8res<br \/>\nsemaines de 2026.<\/p>\n<p>Que vous cherchiez <strong>que faire \u00e0 No\u00ebl \u00e0 Paris<\/strong> en<br \/>\nfamille, en couple ou entre amis, la saison 2025-2026 ressemble \u00e0<br \/>\nune to-do list \u00e0 cocher avant qu\u2019elle ne file : glisse en plein<br \/>\nair, balades sous les lumi\u00e8res, <strong>march\u00e9s de No\u00ebl<\/strong><br \/>\ngourmands, adresses bien gard\u00e9es des Parisiens et grandes soir\u00e9es<br \/>\nde r\u00e9veillon.<\/p>\n<p>Que faire \u00e0 No\u00ebl \u00e0 Paris 2025 : balades illumin\u00e9es et march\u00e9s<br \/>\nde No\u00ebl<\/p>\n<p>Pour commencer, rien ne remplace une balade au grand air. Chaque<br \/>\nhiver, \u00ab\u00a0les grands magasins de Paris sortent leurs plus belles<br \/>\nd\u00e9corations de No\u00ebl\u00a0\u00bb, rappelle Paris Secret, et les vitrines du<br \/>\nBHV, de la Samaritaine, du Bon March\u00e9, du Printemps Haussmann ou<br \/>\ndes Galeries Lafayette attirent les passants boulevard Haussmann et<br \/>\nrive gauche. Aux Galeries, le sapin g\u00e9ant sous la coupole offre \u00ab\u00a0un<br \/>\nspectacle f\u00e9\u00e9rique gratuit dont on ne se lasse pas\u00a0\u00bb. L<\/p>\n<p>es rues suivent le mouvement : plus de 400 arbres s\u2019illuminent<br \/>\nsur les Champs-\u00c9lys\u00e9es, l\u2019avenue Montaigne scintille, la place<br \/>\nVend\u00f4me, le Faubourg Saint-Honor\u00e9, Bercy Village, Montmartre ou<br \/>\nSaint-Germain-des-Pr\u00e9s prennent leurs airs de carte postale. Pour<br \/>\nun autre regard sur ces illuminations de No\u00ebl \u00e0 Paris, France<br \/>\nTourisme et Tootbus proposent des circuits en bus \u00e0 imp\u00e9riale ou en<br \/>\nbateau, comme l\u2019\u00a0\u00bbIllumination de No\u00ebl \u00e0 Paris en bus \u00e0 imp\u00e9riale\u00a0\u00bb<br \/>\nou la \u00ab\u00a0Croisi\u00e8re Go\u00fbter de No\u00ebl &#8211; Canal Saint Martin et Seine\u00a0\u00bb, qui<br \/>\ncombinent monuments illumin\u00e9s, commentaires multilingues et parfois<br \/>\ntranche de pain d\u2019\u00e9pice \u00e0 bord.<\/p>\n<p>Les <strong>march\u00e9s de No\u00ebl \u00e0 Paris 2025<\/strong> prennent le<br \/>\nrelais d\u00e8s la mi-novembre. La \u00ab\u00a0Magie de No\u00ebl\u00a0\u00bb du Jardin des<br \/>\nTuileries, avec pr\u00e8s de 100 chalets, patinoire en plein air,<br \/>\nman\u00e8ges et pr\u00e9sence du P\u00e8re No\u00ebl, s\u2019\u00e9tend jusqu\u2019au 4 janvier 2026<br \/>\ndans un cadre historique entre Louvre et place de la Concorde. Sur<br \/>\nle parvis de La D\u00e9fense, le plus grand march\u00e9 de No\u00ebl<br \/>\nd\u2019\u00cele-de-France aligne pr\u00e8s de 200 exposants entre lumi\u00e8res<br \/>\nscintillantes, artisanat traditionnel et stands gourmands. Plus<br \/>\nintimistes, le march\u00e9 de No\u00ebl de Notre-Dame, sur le square<br \/>\nRen\u00e9-Viviani, met l\u2019artisanat fran\u00e7ais et la gastronomie de nos<br \/>\nr\u00e9gions \u00e0 l\u2019honneur, tout comme le march\u00e9 100 % alsacien de la gare<br \/>\nde l\u2019Est, enti\u00e8rement d\u00e9di\u00e9 aux sp\u00e9cialit\u00e9s venues d\u2019Alsace, des<br \/>\nbretzels aux flammekueches en passant par la choucroute et les<br \/>\npains d\u2019\u00e9pices, parfois propos\u00e9s en d\u00e9gustation.<\/p>\n<p>Patinoires de No\u00ebl, parcs d\u2019attractions et escapades en<br \/>\nfamille<\/p>\n<p>C\u00f4t\u00e9 glisse, la saison 2025-2026 aligne des <strong>patinoires<br \/>\nde No\u00ebl \u00e0 Paris<\/strong> impressionnantes. Au parc Andr\u00e9-Citro\u00ebn,<br \/>\nla patinoire \u00ab\u00a0Patins en folie\u00a0\u00bb annonce \u00ab\u00a0600 m\u00e8tres carr\u00e9s de vraie<br \/>\nglace\u00a0\u00bb et neuf chalets pour les envies sal\u00e9es ou sucr\u00e9es, avec des<br \/>\nsessions jusqu\u2019en janvier 2026. Au Jardin des Tuileries, la<br \/>\npatinoire de 1 200 m\u00b2 en plein air s\u2019int\u00e8gre \u00e0 la f\u00eate foraine et \u00e0<br \/>\nla Grande Roue, tandis que le march\u00e9 de No\u00ebl de La D\u00e9fense ajoute<br \/>\nune patinoire \u00e0 son village de chalets. D\u2019autres pistes compl\u00e8tent<br \/>\nle programme, du toit du Printemps Haussmann \u00e0 l\u2019Accor Arena en<br \/>\npassant par le Forum des Halles et le village de No\u00ebl du<br \/>\nChamp-de-Mars, sans oublier la patinoire \u00e9ph\u00e9m\u00e8re du Ch\u00e2teau de<br \/>\nVaux-le-Vicomte, install\u00e9e dans un domaine baign\u00e9 de lumi\u00e8res<br \/>\nscintillantes qui plonge les visiteurs dans un v\u00e9ritable conte de<br \/>\nNo\u00ebl.<\/p>\n<p>Les plus beaux villages de No\u00ebl, march\u00e9s, parcs et animations \u00e0<br \/>\nne pas manquer<\/p>\n<p>Pour prolonger cette ambiance glac\u00e9e en famille, certains<br \/>\nquartiers se transforment en v\u00e9ritables stations d\u2019hiver. Le march\u00e9<br \/>\nde No\u00ebl de Montmartre, sur la place des Abbesses, rassemble une<br \/>\nvingtaine de chalets en bois d\u00e9di\u00e9s au terroir et aux douceurs de<br \/>\nsaison au pied du Sacr\u00e9-C\u0153ur, tandis que le Village de No\u00ebl de<br \/>\nSaint-Germain-des-Pr\u00e9s, autour de l\u2019\u00e9glise, propose bretzels,<br \/>\ntartiflette, vin chaud et cadeaux artisanaux.<\/p>\n<p>Les F\u00e9eries d\u2019Auteuil m\u00ealent concours de cr\u00e8ches, concerts,<br \/>\nanimations pour enfants et vente de sapins, alors que le march\u00e9<br \/>\n\u00ab\u00a0Klin d\u2019\u0153il\u00a0\u00bb au Carreau du Temple fait la part belle aux cr\u00e9ateurs<br \/>\nmode et d\u00e9co. Plus au nord-est, le Village de No\u00ebl suisse de La<br \/>\nVillette installe chalets, street food, Chalet \u00e0 fondue, man\u00e8ge<br \/>\nr\u00e9tro et concerts autour de la Fontaine-aux-Lions. Pour une journ\u00e9e<br \/>\ncompl\u00e8te, le Parc Ast\u00e9rix c\u00e9l\u00e8bre \u00ab\u00a0No\u00ebl au Parc Ast\u00e9rix 2025-2026\u00a0\u00bb<br \/>\navec nouvelle patinoire, march\u00e9 \u00e9tendu et spectacles, Disneyland<br \/>\nParis d\u00e9roule \u00ab\u00a0Disney\u2019s Enchanted Christmas\u00a0\u00bb entre le 8 novembre<br \/>\n2025 et le 6 janvier 2026, et le Jardin d\u2019Acclimatation version<br \/>\nhiver combine man\u00e8ges de saison, rencontres avec le P\u00e8re No\u00ebl et<br \/>\nfestival de lanternes.<\/p>\n<p>Parcours lumineux, adresses m\u00e9connues et soir\u00e9es de No\u00ebl \u00e0<br \/>\nParis<\/p>\n<p>Au-del\u00e0 des stands et des parcs, plusieurs parcours lumineux<br \/>\ntransforment les soir\u00e9es d\u2019hiver. Quand le froid tombe, le Jardin<br \/>\nd\u2019Acclimatation s\u2019embrase pour \u00ab\u00a0Le Japon en Lumi\u00e8res\u00a0\u00bb, troisi\u00e8me<br \/>\n\u00e9dition d\u2019un festival de lanternes qui r\u00e9unit 2 000 lampions du<br \/>\nMont Fuji aux rues anim\u00e9es de Tokyo, avec en prime des foodcourts<br \/>\nconsacr\u00e9s \u00e0 la gastronomie japonaise, des ramens aux gyozas,<br \/>\nyakitoris et mochis. Dans l\u2019est parisien, \u00ab\u00a0L\u2019Odyss\u00e9e Lumineuse\u00a0\u00bb<br \/>\ninstalle au Parc Floral un vaste itin\u00e9raire ponctu\u00e9 de lanternes<br \/>\nmonumentales, d\u2019un spectacle de drones et d\u2019effets d\u2019aurores<br \/>\nbor\u00e9ales, tandis que \u00ab\u00a0Lumi\u00e8res en Seine\u00a0\u00bb convertit le Domaine<br \/>\nnational de Saint-Cloud en promenade nocturne de 2 km entre jeux de<br \/>\nlumi\u00e8re et esprit de No\u00ebl.<\/p>\n<p>Autour de la capitale, le Mus\u00e9e de l\u2019Outil, dans le Val-d\u2019Oise,<br \/>\nillumine son jardin pour les f\u00eates, l\u2019\u00cele de Loisirs de<br \/>\nJablines-Annet accueille \u00ab\u00a0L\u2019Extraordinaire Maison du P\u00e8re No\u00ebl\u00a0\u00bb,<br \/>\nqui se pr\u00e9sente comme la plus grande maison du P\u00e8re No\u00ebl d\u2019Europe<br \/>\navec 15 pi\u00e8ces th\u00e9matiques, et le Mus\u00e9e des Arts forains organise<br \/>\npendant dix jours son festival du merveilleux entre f\u00eate foraine<br \/>\nBelle \u00c9poque, automates, man\u00e8ges anciens et spectacles.<\/p>\n<p>C\u00f4t\u00e9 soir\u00e9es, les concerts Candlelight et le Festival Sacr\u00e9e<br \/>\nMusique misent sur des programmes classiques, baroques, gospel ou<br \/>\npop \u00e9clair\u00e9s \u00e0 la bougie dans des \u00e9glises et lieux patrimoniaux,<br \/>\ntandis qu\u2019une exp\u00e9rience de th\u00e9\u00e2tre immersif au 101 boulevard<br \/>\nRaspail plonge le public dans un proc\u00e8s o\u00f9 chaque spectateur<br \/>\ndevient jur\u00e9 et influe sur le verdict final.<\/p>\n<p>No\u00ebl \u00e0 Paris 2025, les meilleures<br \/>\nadresses pour se r\u00e9chauffer<\/p>\n<p>Pour souffler au chaud entre deux balades, quelques adresses<br \/>\ngourmandes et soir\u00e9es d\u2019exception compl\u00e8tent la liste des choses \u00e0<br \/>\nfaire \u00e0 No\u00ebl \u00e0 Paris. \u00c0 Montmartre, l\u2019h\u00f4tel Monsieur Aristide<br \/>\ninstalle un chalet savoyard discret, avec terrasse cosy et<br \/>\nchauff\u00e9e, o\u00f9 l\u2019on partage raclette de Savoie, Morbier au lait cru,<br \/>\nfromages fum\u00e9s ou \u00e0 la truffe accompagn\u00e9s de vin de Savoie. Dans le<br \/>\nMarais, le plus vieux salon de th\u00e9 de Paris, Mariage Fr\u00e8res, sert<br \/>\nun tea time hivernal avec p\u00e2tisseries et cr\u00e9ations sal\u00e9es infus\u00e9es<br \/>\nau th\u00e9, tandis que le caf\u00e9 Angelina, rue de Rivoli, reste une<br \/>\nr\u00e9f\u00e9rence pour un chocolat chaud \u00e0 l\u2019ancienne, \u00e9pais et<br \/>\nr\u00e9confortant.<\/p>\n<p>Pour un cadeau original \u00e0 glisser sous le sapin, la boutique Le<br \/>\nChocolat des Fran\u00e7ais, avenue de l\u2019Op\u00e9ra, propose des chocolats<br \/>\nfabriqu\u00e9s en France \u00e0 partir d\u2019ingr\u00e9dients naturels et gourmands,<br \/>\ntous illustr\u00e9s par des artistes, des pralin\u00e9s aux rochers en<br \/>\npassant par les cr\u00eapes dentelles. Enfin, pour une soir\u00e9e de No\u00ebl ou<br \/>\nun r\u00e9veillon plus festif, France Tourisme recense une large palette<br \/>\nde d\u00e9jeuners ou d\u00eeners-croisi\u00e8res sur la Seine, de croisi\u00e8res<br \/>\nbistronomiques ou prestige, de d\u00eeners de r\u00e9veillon dans des<br \/>\nrestaurants typiques de Montmartre et de d\u00eeners-spectacles dans les<br \/>\ncabarets embl\u00e9matiques comme le Moulin Rouge, le Paradis Latin ou<br \/>\nle Crazy Horse, avec menus de f\u00eates, musique live et coupes de<br \/>\nchampagne face \u00e0 Paris illumin\u00e9.<\/p>\n","protected":false},"excerpt":{"rendered":"\u00c0 peine les premi\u00e8res guirlandes allum\u00e9es, Paris bascule dans un autre rythme. Entre patinoires g\u00e9antes, parcours lumineux, march\u00e9s&hellip;\n","protected":false},"author":2,"featured_media":572232,"comment_status":"","ping_status":"","sticky":false,"template":"","format":"standard","meta":{"footnotes":""},"categories":[1888],"tags":[11,1777,674,1011,27,63815,12,15830,626,25,65861],"class_list":{"0":"post-572231","1":"post","2":"type-post","3":"status-publish","4":"format-standard","5":"has-post-thumbnail","7":"category-paris","8":"tag-actualites","9":"tag-eu","10":"tag-europe","11":"tag-fr","12":"tag-france","13":"tag-marches-de-noel","14":"tag-news","15":"tag-noel","16":"tag-paris","17":"tag-republique-francaise","18":"tag-trend"},"share_on_mastodon":{"url":"https:\/\/pubeurope.com\/@fr\/115647759273033586","error":""},"_links":{"self":[{"href":"https:\/\/www.europesays.com\/fr\/wp-json\/wp\/v2\/posts\/572231","targetHints":{"allow":["GET"]}}],"collection":[{"href":"https:\/\/www.europesays.com\/fr\/wp-json\/wp\/v2\/posts"}],"about":[{"href":"https:\/\/www.europesays.com\/fr\/wp-json\/wp\/v2\/types\/post"}],"author":[{"embeddable":true,"href":"https:\/\/www.europesays.com\/fr\/wp-json\/wp\/v2\/users\/2"}],"replies":[{"embeddable":true,"href":"https:\/\/www.europesays.com\/fr\/wp-json\/wp\/v2\/comments?post=572231"}],"version-history":[{"count":0,"href":"https:\/\/www.europesays.com\/fr\/wp-json\/wp\/v2\/posts\/572231\/revisions"}],"wp:featuredmedia":[{"embeddable":true,"href":"https:\/\/www.europesays.com\/fr\/wp-json\/wp\/v2\/media\/572232"}],"wp:attachment":[{"href":"https:\/\/www.europesays.com\/fr\/wp-json\/wp\/v2\/media?parent=572231"}],"wp:term":[{"taxonomy":"category","embeddable":true,"href":"https:\/\/www.europesays.com\/fr\/wp-json\/wp\/v2\/categories?post=572231"},{"taxonomy":"post_tag","embeddable":true,"href":"https:\/\/www.europesays.com\/fr\/wp-json\/wp\/v2\/tags?post=572231"}],"curies":[{"name":"wp","href":"https:\/\/api.w.org\/{rel}","templated":true}]}}