{"id":572235,"date":"2025-12-02T03:06:22","date_gmt":"2025-12-02T03:06:22","guid":{"rendered":"https:\/\/www.europesays.com\/fr\/572235\/"},"modified":"2025-12-02T03:06:22","modified_gmt":"2025-12-02T03:06:22","slug":"lemissaire-americain-en-route-pour-rencontrer-vladimir-poutine","status":"publish","type":"post","link":"https:\/\/www.europesays.com\/fr\/572235\/","title":{"rendered":"L\u2019\u00e9missaire am\u00e9ricain en route pour rencontrer Vladimir Poutine"},"content":{"rendered":"<p class=\"sc-7c8a2665-13 eBhjlJ\">La Russie a revendiqu\u00e9 lundi la prise de la ville de Pokrovsk dans l\u2019est de l\u2019Ukraine, un noeud logistique cl\u00e9 pour les forces ukrainiennes, ainsi que celle de Vovtchansk dans le nord-est.<\/p>\n<p class=\"sc-7c8a2665-13 eBhjlJ\">\u00abLe chef de l\u2019\u00e9tat-major Valeri Guerassimov a rendu compte \u00e0 Vladimir Poutine de la lib\u00e9ration des villes de Krasnoarme\u00efsk (ndlr: le nom russe de Pokrovsk) et de Vovtchansk\u00bb, a indiqu\u00e9 le Kremlin sur Telegram. Selon le Kremlin, ce rapport a \u00e9t\u00e9 fait au pr\u00e9sident russe dimanche soir, mais l\u2019information a \u00e9t\u00e9 rendue publique lundi.<\/p>\n<p class=\"sc-7c8a2665-13 eBhjlJ\">Le minist\u00e8re russe de la D\u00e9fense a publi\u00e9 dans la foul\u00e9e une vid\u00e9o pr\u00e9sent\u00e9e comme montrant les soldats russes hissant leur drapeau sur la place centrale de Pokrovsk.<\/p>\n<p><img loading=\"lazy\" decoding=\"async\" src=\"https:\/\/www.europesays.com\/fr\/wp-content\/uploads\/2025\/12\/72a88844-5fb7-4610-8d54-4a3ea11212a1.jpg\" alt=\"La prise de Pokrovsk menace aussi d\u2019encerclement la garnison ukrainienne dans la ville voisine de Myrnograd.\" title=\"La prise de Pokrovsk menace aussi d\u2019encerclement la garnison ukrainienne dans la ville voisine de Myrnograd.\"  width=\"1200\" height=\"800\"\/>La prise de Pokrovsk menace aussi d\u2019encerclement la garnison ukrainienne dans la ville voisine de Myrnograd.AFP (image d&rsquo;archives)<\/p>\n<p class=\"sc-7c8a2665-13 eBhjlJ\">Les combats pour Pokrovsk, qui comptait quelque 60&rsquo;000 habitants avant la guerre, se d\u00e9roulent depuis de nombreux mois. Des centaines de soldats russes s\u2019\u00e9taient infiltr\u00e9s dans la ville \u00e0 partir de septembre, mettant \u00e0 mal les d\u00e9fenses ukrainiennes.<\/p>\n<p class=\"sc-7c8a2665-13 eBhjlJ\">Cette cit\u00e9 a une position strat\u00e9gique de premier plan, situ\u00e9e \u00e0 la crois\u00e9e de plusieurs routes et voies ferr\u00e9es conduisant aux derni\u00e8res places fortes des troupes ukrainiennes dans l\u2019est.<\/p>\n<p class=\"sc-7c8a2665-13 eBhjlJ\">Sa prise compliquera le ravitaillement des militaires ukrainiens ailleurs sur le front et offre aux soldats russes un tremplin pour avancer vers l\u2019ouest, o\u00f9 les d\u00e9fenses ukrainiennes sont plus \u00e9parses, et vers le nord, o\u00f9 se trouvent les grandes villes de Kramatorsk et de Sloviansk<\/p>\n","protected":false},"excerpt":{"rendered":"La Russie a revendiqu\u00e9 lundi la prise de la ville de Pokrovsk dans l\u2019est de l\u2019Ukraine, un noeud&hellip;\n","protected":false},"author":2,"featured_media":572236,"comment_status":"","ping_status":"","sticky":false,"template":"","format":"standard","meta":{"footnotes":""},"categories":[1590],"tags":[11,1777,674,12,220],"class_list":{"0":"post-572235","1":"post","2":"type-post","3":"status-publish","4":"format-standard","5":"has-post-thumbnail","7":"category-ukraine","8":"tag-actualites","9":"tag-eu","10":"tag-europe","11":"tag-news","12":"tag-ukraine"},"share_on_mastodon":{"url":"https:\/\/pubeurope.com\/@fr\/115647768070362969","error":""},"_links":{"self":[{"href":"https:\/\/www.europesays.com\/fr\/wp-json\/wp\/v2\/posts\/572235","targetHints":{"allow":["GET"]}}],"collection":[{"href":"https:\/\/www.europesays.com\/fr\/wp-json\/wp\/v2\/posts"}],"about":[{"href":"https:\/\/www.europesays.com\/fr\/wp-json\/wp\/v2\/types\/post"}],"author":[{"embeddable":true,"href":"https:\/\/www.europesays.com\/fr\/wp-json\/wp\/v2\/users\/2"}],"replies":[{"embeddable":true,"href":"https:\/\/www.europesays.com\/fr\/wp-json\/wp\/v2\/comments?post=572235"}],"version-history":[{"count":0,"href":"https:\/\/www.europesays.com\/fr\/wp-json\/wp\/v2\/posts\/572235\/revisions"}],"wp:featuredmedia":[{"embeddable":true,"href":"https:\/\/www.europesays.com\/fr\/wp-json\/wp\/v2\/media\/572236"}],"wp:attachment":[{"href":"https:\/\/www.europesays.com\/fr\/wp-json\/wp\/v2\/media?parent=572235"}],"wp:term":[{"taxonomy":"category","embeddable":true,"href":"https:\/\/www.europesays.com\/fr\/wp-json\/wp\/v2\/categories?post=572235"},{"taxonomy":"post_tag","embeddable":true,"href":"https:\/\/www.europesays.com\/fr\/wp-json\/wp\/v2\/tags?post=572235"}],"curies":[{"name":"wp","href":"https:\/\/api.w.org\/{rel}","templated":true}]}}