{"id":572239,"date":"2025-12-02T03:08:26","date_gmt":"2025-12-02T03:08:26","guid":{"rendered":"https:\/\/www.europesays.com\/fr\/572239\/"},"modified":"2025-12-02T03:08:26","modified_gmt":"2025-12-02T03:08:26","slug":"la-societe-dautopartage-zipcar-prevoit-de-cesser-ses-activites-au-royaume-uni","status":"publish","type":"post","link":"https:\/\/www.europesays.com\/fr\/572239\/","title":{"rendered":"La soci\u00e9t\u00e9 d&rsquo;autopartage Zipcar pr\u00e9voit de cesser ses activit\u00e9s au Royaume-Uni"},"content":{"rendered":"<p>La soci\u00e9t\u00e9 am\u00e9ricaine d&rsquo;autopartage Zipcar, filiale du groupe Avis Budget, a annonc\u00e9 lundi son intention de mettre fin \u00e0 ses activit\u00e9s au Royaume-Uni et de suspendre toute nouvelle r\u00e9servation au-del\u00e0 de la fin de l&rsquo;ann\u00e9e.<\/p>\n<p>L&rsquo;entreprise a pr\u00e9cis\u00e9 qu&rsquo;elle attendait de conna\u00eetre le calendrier de la fermeture de ses op\u00e9rations, celle-ci restant conditionn\u00e9e \u00e0 l&rsquo;issue de la consultation formelle avec ses employ\u00e9s britanniques.<\/p>\n<p>Aucune raison pr\u00e9cise n&rsquo;a \u00e9t\u00e9 avanc\u00e9e pour justifier la proposition de fermeture de ses activit\u00e9s au Royaume-Uni.<\/p>\n<p>Zipcar propose des services de location de voitures \u00e0 travers l&rsquo;Europe et l&rsquo;Am\u00e9rique du Nord, tant pour les \u00e9tudiants que pour les entreprises, et compte plus d&rsquo;un million de membres. La soci\u00e9t\u00e9 avait \u00e9t\u00e9 acquise par Avis Budget Group en 2013 pour environ 500 millions de dollars.<\/p>\n","protected":false},"excerpt":{"rendered":"La soci\u00e9t\u00e9 am\u00e9ricaine d&rsquo;autopartage Zipcar, filiale du groupe Avis Budget, a annonc\u00e9 lundi son intention de mettre fin&hellip;\n","protected":false},"author":2,"featured_media":2490,"comment_status":"","ping_status":"","sticky":false,"template":"","format":"standard","meta":{"footnotes":""},"categories":[1588],"tags":[11,340,1777,674,12,473,1853,1851,1850,1852],"class_list":{"0":"post-572239","1":"post","2":"type-post","3":"status-publish","4":"format-standard","5":"has-post-thumbnail","7":"category-royaume-uni","8":"tag-actualites","9":"tag-bourse","10":"tag-eu","11":"tag-europe","12":"tag-news","13":"tag-royaume-uni","14":"tag-royaume-uni-de-grande-bretagne-et-dirlande-du-nord","15":"tag-uk","16":"tag-united-kingdom","17":"tag-united-kingdom-of-great-britain-and-northern-ireland"},"share_on_mastodon":{"url":"https:\/\/pubeurope.com\/@fr\/115647775081141034","error":""},"_links":{"self":[{"href":"https:\/\/www.europesays.com\/fr\/wp-json\/wp\/v2\/posts\/572239","targetHints":{"allow":["GET"]}}],"collection":[{"href":"https:\/\/www.europesays.com\/fr\/wp-json\/wp\/v2\/posts"}],"about":[{"href":"https:\/\/www.europesays.com\/fr\/wp-json\/wp\/v2\/types\/post"}],"author":[{"embeddable":true,"href":"https:\/\/www.europesays.com\/fr\/wp-json\/wp\/v2\/users\/2"}],"replies":[{"embeddable":true,"href":"https:\/\/www.europesays.com\/fr\/wp-json\/wp\/v2\/comments?post=572239"}],"version-history":[{"count":0,"href":"https:\/\/www.europesays.com\/fr\/wp-json\/wp\/v2\/posts\/572239\/revisions"}],"wp:featuredmedia":[{"embeddable":true,"href":"https:\/\/www.europesays.com\/fr\/wp-json\/wp\/v2\/media\/2490"}],"wp:attachment":[{"href":"https:\/\/www.europesays.com\/fr\/wp-json\/wp\/v2\/media?parent=572239"}],"wp:term":[{"taxonomy":"category","embeddable":true,"href":"https:\/\/www.europesays.com\/fr\/wp-json\/wp\/v2\/categories?post=572239"},{"taxonomy":"post_tag","embeddable":true,"href":"https:\/\/www.europesays.com\/fr\/wp-json\/wp\/v2\/tags?post=572239"}],"curies":[{"name":"wp","href":"https:\/\/api.w.org\/{rel}","templated":true}]}}