{"id":572244,"date":"2025-12-02T03:11:13","date_gmt":"2025-12-02T03:11:13","guid":{"rendered":"https:\/\/www.europesays.com\/fr\/572244\/"},"modified":"2025-12-02T03:11:13","modified_gmt":"2025-12-02T03:11:13","slug":"donald-trump-affirme-avoir-eu-un-entretien-telephonique-avec-nicolas-maduro","status":"publish","type":"post","link":"https:\/\/www.europesays.com\/fr\/572244\/","title":{"rendered":"Donald Trump affirme avoir eu un entretien t\u00e9l\u00e9phonique avec Nicolas Maduro"},"content":{"rendered":"<p>Le pr\u00e9sident Donald Trump a d\u00e9clar\u00e9 avoir eu un entretien t\u00e9l\u00e9phonique avec le pr\u00e9sident v\u00e9n\u00e9zu\u00e9lien Nicolas Maduro, sans toutefois fournir de d\u00e9tails sur la teneur de cette conversation. Ces derniers jours, Donald Trump a laiss\u00e9 entendre que des op\u00e9rations am\u00e9ricaines pourraient avoir lieu sur le sol v\u00e9n\u00e9zu\u00e9lien, mais il s&rsquo;est abstenu de pr\u00e9ciser si les \u00c9tats-Unis lanceraient effectivement de telles actions, ni \u00e0 quel moment elles pourraient se produire. Le pr\u00e9sident am\u00e9ricain s&rsquo;est exprim\u00e9 devant des journalistes \u00e0 bord d&rsquo;Air Force One.<\/p>\n<p>Vid\u00e9os Bloomberg, fournies par MT Newswire<\/p>\n","protected":false},"excerpt":{"rendered":"Le pr\u00e9sident Donald Trump a d\u00e9clar\u00e9 avoir eu un entretien t\u00e9l\u00e9phonique avec le pr\u00e9sident v\u00e9n\u00e9zu\u00e9lien Nicolas Maduro, sans&hellip;\n","protected":false},"author":2,"featured_media":572245,"comment_status":"","ping_status":"","sticky":false,"template":"","format":"standard","meta":{"footnotes":""},"categories":[1586],"tags":[11,340,1777,674,1779,1011,27,12,25,1778,364],"class_list":{"0":"post-572244","1":"post","2":"type-post","3":"status-publish","4":"format-standard","5":"has-post-thumbnail","7":"category-europe","8":"tag-actualites","9":"tag-bourse","10":"tag-eu","11":"tag-europe","12":"tag-european-union","13":"tag-fr","14":"tag-france","15":"tag-news","16":"tag-republique-francaise","17":"tag-ue","18":"tag-union-europeenne"},"share_on_mastodon":{"url":"https:\/\/pubeurope.com\/@fr\/115647786789036465","error":""},"_links":{"self":[{"href":"https:\/\/www.europesays.com\/fr\/wp-json\/wp\/v2\/posts\/572244","targetHints":{"allow":["GET"]}}],"collection":[{"href":"https:\/\/www.europesays.com\/fr\/wp-json\/wp\/v2\/posts"}],"about":[{"href":"https:\/\/www.europesays.com\/fr\/wp-json\/wp\/v2\/types\/post"}],"author":[{"embeddable":true,"href":"https:\/\/www.europesays.com\/fr\/wp-json\/wp\/v2\/users\/2"}],"replies":[{"embeddable":true,"href":"https:\/\/www.europesays.com\/fr\/wp-json\/wp\/v2\/comments?post=572244"}],"version-history":[{"count":0,"href":"https:\/\/www.europesays.com\/fr\/wp-json\/wp\/v2\/posts\/572244\/revisions"}],"wp:featuredmedia":[{"embeddable":true,"href":"https:\/\/www.europesays.com\/fr\/wp-json\/wp\/v2\/media\/572245"}],"wp:attachment":[{"href":"https:\/\/www.europesays.com\/fr\/wp-json\/wp\/v2\/media?parent=572244"}],"wp:term":[{"taxonomy":"category","embeddable":true,"href":"https:\/\/www.europesays.com\/fr\/wp-json\/wp\/v2\/categories?post=572244"},{"taxonomy":"post_tag","embeddable":true,"href":"https:\/\/www.europesays.com\/fr\/wp-json\/wp\/v2\/tags?post=572244"}],"curies":[{"name":"wp","href":"https:\/\/api.w.org\/{rel}","templated":true}]}}